{"id":513494,"date":"2021-07-12T00:01:31","date_gmt":"2021-07-12T05:01:31","guid":{"rendered":"https:\/\/www.diarioimagen.net\/?p=513494"},"modified":"2021-07-12T05:27:20","modified_gmt":"2021-07-12T10:27:20","slug":"inauguran-el-hotel-xcaret-arte-con-el-colectivo-gastronomico-mas-atractivo-del-pais","status":"publish","type":"post","link":"https:\/\/www.diarioimagen.net\/?p=513494","title":{"rendered":"Inauguran el Hotel Xcaret Arte con el Colectivo Gastron\u00f3mico m\u00e1s atractivo del pa\u00eds"},"content":{"rendered":"<h2>De cinco estrellas<\/h2>\n<h5>Victoria Gonz\u00e1lez Prado<\/h5>\n<p><strong>\u00a0<\/strong><\/p>\n<ul>\n<li><strong><em>Juez de lo Civil orden\u00f3 el congelamiento de cuentas bancarias de Interjet y Miguel Alem\u00e1n Magnani <\/em><\/strong><\/li>\n<li><strong><em>Puntos de Recompensas Inbursa se podr\u00e1n transferir al programa de lealtad <\/em>Wyndham Rewards<\/strong><\/li>\n<\/ul>\n<p>&nbsp;<\/p>\n<div id=\"attachment_513576\" style=\"width: 470px\" class=\"wp-caption aligncenter\"><a href=\"https:\/\/www.diarioimagen.net\/?attachment_id=513576\" rel=\"attachment wp-att-513576\"><img loading=\"lazy\" decoding=\"async\" aria-describedby=\"caption-attachment-513576\" class=\"size-full wp-image-513576\" src=\"https:\/\/www.diarioimagen.net\/wp-content\/uploads\/2021\/07\/turismo-5.jpg\" alt=\"\" width=\"460\" height=\"270\" \/><\/a><p id=\"caption-attachment-513576\" class=\"wp-caption-text\">El hotel Xcaret Arte.<\/p><\/div>\n<p>&nbsp;<\/p>\n<p>Con la presencia de <strong>Miguel Quintana Pali<\/strong>, director general y presidente de Grupo Xcaret, se llev\u00f3 a cabo la inauguraci\u00f3n del Hotel Xcaret Arte, que cuenta con el Colectivo Gastron\u00f3mico m\u00e1s atractivo del pa\u00eds \u201cpara los paladares m\u00e1s exigentes\u201d.<\/p>\n<p>Para celebrar la apertura se llev\u00f3 a cabo cena exclusiva para socios y aliados comerciales en noche donde la gastronom\u00eda trascendi\u00f3 al arte.\u00a0<em>Xaak<\/em>, uno de los restaurantes del hotel, fue \u00a0el lugar de la\u00a0 celebraci\u00f3n culinaria, cuyo men\u00fa estuvo a\u00a0 cargo de los chefs del\u00a0<em>Colectivo Gastron\u00f3mico<\/em>, de la mano de reconocidos chefs internacionales invitados como:\u00a0<strong>Virgilio Mart\u00ednez<\/strong>, \u2013 2017 mejor chef del mundo y reconocido por su restaurante Central en Lima, Per\u00fa, tercer puesto dentro de los\u00a0<em>Latin America\u2019s 50 Best Restaurants\u2013 y\u00a0<\/em><strong>Quique Dacosta,\u00a0<\/strong>propietario del restaurante hom\u00f3nimo con tres Estrellas Michelin y tres Soles Repsol.<\/p>\n<p>Tambi\u00e9n estuvo el chef\u00a0<strong>Jordi Roca<\/strong>, uno de los reposteros m\u00e1s reconocidos a nivel mundial;\u00a0<strong>Ana Ros<\/strong>, considerada una de las mejores chefs del mundo y reconocida con dos Estrellas Michelin; representando al arte mexicano a trav\u00e9s de su gastronom\u00eda:\u00a0<strong>Martha Ortiz, Roberto Sol\u00eds, Alejandro Ru\u00edz, Carlos Gayt\u00e1n,<\/strong>\u00a0<strong>Paco M\u00e9ndez, Miguel Bautista, Luis Arzapalo, Josefina Santa Cruz, Orlando Trejo<\/strong>, chef ejecutivo de Hotel Xcaret M\u00e9xico y,\u00a0<strong>Jonat\u00e1n G\u00f3mez Luna y Franco Maddalozzo.<\/strong><\/p>\n<p>Los artistas m\u00e1s relevantes de la escena gastron\u00f3mica en M\u00e9xico llegan a ofrecer\u00a0 experiencias dise\u00f1adas para los sibaritas m\u00e1s exigentes que buscan disfrutar de las ra\u00edces mexicanas a trav\u00e9s de la alquimia generada por los ingredientes, sabores y texturas de cada platillo a trav\u00e9s de gran diversidad de restaurantes de autor que enaltecen la propuesta gastron\u00f3mica del inmueble.<\/p>\n<p>El chef\u00a0<strong>Paco M\u00e9ndez<\/strong>\u00a0\u2013galardonado con tes\u00a0Estrellas Michel\u00edn- est\u00e1 en Barcelona con en\u00a0Encanta, poniendo en alto a M\u00e9xico. Aunque para descubrir la fusi\u00f3n gastron\u00f3mica intercultural,\u00a0<strong>Jonat\u00e1n G\u00f3mez Luna<\/strong>, l\u00edder de nueva generaci\u00f3n de chefs a la conquista del mundo, se une a este colectivo gastron\u00f3mico con\u00a0Chino Poblano, cuyo concepto trae experiencia culinaria de forma divertida y sofisticada.<\/p>\n<p>El chef\u00a0<strong>Alejandro Ru\u00edz<\/strong>, creador de Casa Oaxaca, restaurante que recibi\u00f3\u00a0<em>Five Star Diamond Award<\/em>\u00a0por tres a\u00f1os consecutivos (2008\u20132010), con Cantina\u00a0<em>VI-AY-PI.<\/em> El chef\u00a0<strong>Roberto Sol\u00eds<\/strong>, referencia gastron\u00f3mica en Yucat\u00e1n propone suculenta a trav\u00e9s de\u00a0<strong>Kibi-Kibi\u00a0<\/strong>donde puedes disfrutar de la fusi\u00f3n del sabor yucateco y la gastronom\u00eda libanesa. Es\u00a0<strong>Roberto<\/strong>, junto con el\u00a0chef\u00a0<strong>Alejandro Ru\u00edz<\/strong>, quienes har\u00e1n la mancuerna perfecta para traer las herencias de sus ancestros mayas y zapotecas hasta la cocina de\u00a0<em>Xaak.<\/em><\/p>\n<p>Los sabores del Mediterr\u00e1neo llegan con la celebridad italo-mexicana, el chef\u00a0<strong>Franco Maddalozzo,<\/strong>\u00a0quien brinda saz\u00f3n trotamundos a trav\u00e9s de\u00a0Cayuco. El chef\u00a0<strong>Luis Arzapalo<\/strong> brinda arte gastron\u00f3mico oriental con\u00a0<em>Tah-Xido. <\/em>Si lo que buscas es<em> comfort\u00a0\u00a0 food<\/em>\u00a0de alto nivel; el chef\u00a0<strong>Orlando Trejo<\/strong>\u00a0celebra la gastronom\u00eda con ingredientes regionales en\u00a0<strong>Arenal.\u00a0<\/strong>Pensando en los gustos y necesidades de todos los hu\u00e9spedes, el\u00a0Hotel Xcaret Arte\u00a0ofrece lo mejor de lo mejor de la gastronom\u00eda vegana y vegetariana en cada uno de estos restaurantes, a trav\u00e9s de las creaciones del chef\u00a0Miguel Bautista,<strong>\u00a0<\/strong>autor del restaurante Bio en el\u00a0Hotel Xcaret M\u00e9xico.<\/p>\n<p>Cabe destacar que el inmueble\u00a0cuenta con lo mejor de la mixolog\u00eda contempor\u00e1nea en sus 10 bares. En el <em>Speakeasy<\/em>: El Deseo, donde se disfrutar\u00e1<em> jazz<\/em> en vivo; El Changarrito, color y diversi\u00f3n frente al mar; <em>Wet Bar<\/em> Casa de la M\u00fasica, <em>Wet Bar<\/em> Casa de la Pir\u00e1mide, <em>Wet Bar<\/em> Cayuco o en alguno de los <em>Rooftop Bar<\/em> que se encuentran en los cinco edificios, cada uno con propuesta musical distinta. Con esta oferta, todos los maridajes y degustaciones ser\u00e1n experiencia que revele los mejores sabores de todas y cada una de las propuestas culinarias.<\/p>\n<p>\u2730\u2730\u2730\u2730\u2730 Nadie imaginar\u00eda que Interjet fuera a desaparecer. Tan lamentable es para los fundadores de la aerol\u00ednea como para el personal de la compa\u00f1\u00eda a\u00e9rea.\u00a0 Hoy, <strong>Miguel Alem\u00e1n Magnani<\/strong>, atraviesa por conflicto derivado de adeudos y un juez de lo Civil del juzgado segundo de Distrito en Materia Civil en la Ciudad de M\u00e9xico orden\u00f3 el congelamiento de las cuentas bancarias ABC Aerol\u00edneas (o Interjet), las del propio <strong>Alem\u00e1n Magnani<\/strong>\u00a0 y el embargo de las marcas de Interjet y, \u201cel secuestro de los derechos de cr\u00e9dito como saldos o activos de cualquier producto cierto l\u00edquido y exigible, cualquier bien o saldo que tengan para recuperar el pago.<\/p>\n<p>El adeudo, de momento, es por 7 millones 685 mil d\u00f3lares a clientes del <em>Bank of Utah<\/em> y a la arrendadora de aviones\u00a0 <em>TVPX Aircraft Solution INC<\/em>, empresas con sede Estados Unidos.<\/p>\n<p>Adem\u00e1s, el fundador de la aerol\u00ednea adeuda al Servicio de Administraci\u00f3n Tributaria (SAT), m\u00e1s de 2 mil 947 millones de pesos por el incumplimiento de pago de impuestos y multas en 2017, 2018 y 2019, por lo que la dependencia tiene embargadas las cuentas bancarias, autom\u00f3viles y marcas de ABC Aerol\u00edneas, nombre legal de Interjet.<\/p>\n<p>Tambi\u00e9n enfrenta demandas por parte de sus empleados sindicalizados y de confianza, por Aeropuertos y Servicios Auxiliares (ASA), as\u00ed como por Servicios e Inmuebles Tur\u00edsticos, <em>Private Real Security,<\/em> TBS Desarrollo, Asesor\u00eda Belforo, Redistur y otras empresas.<\/p>\n<p>En la Profeco hay 3 mil 368 quejas, del 1 de enero del 2019 al 30 de octubre del 2020\u201d, se\u00f1ala reporte de la Procuradur\u00eda Federal del Consumidor. La principal reclamaci\u00f3n en contra de la compa\u00f1\u00eda a\u00e9rea es la cancelaci\u00f3n de vuelos, da\u00f1o o extrav\u00edo de equipaje y retraso de vuelo de acuerdo con la dependencia.<\/p>\n<p><strong>\u00a0<\/strong><\/p>\n<p>\u2730\u2730\u2730\u2730\u2730 El programa de recompensas con m\u00e1s de 50 mil hoteles, resorts y alquileres vacacionales en todo el mundo \u2014<em>Wyndham Rewards\u2014 <\/em>anunci\u00f3 su alianza con Grupo Financiero Inbursa, a trav\u00e9s de la cual los clientes del grupo podr\u00e1n transferir sus Puntos Inbursa a <em>Wyndham Rewards.<\/em><\/p>\n<p>A trav\u00e9s de esta coalici\u00f3n, que se celebra por medio de Ascenda &#8211; la mayor red de intercambio de puntos de fidelidad entre entidades bancarias y empresas de viajes en el\u00a0 mundo &#8211; los viajeros con Tarjetas de Cr\u00e9dito Inbursa Cl\u00e1sica, Oro, <em>Platinum, Black American Express<\/em>, Enlace M\u00e9dico y Fundaci\u00f3n UNAM podr\u00e1n convertir sus Puntos en noches gratis en miles hoteles alrededor del mundo, as\u00ed como mercanc\u00eda en l\u00ednea, excursiones y\/o actividades, experiencias, tarjetas de regalo, entre otros, que pueden consultarse en\u00a0<em>www.wyndhamrewards.com<\/em>.<\/p>\n<p>La transferencia de puntos del Programa de Recompensas Inbursa a Wyndham Rewards tendr\u00e1 una tasa de conversi\u00f3n uno a uno; es decir, que al transferir mil, 2 mil y 3 mil Puntos Inbursa se obtendr\u00e1 la misma cantidad de puntos <em>Wyndham Rewards<\/em>. Desde 7 mil 500 puntos se puede acceder a una noche sin cargo para dos personas en miles de hoteles del mundo.<\/p>\n<p>&nbsp;<\/p>\n<blockquote>\n<p style=\"text-align: right;\">\u201c<strong>El<\/strong> <strong>\u00e1ngel de la fama tiene sus alas hechas de papel&#8230; peri\u00f3dico\u201d.<br \/>\n<\/strong><\/p>\n<\/blockquote>\n<p>&nbsp;<\/p>\n<p><em><span class=\"Apple-converted-space\"><a href=\"mailto:victoriagprado@gmail.com\" target=\"_blank\" rel=\"noopener noreferrer\">victoriagprado@gmail.com<\/a><br \/>\nTwitter: <a href=\"https:\/\/twitter.com\/victoriagprado\" target=\"_blank\" rel=\"noopener noreferrer\">@victoriagprado<\/a><\/span><\/em><\/p>\n","protected":false},"excerpt":{"rendered":"<p>Con la presencia de <strong>Miguel Quintana Pali<\/strong>, director general y presidente de Grupo Xcaret, se llev\u00f3 a cabo la inauguraci\u00f3n del Hotel Xcaret Arte, que cuenta con el Colectivo Gastron\u00f3mico m\u00e1s atractivo del pa\u00eds \u201cpara los paladares m\u00e1s exigentes\u201d.<\/p>\n","protected":false},"author":3,"featured_media":513576,"comment_status":"open","ping_status":"open","sticky":false,"template":"","format":"standard","meta":{"_monsterinsights_skip_tracking":false,"_monsterinsights_sitenote_active":false,"_monsterinsights_sitenote_note":"","_monsterinsights_sitenote_category":0,"footnotes":""},"categories":[11],"tags":[107,43674,43681,106],"class_list":["post-513494","post","type-post","status-publish","format-standard","has-post-thumbnail","hentry","category-turismo","tag-de-cinco-estrellas","tag-opinion","tag-turismo","tag-victoria-gonzalez-prado"],"_links":{"self":[{"href":"https:\/\/www.diarioimagen.net\/index.php?rest_route=\/wp\/v2\/posts\/513494","targetHints":{"allow":["GET"]}}],"collection":[{"href":"https:\/\/www.diarioimagen.net\/index.php?rest_route=\/wp\/v2\/posts"}],"about":[{"href":"https:\/\/www.diarioimagen.net\/index.php?rest_route=\/wp\/v2\/types\/post"}],"author":[{"embeddable":true,"href":"https:\/\/www.diarioimagen.net\/index.php?rest_route=\/wp\/v2\/users\/3"}],"replies":[{"embeddable":true,"href":"https:\/\/www.diarioimagen.net\/index.php?rest_route=%2Fwp%2Fv2%2Fcomments&post=513494"}],"version-history":[{"count":0,"href":"https:\/\/www.diarioimagen.net\/index.php?rest_route=\/wp\/v2\/posts\/513494\/revisions"}],"wp:featuredmedia":[{"embeddable":true,"href":"https:\/\/www.diarioimagen.net\/index.php?rest_route=\/wp\/v2\/media\/513576"}],"wp:attachment":[{"href":"https:\/\/www.diarioimagen.net\/index.php?rest_route=%2Fwp%2Fv2%2Fmedia&parent=513494"}],"wp:term":[{"taxonomy":"category","embeddable":true,"href":"https:\/\/www.diarioimagen.net\/index.php?rest_route=%2Fwp%2Fv2%2Fcategories&post=513494"},{"taxonomy":"post_tag","embeddable":true,"href":"https:\/\/www.diarioimagen.net\/index.php?rest_route=%2Fwp%2Fv2%2Ftags&post=513494"}],"curies":[{"name":"wp","href":"https:\/\/api.w.org\/{rel}","templated":true}]}}