{"id":513531,"date":"2021-07-12T00:08:47","date_gmt":"2021-07-12T05:08:47","guid":{"rendered":"https:\/\/www.diarioimagen.net\/?p=513531"},"modified":"2021-07-12T04:55:04","modified_gmt":"2021-07-12T09:55:04","slug":"mario-delgado-y-los-abucheos","status":"publish","type":"post","link":"https:\/\/www.diarioimagen.net\/?p=513531","title":{"rendered":"Mario Delgado y los abucheos"},"content":{"rendered":"<h2>Punto por punto<\/h2>\n<h5>Augusto Corro<\/h5>\n<p>&nbsp;<\/p>\n<p>La pregunta obligada: \u00bfCu\u00e1ndo iniciar\u00e1 su autocr\u00edtica el Movimiento Regeneraci\u00f3n Nacional, Morena?<\/p>\n<p>Aunque obtuvo la mayor\u00eda victorias en las elecciones intermedias, no se disip\u00f3 la inconformidad de los morenistas. Y los abucheos no se hicieron esperar y fueron directamente en contra del dirigente de Morena, Mario Delgado.<\/p>\n<p>Las molestias de los militantes de Morena surgieron desde la campa\u00f1a pol\u00edtica en el interior del pa\u00eds.<\/p>\n<p>Las protestas se multiplicaron e inclusive se lanzaron huevos al dirigente como manifestaci\u00f3n de repudio.<\/p>\n<p>\u00bfA qu\u00e9 obedeci\u00f3 ese disgusto de las bases morenistas?<\/p>\n<p>Supuestamente a las formas de designar a los candidatos para competir a los cargos de representaci\u00f3n popular.\u00a0 Esos aspirantes ganaron, pero tambi\u00e9n Morena perdi\u00f3 Nuevo Le\u00f3n por una p\u00e9sima candidatura.<\/p>\n<p>La dirigencia hizo a un lado a sus candidatos de extracci\u00f3n morenista y design\u00f3 a Clara Luz Flores Corrales, de pasado priista. Perdi\u00f3, como se esperaba. El caso de Clara Luz se repiti\u00f3 a lo largo y ancho del pa\u00eds. Se apost\u00f3 m\u00e1s al triunfo seguro; pero fall\u00f3.<\/p>\n<p>Por ejemplo, la reelecci\u00f3n anul\u00f3 la participaci\u00f3n de candidatos realmente morenistas que esperaban la oportunidad de participar en la contienda electoral reciente. Tambi\u00e9n se dio mayor oportunidad a los que llegaron a Morena en busca de \u201chueso\u201d que a los cuadros del partido. Quiz\u00e1s lo m\u00e1s importante para Morena y su dirigencia fue su triunfo en la Ciudad de M\u00e9xico (CDMX) con un sabor a derrota. Se dividi\u00f3 el coraz\u00f3n de la supuesta izquierda mexicana, debido a que de las 17 alcald\u00edas de la CDMX M\u00e9xico, s\u00f3lo seis son de extracci\u00f3n morenista.<\/p>\n<p style=\"text-align: center;\"><strong>El futuro morenista<\/strong><\/p>\n<p>La llegada de Mario Delgado a la presidencia de Morena no fue f\u00e1cil.<\/p>\n<p>Primero tuvo que enfrentar a Porfirio Mu\u00f1oz Ledo, uno de los dirigentes con m\u00e1s peso pol\u00edticos en Morena, que compiti\u00f3 por el liderazgo.<\/p>\n<p>El controvertido pol\u00edtico lanz\u00f3 ataques muy fuertes contra su opositor, Mario Delgado, quien fue cuestionado por su cercan\u00eda con el canciller Marcelo Ebrard. Incluso se dijo que esa posici\u00f3n en Morena servir\u00eda de apoyo a Ebrard para la sucesi\u00f3n presidencial.\u00a0 Y por otra parte, Mu\u00f1oz Ledo estar\u00eda como representante de la jefa de gobierno, Claudia Sheinbaum, tambi\u00e9n aspirante a la candidatura presidencial.\u00a0 Desde las precampa\u00f1as de la elecci\u00f3n intermedia se presentaron los problemas al l\u00edder Mario Delgado.<\/p>\n<p>Entre otros estuvo en ese acto de amiguismo que favoreci\u00f3 al candidato a la gubernatura de Guerrero, el senador F\u00e9lix Salgado Macedonio.<\/p>\n<p>El dirigente, primero tuvo que enfrentar la lucha interna en Morena de los grupos que apoyaban a Salgado Macedonio y a quienes se pronunciaban por Am\u00edlcar Sandoval.<\/p>\n<p>La amistad del presidente L\u00f3pez Obrador fue determinante para la designaci\u00f3n de Salgado Macedonio, quien tiene varias acusaciones por abuso sexual contra mujeres.<\/p>\n<p>Al final de cuentas, el senador no cumpli\u00f3 con los requisitos del INE y se le neg\u00f3 el registro para participar en la contienda electoral por no informar de sus gastos de precampa\u00f1a.<\/p>\n<p>Fue su hija Evelyn Salgado Pineda la que ocup\u00f3 el lugar contra viento y marea. Grupos feministas de Morena se opusieron a la candidatura de Salgado Macedonio.\u00a0 De todas maneras, Am\u00edlcar Sandoval fue menospreciado por su partido. Esa jugada pol\u00edtica alcanz\u00f3 a su hermana Er\u00e9ndira Sandoval, quien se desempe\u00f1aba como titular de la Secretar\u00eda de la Funci\u00f3n P\u00fablica (SFP).<\/p>\n<p>Recientemente, la funcionaria fue despedida del cargo. \u00bfTuvo alguna relaci\u00f3n el apoyo a su hermano Am\u00edlcar? Tal vez. Los casos mencionados son algunos de tantos que tienen dividido a Morena. La militancia espera la autocr\u00edtica para definir el rumbo del partido o del movimiento, como lo califican los analistas.<\/p>\n<p>El divisionismo podr\u00eda agudizarse en Morena, pues se trata de una organizaci\u00f3n pol\u00edtica que no cuenta con una unidad interna. Lo integraron personajes de otros partidos que lo vieron como una tabla de salvaci\u00f3n.<\/p>\n<p>Si no se buscan nuevas metas para Morena continuar\u00e1n los abucheos en contra de Mario Delgado.<\/p>\n<p>Ahora con m\u00e1s intensidad, porque el presidente L\u00f3pez Obrador abri\u00f3 la contienda electoral presidencial, con exagerada anticipaci\u00f3n, al dar a conocer los nombres de quienes podr\u00edan sucederle en el cargo.<\/p>\n<p>Ah\u00ed est\u00e1 el ejemplo de lo que ocurri\u00f3 en el evento para celebrar los tres a\u00f1os de victoria electoral de AMLO. Los asistentes destaparon a Claudia Sheinbaum como candidata presidencial.<\/p>\n<p>Los gritos de \u201cpresidenta, presidenta\u201d a la jefa de Gobierno contrastaron con los abucheos que recibi\u00f3 Mario Delgado, el dirigente nacional de Morena, quien mientras le\u00eda su discurso escuch\u00f3 voces que tambi\u00e9n exig\u00edan su renuncia.<\/p>\n<p>\u00bfUsted qu\u00e9 opina amable lector?<\/p>\n<p><a href=\"mailto:aco2742@hotmail.com\" target=\"_blank\" rel=\"noopener noreferrer\"><em>aco2742@hotmail.com<\/em><\/a><\/p>\n","protected":false},"excerpt":{"rendered":"<p><span style=\"color: #005497;\"><strong>Augusto Corro<\/strong><\/span><\/p>\n","protected":false},"author":3,"featured_media":0,"comment_status":"open","ping_status":"open","sticky":false,"template":"","format":"standard","meta":{"_monsterinsights_skip_tracking":false,"_monsterinsights_sitenote_active":false,"_monsterinsights_sitenote_note":"","_monsterinsights_sitenote_category":0,"footnotes":""},"categories":[157],"tags":[43686,43674,11515],"class_list":["post-513531","post","type-post","status-publish","format-standard","hentry","category-augusto-corro","tag-augusto-corro","tag-opinion","tag-punto-por-punto"],"_links":{"self":[{"href":"https:\/\/www.diarioimagen.net\/index.php?rest_route=\/wp\/v2\/posts\/513531","targetHints":{"allow":["GET"]}}],"collection":[{"href":"https:\/\/www.diarioimagen.net\/index.php?rest_route=\/wp\/v2\/posts"}],"about":[{"href":"https:\/\/www.diarioimagen.net\/index.php?rest_route=\/wp\/v2\/types\/post"}],"author":[{"embeddable":true,"href":"https:\/\/www.diarioimagen.net\/index.php?rest_route=\/wp\/v2\/users\/3"}],"replies":[{"embeddable":true,"href":"https:\/\/www.diarioimagen.net\/index.php?rest_route=%2Fwp%2Fv2%2Fcomments&post=513531"}],"version-history":[{"count":0,"href":"https:\/\/www.diarioimagen.net\/index.php?rest_route=\/wp\/v2\/posts\/513531\/revisions"}],"wp:attachment":[{"href":"https:\/\/www.diarioimagen.net\/index.php?rest_route=%2Fwp%2Fv2%2Fmedia&parent=513531"}],"wp:term":[{"taxonomy":"category","embeddable":true,"href":"https:\/\/www.diarioimagen.net\/index.php?rest_route=%2Fwp%2Fv2%2Fcategories&post=513531"},{"taxonomy":"post_tag","embeddable":true,"href":"https:\/\/www.diarioimagen.net\/index.php?rest_route=%2Fwp%2Fv2%2Ftags&post=513531"}],"curies":[{"name":"wp","href":"https:\/\/api.w.org\/{rel}","templated":true}]}}