{"id":513543,"date":"2021-07-12T00:08:21","date_gmt":"2021-07-12T05:08:21","guid":{"rendered":"https:\/\/www.diarioimagen.net\/?p=513543"},"modified":"2021-07-12T05:05:17","modified_gmt":"2021-07-12T10:05:17","slug":"padierna-intenta-imitar-el-gobierno-legitimo","status":"publish","type":"post","link":"https:\/\/www.diarioimagen.net\/?p=513543","title":{"rendered":"Padierna intenta imitar el \u201cgobierno leg\u00edtimo\u201d\u00a0"},"content":{"rendered":"<h2>Clase Pol\u00edtica<\/h2>\n<h5>Miguel \u00c1ngel Rivera<\/h5>\n<p>&nbsp;<\/p>\n<p>Los ejemplos (buenos o malos) cunden.<\/p>\n<p>Este es el caso de la todav\u00eda diputada federal Dolores Padierna, quien fracas\u00f3 en su intento de gobernar por segunda ocasi\u00f3n la alcald\u00eda Cuauht\u00e9moc de la Ciudad de M\u00e9xico (la ocasi\u00f3n anterior era delegaci\u00f3n) al perder en las elecciones del pasado 6 de junio, a su decir, como producto de un fraude.<\/p>\n<p>Como consecuencia, al estilo de su l\u00edder y gu\u00eda, el presidente Andr\u00e9s Manuel L\u00f3pez Obrador, se prepara para organizar un \u201cgobierno leg\u00edtimo\u201d.<\/p>\n<p>La triunfadora en esa demarcaci\u00f3n es Sandra Cuevas Nieves, una novata en la pol\u00edtica si se le compara con Dolores Padierna, quien fue postulada por la coalici\u00f3n Va por M\u00e9xico, integrada por el PAN, PRI y PRD.<\/p>\n<p>La derrota de Padierna no s\u00f3lo se atribuye en sus filas a esa alianza opositora, sino tambi\u00e9n a traiciones internas.<\/p>\n<p>Aparte de su batalla contra los \u201cconservadores\u201d y \u201cneoliberales\u201d, Padierna y su impresentable esposo, Ren\u00e9 Bejarano, tambi\u00e9n sostienen una batalla contra otra de las corrientes internas de su partido, Morena, al que llegaron despu\u00e9s de perder el control de su anterior instituto pol\u00edtico, el PRD. Esta vez, el pretendido dirigente de la corriente opositora es el ex gobernador de Zacatecas y tambi\u00e9n ex alcalde de Cuauht\u00e9moc, Ricardo Monreal \u00c1vila.<\/p>\n<p>La vinculaci\u00f3n se establece con relativa facilidad si se tiene en cuenta que el alcalde saliente, N\u00e9stor N\u00fa\u00f1ez, es parte del equipo de Monreal, pero no pudo cumplir su prop\u00f3sito de reelegirse porque se interpuso Padierna.<\/p>\n<p>En apariencia se trataba de un asunto de individualidades, pero no es as\u00ed. Desde antes de que el presidente Andr\u00e9s Manuel L\u00f3pez Obrador diera a conocer el cartel de precandidatos presidenciales, Padierna y Bejarano se inscribieron dentro de la corriente que tiene como candidata a la jefa de Gobierno de la Ciudad de M\u00e9xico, Claudia Sheinbaum Pardo.<\/p>\n<p>De hecho, la divisi\u00f3n de corrientes se defini\u00f3 desde antes del \u201ctsunami\u201d que llev\u00f3 a Morena al gobierno de la Rep\u00fablica, pues Ricardo Monreal manifest\u00f3 su deseo de aspirar al gobierno de la capital del pa\u00eds, pero fue marginado por decisi\u00f3n del l\u00edder indiscutible, el fundador de ese instituto pol\u00edtico, el presidente L\u00f3pez Obrador. Eso s\u00ed, supuestamente, se realiz\u00f3 una consulta al \u201cpueblo sabio\u201d, que se decidi\u00f3 por Sheinbaum, aunque nunca se especific\u00f3 qui\u00e9n realiz\u00f3 la encuesta ni cual fue la metodolog\u00eda.<\/p>\n<p>Ya consolidado el gobierno de la llamada Cuarta Transformaci\u00f3n, se confirma el tino que tuvo el matrimonio Padierna-Bejarano, pues Sheinbaum es la que parece indiscutida precandidata favorita a la candidatura presidencial de Morena, m\u00e1s bien de L\u00f3pez Obrador, para las elecciones de 2024 y con grandes posibilidades de convertirse en la sucesora del actual primer mandatario. En cambio, Monreal ni siquiera ha sido considerado por el gu\u00eda de Morena como potencial precandidato.<\/p>\n<p>No obstante, por esas diferencias internas, la corriente que respalda a Monreal -quien no se considera descartado de la lucha por la candidatura presidencial, aunque dice que la buscar\u00e1 m\u00e1s adelante, pues ahora parece muy anticipada- ha sido acusada por los Padierna-Bejarano de haber trabajado a favor de la oposici\u00f3n al respaldar a la futura alcaldesa Cuevas Nieves, aunque sus allegados alegan que no tiene ning\u00fan v\u00ednculo con Morena, ni mucho menos con la corriente que impulsa a Monreal.<\/p>\n<p>De hecho, dentro de las filas de la corriente que respalda a Sheinbaum se han resistido a involucrarse en esa supuesta lucha de corrientes, pues la casi segura candidata presidencial lo que necesita es unidad dentro de su organizaci\u00f3n y eliminar cualquier indicio de divisi\u00f3n que pueda debilitar a su corriente y evitar abrir espacios a la oposici\u00f3n.<\/p>\n<p>Por eso, la jefa de Gobierno capitalino ha evitado asistir a manifestaciones y m\u00edtines organizados por Padierna, aunque supuestamente son convocados en defensa de la llamada Cuarta Transformaci\u00f3n.<\/p>\n<p>Hasta ahora, han resultado fallidas dos convocatorios a manifestaciones masivas para denunciar \u201cfraude electoral\u201d, pues la \u201cestrella\u201d anunciada, la jefa de Gobierno se ha abstenido de participar. En medios allegados a la jefa de Gobierno se asegura que la mandataria le ha pedido prudencia a la corriente Padierna-Bejarano e inclusive se recuerda que fue la propia Sheinbaum quien se encarg\u00f3 personalmente de avisarle a Padierna que hab\u00eda perdido en las urnas ante la aliancista Sandra Cuevas.<\/p>\n<p>No obstante, Padierna insiste en su denuncia del supuesto fraude y, sobre todo, en poner en activo su anunciado \u201cgobierno leg\u00edtimo\u201d.<\/p>\n<p>La pr\u00f3xima convocatoria es para el venidero domingo 25 de julio, y para ello, Padierna se propone desplegar a sus dependientes organizaciones de ambulantes, vecinales y otros grupos, para llevarlos hasta la propia explanada de la alcald\u00eda Cuauht\u00e9moc.<\/p>\n<p>Los vaticinios no son favorables, ya que, con anterioridad, Padierna organiz\u00f3 un acto frente al Monumento a la Revoluci\u00f3n, para el cual se anunciaba a la jefa de Gobierno, pero ella no se apareci\u00f3.<\/p>\n<p style=\"text-align: center;\"><strong>Denuncia contra el hermano de AMLO: se apuesta que no pasar\u00e1 <\/strong><\/p>\n<p>El grupo parlamentario del Partido Acci\u00f3n Nacional (GPPAN), representado por el senador Juan Antonio Mart\u00edn del Campo, interpuso una queja ante el Instituto Nacional Electoral (INE) en contra de Morena y de Jes\u00fas Mart\u00edn L\u00f3pez Obrador, hermano del Presidente de la Rep\u00fablica, a ra\u00edz de la difusi\u00f3n de un video en donde el ahora nuevo \u201chermano inc\u00f3modo\u201d recibe dinero de David Le\u00f3n, ex coordinador nacional de Protecci\u00f3n Civil, y ex colaborador del ex gobernador de Chiapas y ahora senador, Manuel Velasco.<\/p>\n<p>El representante del PAN ante el INE manifest\u00f3 que la denuncia se present\u00f3 por las acciones que violan la normatividad de financiamiento a los partidos pol\u00edticos, la transparencia y rendici\u00f3n de cuentas en materia de fiscalizaci\u00f3n de los recursos p\u00fablicos, as\u00ed como el presunto uso indebido de recursos p\u00fablicos para financiamiento de campa\u00f1as electorales.<\/p>\n<p>De conformidad con el nuevo video difundido por el portal <strong><em>Latinus, <\/em><\/strong>conducido por Carlos Loret de Mola, uno de los periodistas m\u00e1s criticados por el presidente L\u00f3pez Obrador y supuestamente patrocinado, entre otros, por el tambi\u00e9n tabasque\u00f1o ex candidato presidencial del PRI Roberto Madrazo, el hermano del presidente L\u00f3pez Obrador recibi\u00f3 150 mil pesos, pero se presume que esa cantidad es s\u00f3lo parte de una cifra mucho mayor.<\/p>\n<p>Esta idea se refuerza por el antecedente de un video similar, igualmente difundido por <strong><em>Latinus<\/em><\/strong>, en donde tambi\u00e9n aparece David Le\u00f3n, pero con otro hermano del primer mandatario, P\u00edo de nombre, quien recibi\u00f3 un mill\u00f3n de pesos en efectivo, que presumiblemente es parte de un financiamiento ilegal para Morena de parte del gobierno de Chiapas, encabezado por Manuel Velasco, para el cual trabajaba el mencionado Le\u00f3n, aunque al parecer no ten\u00eda cargo oficial.<\/p>\n<p>David Le\u00f3n asegur\u00f3 en el primer caso que era dinero procedente de aportaciones de simpatizantes de Morena para colaborar a la campa\u00f1a electoral y m\u00e1s recientemente, respecto de Jes\u00fas Mart\u00edn L\u00f3pez Obrador, asegur\u00f3 que se trataba de una pr\u00e9stamo personal, producto de sus ahorros.<\/p>\n<p>El presidente L\u00f3pez Obrador, con su conocida expresi\u00f3n \u201cnosotros somos diferentes\u201d, asegur\u00f3 que el dinero entregado por Le\u00f3n a su hermano P\u00edo proviene de aportaciones para el movimiento \u201cen momentos en el que la gente era la que apoyaba, b\u00e1sicamente, nosotros hemos venido luchando durante muchos a\u00f1os y nos ha financiado el pueblo como ha sucedido cuando se han llevado a cabo revoluciones\u201d.<\/p>\n<p>L\u00f3pez Obrador pidi\u00f3 a la \u201cindependiente\u201d Fiscal\u00eda General de la Rep\u00fablica (FGR) realizar una investigaci\u00f3n.<\/p>\n<p>El pasado d\u00eda 9, el portal <strong><em>Animal Pol\u00edtico <\/em><\/strong>escribi\u00f3: \u201cLa denuncia interpuesta por partidos de oposici\u00f3n en contra de P\u00edo L\u00f3pez Obrador, hermano del Presidente de la Rep\u00fablica, por recibir recursos presuntamente il\u00edcitos para Morena se encuentra estancada desde hace casi un a\u00f1o.<\/p>\n<p>\u201cMientras el INE acusa a la FGR de bloquearle el acceso a informaci\u00f3n necesaria para avanzar en la fiscalizaci\u00f3n de dichos recursos, la instituci\u00f3n que dirige Alejandro Gertz Manero declar\u00f3 a Animal Pol\u00edtico que el asunto sigue en fase de investigaci\u00f3n inicial\u201d.<\/p>\n<p>Esto confirma lo expresado por Mar\u00eda Amparo Casar y Luis Carlos Ugalde en su obra <em>DINERO BAJO LA MESA<\/em>: \u201cEl financiamiento y el gasto ilegal de las campa\u00f1as pol\u00edticas es el mayor problema de la democracia electoral mexicana\u201d.<\/p>\n<p><a href=\"mailto:riparcangel@hotmail.com\" target=\"_blank\" rel=\"noopener noreferrer\"><em>riparcangel@hotmail.com<\/em><\/a><\/p>\n","protected":false},"excerpt":{"rendered":"<p><span style=\"color: #005497;\"><strong>Miguel \u00c1ngel Rivera<\/strong><\/span><\/p>\n","protected":false},"author":3,"featured_media":0,"comment_status":"open","ping_status":"open","sticky":false,"template":"","format":"standard","meta":{"_monsterinsights_skip_tracking":false,"_monsterinsights_sitenote_active":false,"_monsterinsights_sitenote_note":"","_monsterinsights_sitenote_category":0,"footnotes":""},"categories":[84119],"tags":[84120,84121,43674],"class_list":["post-513543","post","type-post","status-publish","format-standard","hentry","category-miguel-angel-rivera","tag-clase-politica","tag-miguel-angel-rivera","tag-opinion"],"_links":{"self":[{"href":"https:\/\/www.diarioimagen.net\/index.php?rest_route=\/wp\/v2\/posts\/513543","targetHints":{"allow":["GET"]}}],"collection":[{"href":"https:\/\/www.diarioimagen.net\/index.php?rest_route=\/wp\/v2\/posts"}],"about":[{"href":"https:\/\/www.diarioimagen.net\/index.php?rest_route=\/wp\/v2\/types\/post"}],"author":[{"embeddable":true,"href":"https:\/\/www.diarioimagen.net\/index.php?rest_route=\/wp\/v2\/users\/3"}],"replies":[{"embeddable":true,"href":"https:\/\/www.diarioimagen.net\/index.php?rest_route=%2Fwp%2Fv2%2Fcomments&post=513543"}],"version-history":[{"count":0,"href":"https:\/\/www.diarioimagen.net\/index.php?rest_route=\/wp\/v2\/posts\/513543\/revisions"}],"wp:attachment":[{"href":"https:\/\/www.diarioimagen.net\/index.php?rest_route=%2Fwp%2Fv2%2Fmedia&parent=513543"}],"wp:term":[{"taxonomy":"category","embeddable":true,"href":"https:\/\/www.diarioimagen.net\/index.php?rest_route=%2Fwp%2Fv2%2Fcategories&post=513543"},{"taxonomy":"post_tag","embeddable":true,"href":"https:\/\/www.diarioimagen.net\/index.php?rest_route=%2Fwp%2Fv2%2Ftags&post=513543"}],"curies":[{"name":"wp","href":"https:\/\/api.w.org\/{rel}","templated":true}]}}