{"id":513549,"date":"2021-07-12T00:12:21","date_gmt":"2021-07-12T05:12:21","guid":{"rendered":"https:\/\/www.diarioimagen.net\/?p=513549"},"modified":"2021-07-12T05:09:27","modified_gmt":"2021-07-12T10:09:27","slug":"pan-y-pri-de-nuevo-en-vias-de-rompimientos-internos","status":"publish","type":"post","link":"https:\/\/www.diarioimagen.net\/?p=513549","title":{"rendered":"PAN y PRI, de nuevo, en v\u00edas de rompimientos internos"},"content":{"rendered":"<h2>Tras la puerta del poder<\/h2>\n<h5>Roberto Vizca\u00edno<\/h5>\n<p>&nbsp;<\/p>\n<p>A las dos principales fuerzas de la oposici\u00f3n, PRI y PAN, no les hace falta enemigos externos, con los l\u00edos internos tienen para anularse.<\/p>\n<p>Integrados en Frente o Alianza Opositora junto al PRD \u2014y eventualmente a Movimiento Ciudadano\u2014, PAN y PRI viven hoy la amenaza de una nueva fractura.<\/p>\n<p>Lo que significar\u00eda una bendici\u00f3n para el presidente <strong>Andr\u00e9s Manuel L\u00f3pez Obrador<\/strong> y su 4T.<\/p>\n<p>En el PRI, viejos liderazgos, en cuya punta est\u00e1 el ex gobernador oaxaque\u00f1o <strong>Ulises Ruiz<\/strong> pero que lo mismo suma a querer o no a personajes como <strong>Roberto Madrazo<\/strong>, <strong>Manlio Fabio Beltrones<\/strong>, <strong>Beatriz Paredes<\/strong> (todos ellos ex presidentes del tricolor) y otros muchos entre ex gobernadores y ex senadores as\u00ed como ex diputados o ex dirigentes de sectores, se la viven en el complot permanente desde las mesas de caf\u00e9.<\/p>\n<p>Desde ah\u00ed ha surgido ahora una Plataforma por la Refundaci\u00f3n del PRI a la que no se le ve mucho futuro porque <strong>Alejandro Moreno<\/strong> es presidente firme de este partido y no se ve que haya transgredido ning\u00fan ordenamiento estatutario que pudiera derivar en su expulsi\u00f3n o restituci\u00f3n.<\/p>\n<p>No hay ning\u00fan nombre prominente que encabece realmente esta disidencia. Todos exigen la denuncia y sustituci\u00f3n de <strong>Moreno<\/strong>, todos sus colaboradores, pero nadie quiere ir al frente. Exhiben como causa el fracaso del PRI en las elecciones del pasado 6 de junio.<\/p>\n<p>La verdad es que el hecho de que hayan aumentado de 47 a m\u00e1s de 70 las diputaciones federales los salva.<\/p>\n<p style=\"text-align: center;\"><strong>En el PAN, igual<\/strong><\/p>\n<p>En Acci\u00f3n Nacional, la guerra apenas recomienza. El motivo es la renovaci\u00f3n estatutaria de su dirigencia programada para octubre.<\/p>\n<p>La contienda est\u00e1 planteada: <strong>Marko Cort\u00e9s<\/strong> va por 3 a\u00f1os m\u00e1s, mientras que el gobernador saliente de Quer\u00e9taro, el exitosos <strong>Francisco Dom\u00ednguez,<\/strong> buscar\u00e1 relevarlo mientras entran al ruedo <strong>Adriana D\u00e1vila<\/strong> y <strong>Gerardo Priego. <\/strong><\/p>\n<p>El escenario tiene el antecedente de que en la anterior y la antes-anterior y mucho-antes anterior renovaci\u00f3n de dirigencia en el blanquiazul hubo turbulencias y rompimientos.<\/p>\n<p>La dirigencia de <strong>Cort\u00e9s<\/strong> tiene igual el sello de traiciones y golpes bajos, imposiciones en candidaturas como la fracasada de <strong>Ricardo Anaya<\/strong>, quien se postul\u00f3 luego de haberle dado la pu\u00f1alada trapera a <strong>Gustavo Madero<\/strong>, quien lo hab\u00eda dejado encargado de la presidencia de Acci\u00f3n Nacional.<\/p>\n<p>O sea&#8230;<\/p>\n<p>Muchos fueron los que se salieron en estos a\u00f1os: desde el ex presidente <strong>Felipe Calder\u00f3n<\/strong>; su esposa, <strong>Margarita Zavala<\/strong>; <strong>Ernesto Cordero<\/strong>, <strong>Roberto Gil Zuarth, <\/strong>etc, etc, etc&#8230;<\/p>\n<p>En este contexto, <strong>Marko Cort\u00e9s<\/strong> buscar\u00e1 la reelecci\u00f3n.<\/p>\n<p>Va a ser muy dif\u00edcil que lo logre porque el PAN, segunda fuerza pol\u00edtica de M\u00e9xico, tiene apenas 3 a\u00f1os para preparar a su candidato a la Presidencia en 2024, y ese no ser\u00e1 de nuevo <strong>Ricardo Anaya,<\/strong> sino muy probablemente el propio <strong>Francisco Dom\u00ednguez<\/strong>, un gobernador que deja su estado, Quer\u00e9taro, en paz, con cero-deuda y con un reordenamiento urbano, educativo e industrial notable.<\/p>\n<p style=\"text-align: center;\"><strong>Un respiro, el impuesto a plataforma digitales<\/strong><\/p>\n<p>Frente a la amenaza de la falta de dineros para cumplir con los programas del gobierno de la 4T, el senador <strong>Ricardo Monreal <\/strong>celebr\u00f3 ayer la aprobaci\u00f3n global de un impuesto del 15 por ciento a las grandes y multimillonarias plataformas digitales en el mundo moderno.<\/p>\n<p>Promovido por el presidente <strong>Joe Biden<\/strong>, los parlamentos del G20 -del que M\u00e9xico forma parte-, aprobaron este impuesto y el Senado mexicano, dijo el zacatecano, est\u00e1 listo para aplicarlo aqu\u00ed y as\u00ed poder alcanzar un mejor justicia fiscal.<\/p>\n<p>Lo dicho por el presidente de la Junta de Coordinaci\u00f3n Pol\u00edtica del Senado indica que nuestro pa\u00eds se adherir\u00e1 al impuesto m\u00ednimo global para gravar a las plataformas digitales que algunos especialistas prev\u00e9n pueda alcanzar los 30 mil millones de pesos al a\u00f1o en este pa\u00eds.<\/p>\n<p><em><a href=\"mailto:rvizcainoa@gmail.com\" target=\"_blank\" rel=\"noopener noreferrer\">rvizcainoa@gmail.com<\/a><br \/>\n<u><a href=\"http:\/\/endirecto.mx\" target=\"_blank\" rel=\"noopener noreferrer\">www.endirecto.mx<\/a><br \/>\n<a href=\"https:\/\/twitter.com\/_rvizcaino\" target=\"_blank\" rel=\"noopener noreferrer\">@_RVizcaino<\/a><br \/>\n<a href=\"https:\/\/www.facebook.com\/rvizcainoa\" target=\"_blank\" rel=\"noopener noreferrer\">facebook.com\/rvizcainoa<\/a><\/u><\/em><\/p>\n","protected":false},"excerpt":{"rendered":"<p><span style=\"color: #005497;\"><strong>Roberto Vizca\u00edno<\/strong><\/span><br \/>\n<br \/>\nA las dos principales fuerzas de la oposici\u00f3n, PRI y PAN, no les hace falta enemigos externos, con los l\u00edos internos tienen para anularse.<\/p>\n","protected":false},"author":3,"featured_media":0,"comment_status":"open","ping_status":"open","sticky":false,"template":"","format":"standard","meta":{"_monsterinsights_skip_tracking":false,"_monsterinsights_sitenote_active":false,"_monsterinsights_sitenote_note":"","_monsterinsights_sitenote_category":0,"footnotes":""},"categories":[136],"tags":[43674,93,94],"class_list":["post-513549","post","type-post","status-publish","format-standard","hentry","category-roberto-vizcaino-opinion","tag-opinion","tag-roberto-vizcaino","tag-tras-la-puerta-del-poder"],"_links":{"self":[{"href":"https:\/\/www.diarioimagen.net\/index.php?rest_route=\/wp\/v2\/posts\/513549","targetHints":{"allow":["GET"]}}],"collection":[{"href":"https:\/\/www.diarioimagen.net\/index.php?rest_route=\/wp\/v2\/posts"}],"about":[{"href":"https:\/\/www.diarioimagen.net\/index.php?rest_route=\/wp\/v2\/types\/post"}],"author":[{"embeddable":true,"href":"https:\/\/www.diarioimagen.net\/index.php?rest_route=\/wp\/v2\/users\/3"}],"replies":[{"embeddable":true,"href":"https:\/\/www.diarioimagen.net\/index.php?rest_route=%2Fwp%2Fv2%2Fcomments&post=513549"}],"version-history":[{"count":0,"href":"https:\/\/www.diarioimagen.net\/index.php?rest_route=\/wp\/v2\/posts\/513549\/revisions"}],"wp:attachment":[{"href":"https:\/\/www.diarioimagen.net\/index.php?rest_route=%2Fwp%2Fv2%2Fmedia&parent=513549"}],"wp:term":[{"taxonomy":"category","embeddable":true,"href":"https:\/\/www.diarioimagen.net\/index.php?rest_route=%2Fwp%2Fv2%2Fcategories&post=513549"},{"taxonomy":"post_tag","embeddable":true,"href":"https:\/\/www.diarioimagen.net\/index.php?rest_route=%2Fwp%2Fv2%2Ftags&post=513549"}],"curies":[{"name":"wp","href":"https:\/\/api.w.org\/{rel}","templated":true}]}}