{"id":513551,"date":"2021-07-12T00:08:36","date_gmt":"2021-07-12T05:08:36","guid":{"rendered":"https:\/\/www.diarioimagen.net\/?p=513551"},"modified":"2021-07-12T05:14:03","modified_gmt":"2021-07-12T10:14:03","slug":"el-chapo-los-politicos-son-de-temer","status":"publish","type":"post","link":"https:\/\/www.diarioimagen.net\/?p=513551","title":{"rendered":"<em>El Chapo<\/em>: los pol\u00edticos son de temer"},"content":{"rendered":"<h2>\u00a1Que conste,.. son reflexiones!<\/h2>\n<h5>S\u00f3crates A. Campos Lemus<em>\u00a0<\/em><em>\u00a0<\/em><\/h5>\n<p><em>\u00a0<\/em><\/p>\n<p><em>NO HAY DUDA DE QUE LOS POL\u00cdTICOS CON PODER O SIN PODER SON DE TEMER Y ESTO LO PRUEBA EL \u201cCHAPO\u201d GUZM\u00c1N LOERA CUANDO DETERMIN\u00d3 QUE DEBER\u00cdA HACER ALG\u00daN TRATO CON LA DEA CUANDO ESTABA EN EL PENAL DE \u201cPUERTA GRANDE\u201d Y EL JEFE DE \u00c9STA LE PREGUNT\u00d3 SOBRE LOS NOMBRES DE LOS POL\u00cdTICOS CORRUPTOS LIGADOS AL NARCOTR\u00c1FICO, PREFIRI\u00d3 CALLAR, ALEGANDO QUE \u201cSON DEMASIADO PELIGROSOS\u201d Y AS\u00cd, CREO, DEMOSTRABA QUE EN EL ASESINATO DEL CARDENAL JUAN JES\u00daS POSADAS OCAMPO PARTICIPARON\u00a0 LOS POL\u00cdTICOS. POR ESTA RAZ\u00d3N Y OTRAS M\u00c1S, SER\u00c1 DE INTER\u00c9S LEER EL PR\u00d3XIMO LIBRO QUE APARECER\u00c1 SOBRE ESTE TEMA Y OTROS M\u00c1S.<\/em><\/p>\n<p>Y tan son peligrosos los pol\u00edticos que, ahora, Miguel Alem\u00e1n Magnani tiene que andar a salto de mata porque ya tiene una orden de detenci\u00f3n por defraudaci\u00f3n fiscal y bueno, ni hablar, en otros tiempos esto no se ver\u00eda, pero hoy&#8230; ah\u00ed est\u00e1n las pruebas.<\/p>\n<p>De preocupaci\u00f3n y mucha es el entender que en el asesinato del presidente de Hait\u00ed se utilizaba un \u201ccomando de sicarios extranjeros que cumplieron con su contrato\u201d, ahora a saber qui\u00e9nes son en realidad los interesados en eliminar al presidente, el asunto es de reflexi\u00f3n porque con tales niveles ahora cualquier pol\u00edtico en el poder est\u00e1 expuesto a tales acciones de los sicarios por contrato y de esos, pues hay muchos en operaci\u00f3n y alquiler&#8230;<\/p>\n<p>Y eso de que huele a gas ,es cierto porque nadie puede parar el robo de gas y los manejos que tiene la mafia del huachicol en este negocio, por tal raz\u00f3n los precios suben y el Presidente ordena controlar el precio construyendo una empresa ligada a Pemex para distribuir el gas a las clases populares a precios adecuados evitando que se sigan comercializando los miles de tanques que se venden en las zonas jodidas y sin protecci\u00f3n. Lo interesante ser\u00eda conocer si siguen los miembros del EMP que estuvieron operando estos negocios desde las oficinas de Pemexy que siguen en la impunidad&#8230;<\/p>\n<p>Ya nadie debe tener dudas de que el Presidente es un h\u00e1bil pol\u00edtico de tal nivel que ahora est\u00e1 construyendo lazos y relaciones con la oposici\u00f3n sin ning\u00fan problema, algunos dec\u00edan que se radicalizar\u00eda y \u00e9l sabe que este no es el camino sino que se tienen que probar los cambios construyendo alianzas y convenios con todos los grupos porque sostener la paz social es mucho m\u00e1s importante para sostener el poder en el momento actual. As\u00ed que muchos de los \u201cradicales\u201d de escritorio que abundan en la \u201cizquierda nylon\u201d, pues se quedan con las \u201cganas\u201d, pero lo que importa es consolidar el poder y el querer cambiar el sistema y no andar en los convenios de transas de administraci\u00f3n, el cambio no es radical, pero sin duda ser\u00e1 profundo y sin conflictos ni confrontaciones de grupos, se mantendr\u00e1 la unidad nacional por medio de las buenas relaciones y respetando las acciones que se pacten para mejorar la econom\u00eda y la seguridad en todo el pa\u00eds.<\/p>\n<p>No tengo ninguna duda de que un grupo pol\u00edtico econ\u00f3mico juega un papel importante en la \u00b7difusi\u00f3n de videos y grabaciones en contra de AMLO, por esa raz\u00f3n, para distraer la atenci\u00f3n, se publican los videos de asuntos que son \u201cnormales\u201d entre los pol\u00edticos, porque ellos o muchos de ellos aprovechan su nivel y relaciones para sacarles provecho y as\u00ed vemos que de inmediato responden los propios \u201caliados,\u201d como el Presidente de Morena, ocultando el que \u00e9l mismo deber\u00eda dar cuenta de la enorme transa realizado en la L\u00ednea 12 del metro y en la compra de los vagones del Metro que ahora los muestran en todo su nivel, no solamente de corrupci\u00f3n, sino de muertos y heridos que son parte del infelizaje nacional, pero vaya, ellos siguen en su nivel y \u201cmamando\u201d del presupuesto nacional como si nada sucediera.<\/p>\n<p>En colaboraciones, hemos comentado de que cuando se \u201cfirmaron los tratados de paz en Colombia\u201d lo que en verdad se realiz\u00f3 ha sido un desplazamiento de los miembros y de las organizaciones de derecha o de izquierda que controlan el enorme tr\u00e1fico de drogas a los Estados Unidos y que por esa raz\u00f3n se enviaron a M\u00e9xico, por ejemplo, miles de millones de d\u00f3lares que ahora se usan en los pr\u00e9stamos de \u201cgota a gota\u201d y en las transacciones inmobiliarias y otros negocios para limpiar esas cifras y con ello tener elementos para dar operaciones y vida a sus jefes que son los que requieren la protecci\u00f3n e impunidad, por esa raz\u00f3n, tambi\u00e9n, con violencia operan esos canales y otros m\u00e1s como lo hacen hoy en d\u00eda de Hait\u00ed, donde tienen sicarios que operaron el asesinato del presidente, para dar el ejemplo de que ellos cuentan con los suficientes elementos para imponerse en los territorios que ahora vienen ocupando, desplazando a las bandas nacionales y los grupos locales. Por ello cuando se habla de tal tema, muchos pol\u00edticos, funcionarios, banqueros y polic\u00edas mejor le hacen al \u201ct\u00edo Lolo\u201d que tratar el tema porque finalmente, por ejemplo, en capitales de varios estados se notan ya las enormes cifras y relaciones pol\u00edticas que les permiten a esos grupos tener la impunidad y protecci\u00f3n de las autoridades locales, estatales o municipales porque tienen, en muchos casos el control de los grupos de la \u201cnarcopol\u00edtica\u201d, de los narconegocios y la violencia, as\u00ed que si todo se busca como una lucha entre grupos locales la realidad es que ahora en M\u00e9xico y muchas partes del mundo se libran acciones paramilitares de nivel internacional donde los colombianos, venezolanos, peruanos, hondure\u00f1os y nicarag\u00fcenses buscan posicionarse localmente para operar en las nuevas condiciones de violencia y de manejo financiero, que no entienden las autoridades nacionales o les hacen totalmente al pendejo porque ya tienen los arreglos para esa operaci\u00f3n internacional, sino veremos los asesinatos nacionales de gran impacto como lo vimos en los tiempos de Carlos Salinas de Gortari.<\/p>\n<p><em><a href=\"mailto:socrates_campos8@yahoo.com.mx\" target=\"_blank\" rel=\"noopener noreferrer\">socrates_campos8@yahoo.com.mx<\/a><\/em><\/p>\n","protected":false},"excerpt":{"rendered":"<p><span style=\"color: #005497;\"><strong>S\u00f3crates A. Campos Lemus<\/strong><\/span><\/p>\n","protected":false},"author":3,"featured_media":0,"comment_status":"open","ping_status":"open","sticky":false,"template":"","format":"standard","meta":{"_monsterinsights_skip_tracking":false,"_monsterinsights_sitenote_active":false,"_monsterinsights_sitenote_note":"","_monsterinsights_sitenote_category":0,"footnotes":""},"categories":[82147],"tags":[82149,43674,82150,82148],"class_list":["post-513551","post","type-post","status-publish","format-standard","hentry","category-socrates-a-campos-lemus","tag-son-reflexiones","tag-opinion","tag-socrates-a-campos-lemus","tag-que-conste"],"_links":{"self":[{"href":"https:\/\/www.diarioimagen.net\/index.php?rest_route=\/wp\/v2\/posts\/513551","targetHints":{"allow":["GET"]}}],"collection":[{"href":"https:\/\/www.diarioimagen.net\/index.php?rest_route=\/wp\/v2\/posts"}],"about":[{"href":"https:\/\/www.diarioimagen.net\/index.php?rest_route=\/wp\/v2\/types\/post"}],"author":[{"embeddable":true,"href":"https:\/\/www.diarioimagen.net\/index.php?rest_route=\/wp\/v2\/users\/3"}],"replies":[{"embeddable":true,"href":"https:\/\/www.diarioimagen.net\/index.php?rest_route=%2Fwp%2Fv2%2Fcomments&post=513551"}],"version-history":[{"count":0,"href":"https:\/\/www.diarioimagen.net\/index.php?rest_route=\/wp\/v2\/posts\/513551\/revisions"}],"wp:attachment":[{"href":"https:\/\/www.diarioimagen.net\/index.php?rest_route=%2Fwp%2Fv2%2Fmedia&parent=513551"}],"wp:term":[{"taxonomy":"category","embeddable":true,"href":"https:\/\/www.diarioimagen.net\/index.php?rest_route=%2Fwp%2Fv2%2Fcategories&post=513551"},{"taxonomy":"post_tag","embeddable":true,"href":"https:\/\/www.diarioimagen.net\/index.php?rest_route=%2Fwp%2Fv2%2Ftags&post=513551"}],"curies":[{"name":"wp","href":"https:\/\/api.w.org\/{rel}","templated":true}]}}