{"id":513612,"date":"2021-07-13T00:05:17","date_gmt":"2021-07-13T05:05:17","guid":{"rendered":"https:\/\/www.diarioimagen.net\/?p=513612"},"modified":"2021-07-14T01:50:52","modified_gmt":"2021-07-14T06:50:52","slug":"abogadas-y-abogados-deben-asumirse-como-agentes-de-cambio-social-carlos-eduardo-barrera-diaz","status":"publish","type":"post","link":"https:\/\/www.diarioimagen.net\/?p=513612","title":{"rendered":"Abogadas y abogados deben asumirse como agentes de cambio social: Carlos Eduardo Barrera D\u00edaz"},"content":{"rendered":"<p><em>\u00a0<\/em><\/p>\n<ul>\n<li><strong><em>El rector de la UAEM galardon\u00f3 por su trayectoria profesional y acad\u00e9mica a los juristas de la Aut\u00f3noma mexiquense: Tom\u00e1s Ruiz P\u00e9rez, Martha Elba Izquierdo Muci\u00f1o y Jes\u00fas Flores Rub\u00ed<\/em><\/strong><\/li>\n<\/ul>\n<p>&nbsp;<\/p>\n<div id=\"attachment_513683\" style=\"width: 470px\" class=\"wp-caption aligncenter\"><a href=\"https:\/\/www.diarioimagen.net\/?attachment_id=513683\" rel=\"attachment wp-att-513683\"><img loading=\"lazy\" decoding=\"async\" aria-describedby=\"caption-attachment-513683\" class=\"size-full wp-image-513683\" src=\"https:\/\/www.diarioimagen.net\/wp-content\/uploads\/2021\/07\/uaem-6.jpg\" alt=\"\" width=\"460\" height=\"270\" \/><\/a><p id=\"caption-attachment-513683\" class=\"wp-caption-text\">El rector de la UAEM, Carlos Eduardo Barrera D\u00edaz, refiri\u00f3 que los juristas deben ser forjados bajo los principios universitarios para desarrollar honestamente su profesi\u00f3n, que no da\u00f1en a nadie y le den a cada quien lo que le corresponde.<\/p><\/div>\n<p>&nbsp;<\/p>\n<p><strong>Toluca, Estado de M\u00e9xico.- <\/strong>Al entregar la rehabilitaci\u00f3n de espacios en la Facultad de Derecho de la Universidad Aut\u00f3noma del Estado de M\u00e9xico (UAEM), como la biblioteca, escaleras del edificio \u201cC\u201d, la impermeabilizaci\u00f3n de techos y reparaci\u00f3n de infraestructura, el rector Carlos Eduardo Barrera D\u00edaz, sostuvo que la abogac\u00eda debe asumirse agente de cambio social, ya que los profesionales de esta \u00e1rea representan la fortaleza de una visi\u00f3n que pondere la inclusi\u00f3n e integridad.<\/p>\n<p>Al encabezar la Ceremonia Solemne Conmemorativa del D\u00eda del Abogado en el auditorio \u201cIsidro Fabela Alfaro\u201d del espacio acad\u00e9mico, Barrera D\u00edaz refiri\u00f3 que los juristas deben ser forjados bajo los principios universitarios para desarrollar honestamente su profesi\u00f3n, que no da\u00f1en a nadie y le den a cada quien lo que le corresponde.<\/p>\n<p>En compa\u00f1\u00eda del presidente del Tribunal Superior de Justicia y del Consejo de la Judicatura estatal, Ricardo Sodi Cuellar y el director de la Facultad de Derecho de la UAEM, Jos\u00e9 Dolores Alan\u00eds Tavira, el rector devel\u00f3 placas con los nombres de abogados destacados de la Aut\u00f3noma mexiquense por su trayectoria profesional y acad\u00e9mica a quienes tambi\u00e9n se les entreg\u00f3 un reconocimiento.<\/p>\n<p>Los homenajeados fueron el catedr\u00e1tico Tom\u00e1s Ruiz P\u00e9rez por su distinguida carrera profesional y aportaciones en distintos cargos en la UAEM, entre ellos director de la Facultad de Derecho y rector; Martha Elba Izquierdo Muci\u00f1o por su destacada carrera profesional y aportaciones acad\u00e9micas en la investigaci\u00f3n nacional e internacional por m\u00e1s de 40 a\u00f1os y Jes\u00fas Flores Rub\u00ed por su trayectoria acad\u00e9mica por m\u00e1s de 25 a\u00f1os y su apoyo institucional permanente.<\/p>\n<p>\u201cConmemorar el D\u00eda del Abogado significa entonces un gran orgullo en nuestra casa de estudios, a cuya grandeza han contribuido grandes personalidades de la ley como Ignacio Ram\u00edrez Calzada, Ignacio Manuel Altamirano, Adolfo L\u00f3pez Mateos y muchos egresados m\u00e1s que han escrito brillantes p\u00e1ginas en la funci\u00f3n p\u00fablica y nacional, en la magistratura, en la ense\u00f1anza y en la investigaci\u00f3n\u201d, expres\u00f3 el rector.<\/p>\n<p>En su oportunidad, Sodi Cuellar sostuvo que el derecho debe ser praxis diaria que refrende un estado de derecho y certezas jur\u00eddicas, escenario en el que la UAEM avanza al formar a profesionales en Mediaci\u00f3n Alternos de Soluci\u00f3n de Conflictos.<\/p>\n<p>\u201cSoy un entusiasta de la mediaci\u00f3n porque no solamente resuelve un problema, sino que genera al mismo tiempo confianza en la sociedad, resta\u00f1a los problemas sociales, vuelve a reparar el tejido social roto y eso nos permite una forma m\u00e1s adecuada de hacer justicia, una justicia que no es de \u00e9lite, una justicia de personas, una justicia muy cercana a la gente\u201d, indic\u00f3.<\/p>\n<p>A la ceremonia tambi\u00e9n acudieron la presidenta del Tribunal de Justicia Administrativa mexiquense, Aracel\u00ed Garc\u00eda Mor\u00f3n; el presidente del Tribunal Electoral estatal, Ra\u00fal Flores Bernal; el presidente del Segundo Tribunal Colegiado en Materia Penal del Segundo Circuito de Toluca y Coordinador de la Escuela del Poder Judicial de la Federaci\u00f3n en la entidad, Jos\u00e9 Nieves Luna Castro.<\/p>\n<p>La defensora titular de la Defensor\u00eda de los Derechos Universitarios, Mar\u00eda Jos\u00e9 Bernaldez Aguilar y ex directores de la Facultad, tambi\u00e9n se dieron cita en el acto conmemorativo.<\/p>\n","protected":false},"excerpt":{"rendered":"<p>Al entregar la rehabilitaci\u00f3n de espacios en la Facultad de Derecho de la Universidad Aut\u00f3noma del Estado de M\u00e9xico (UAEM), como la biblioteca, escaleras del edificio \u201cC\u201d, la impermeabilizaci\u00f3n de techos y reparaci\u00f3n de infraestructura, el rector Carlos Eduardo Barrera D\u00edaz, sostuvo que la abogac\u00eda debe asumirse agente de cambio social, ya que los profesionales de esta \u00e1rea representan la fortaleza de una visi\u00f3n que pondere la inclusi\u00f3n e integridad.<\/p>\n","protected":false},"author":3,"featured_media":513683,"comment_status":"open","ping_status":"open","sticky":false,"template":"","format":"standard","meta":{"_monsterinsights_skip_tracking":false,"_monsterinsights_sitenote_active":false,"_monsterinsights_sitenote_note":"","_monsterinsights_sitenote_category":0,"footnotes":""},"categories":[5],"tags":[64266,92667,43675,452],"class_list":["post-513612","post","type-post","status-publish","format-standard","has-post-thumbnail","hentry","category-estado-de-mexico","tag-abogado","tag-carlos-eduardo-barrera-diaz","tag-estado-de-mexico","tag-toluca"],"_links":{"self":[{"href":"https:\/\/www.diarioimagen.net\/index.php?rest_route=\/wp\/v2\/posts\/513612","targetHints":{"allow":["GET"]}}],"collection":[{"href":"https:\/\/www.diarioimagen.net\/index.php?rest_route=\/wp\/v2\/posts"}],"about":[{"href":"https:\/\/www.diarioimagen.net\/index.php?rest_route=\/wp\/v2\/types\/post"}],"author":[{"embeddable":true,"href":"https:\/\/www.diarioimagen.net\/index.php?rest_route=\/wp\/v2\/users\/3"}],"replies":[{"embeddable":true,"href":"https:\/\/www.diarioimagen.net\/index.php?rest_route=%2Fwp%2Fv2%2Fcomments&post=513612"}],"version-history":[{"count":0,"href":"https:\/\/www.diarioimagen.net\/index.php?rest_route=\/wp\/v2\/posts\/513612\/revisions"}],"wp:featuredmedia":[{"embeddable":true,"href":"https:\/\/www.diarioimagen.net\/index.php?rest_route=\/wp\/v2\/media\/513683"}],"wp:attachment":[{"href":"https:\/\/www.diarioimagen.net\/index.php?rest_route=%2Fwp%2Fv2%2Fmedia&parent=513612"}],"wp:term":[{"taxonomy":"category","embeddable":true,"href":"https:\/\/www.diarioimagen.net\/index.php?rest_route=%2Fwp%2Fv2%2Fcategories&post=513612"},{"taxonomy":"post_tag","embeddable":true,"href":"https:\/\/www.diarioimagen.net\/index.php?rest_route=%2Fwp%2Fv2%2Ftags&post=513612"}],"curies":[{"name":"wp","href":"https:\/\/api.w.org\/{rel}","templated":true}]}}