{"id":513616,"date":"2021-07-13T00:33:35","date_gmt":"2021-07-13T05:33:35","guid":{"rendered":"https:\/\/www.diarioimagen.net\/?p=513616"},"modified":"2021-07-14T01:34:43","modified_gmt":"2021-07-14T06:34:43","slug":"dan-formal-prision-a-cardenas-palomino-ex-mando-de-la-pf","status":"publish","type":"post","link":"https:\/\/www.diarioimagen.net\/?p=513616","title":{"rendered":"Dan formal prisi\u00f3n a C\u00e1rdenas Palomino, ex mando de la PF\u00a0"},"content":{"rendered":"<p>&nbsp;<\/p>\n<ul>\n<li><strong><em>Se le imputa el delito de tortura<\/em><\/strong><\/li>\n<\/ul>\n<p>&nbsp;<\/p>\n<div id=\"attachment_513688\" style=\"width: 470px\" class=\"wp-caption aligncenter\"><a href=\"https:\/\/www.diarioimagen.net\/?attachment_id=513688\" rel=\"attachment wp-att-513688\"><img loading=\"lazy\" decoding=\"async\" aria-describedby=\"caption-attachment-513688\" class=\"size-full wp-image-513688\" src=\"https:\/\/www.diarioimagen.net\/wp-content\/uploads\/2021\/07\/CARDENAS-PALOMINO.jpg\" alt=\"\" width=\"460\" height=\"270\" \/><\/a><p id=\"caption-attachment-513688\" class=\"wp-caption-text\">Un juez federal dict\u00f3 auto de formal prisi\u00f3n contra Luis C\u00e1rdenas Palomino por el delito de tortura.<\/p><\/div>\n<p>&nbsp;<\/p>\n<p>El juez 12 de Distrito en materia penal, con sede en el Reclusorio Oriente, Jes\u00fas Ch\u00e1vez Hern\u00e1ndez, dict\u00f3 auto de formal prisi\u00f3n al ex director de Seguridad Regional de la extinta Polic\u00eda Federal, Luis C\u00e1rdenas Palomino, a quien se le imputa el delito de tortura, por lo que permanecer\u00e1 en el penal federal del Altiplano hasta que concluya su proceso.<\/p>\n<p>En la audiencia virtual, la Fiscal\u00eda General de la Rep\u00fablica (FGR) se\u00f1al\u00f3 a C\u00e1rdenas Palomino como probable responsable del delito de tortura en agravio de Mario Vallarta Cisneros, hermano de Israel Vallarta, as\u00ed como de Sergio Cortez Vallarta y de los hermanos Eduardo y Ricardo Estrada Granados, presuntos integrantes de la banda de secuestradores identificada como \u201cLos Zodiaco\u201d.<\/p>\n<p>El juez Jes\u00fas Ch\u00e1vez Hern\u00e1ndez encabez\u00f3 la audiencia donde dictamin\u00f3 el fallo en contra de C\u00e1rdenas Palomino, quien fuera cercano colaborador de Genaro Garc\u00eda Luna, preso en Estados Unidos por narcotr\u00e1fico.<\/p>\n<p>La madrugada del pasado 5 de julio, elementos de la FGR, con apoyo de la Marina y de la Coordinaci\u00f3n Nacional Antisecuestro (Conase), cumplimentaron una orden de aprehensi\u00f3n contra el ex titular de la Divisi\u00f3n de Seguridad Regional de la extinta Polic\u00eda Federal, C\u00e1rdenas Palomino.<\/p>\n<p>Aunque fue presentado al d\u00eda siguiente ante el juez que orden\u00f3 su captura, se reserv\u00f3 su derecho a declarar y su defensa solicit\u00f3 la duplicidad del t\u00e9rmino constitucional.<\/p>\n<p>Seg\u00fan las investigaciones, los denunciantes del ex mando de la PF fueron capturados el 27 de abril de 2012 en la Ciudad de M\u00e9xico y obligados a declarar que formaban parte de la organizaci\u00f3n delictiva.<\/p>\n<p>La FGR se\u00f1al\u00f3 a C\u00e1rdenas Palomino por supuestamente torturar a Mario Vallarta, hermano de Israel Vallarta, presunto l\u00edder de \u201cLos Zodiaco\u201d y\u00a0 pareja sentimental de la francesa Florence Cassez (ya liberada); a Sergio Cort\u00e9s Vallarta y a Eduardo y Ricardo Estrada Granados.<\/p>\n<p>Los cuatro fueron detenidos en 2012 en un operativo de la Polic\u00eda Federal en Iztapalapa y seg\u00fan la orden de captura, la FGR se\u00f1ala a C\u00e1rdenas Palomino y a otros 12 agentes por propinarles golpes y maltratos psicol\u00f3gicos para obtener sus confesiones.<\/p>\n","protected":false},"excerpt":{"rendered":"<p>El juez 12 de Distrito en materia penal, con sede en el Reclusorio Oriente, Jes\u00fas Ch\u00e1vez Hern\u00e1ndez, dict\u00f3 auto de formal prisi\u00f3n al ex director de Seguridad Regional de la extinta Polic\u00eda Federal, Luis C\u00e1rdenas Palomino, a quien se le imputa el delito de tortura, por lo que permanecer\u00e1 en el penal federal del Altiplano hasta que concluya su proceso.<\/p>\n","protected":false},"author":3,"featured_media":513688,"comment_status":"open","ping_status":"open","sticky":false,"template":"","format":"standard","meta":{"_monsterinsights_skip_tracking":false,"_monsterinsights_sitenote_active":false,"_monsterinsights_sitenote_note":"","_monsterinsights_sitenote_category":0,"footnotes":""},"categories":[7],"tags":[93297,10657,43677],"class_list":["post-513616","post","type-post","status-publish","format-standard","has-post-thumbnail","hentry","category-seguridad","tag-luis-cardenas-palomino","tag-reclusorio-oriente","tag-seguridad"],"_links":{"self":[{"href":"https:\/\/www.diarioimagen.net\/index.php?rest_route=\/wp\/v2\/posts\/513616","targetHints":{"allow":["GET"]}}],"collection":[{"href":"https:\/\/www.diarioimagen.net\/index.php?rest_route=\/wp\/v2\/posts"}],"about":[{"href":"https:\/\/www.diarioimagen.net\/index.php?rest_route=\/wp\/v2\/types\/post"}],"author":[{"embeddable":true,"href":"https:\/\/www.diarioimagen.net\/index.php?rest_route=\/wp\/v2\/users\/3"}],"replies":[{"embeddable":true,"href":"https:\/\/www.diarioimagen.net\/index.php?rest_route=%2Fwp%2Fv2%2Fcomments&post=513616"}],"version-history":[{"count":0,"href":"https:\/\/www.diarioimagen.net\/index.php?rest_route=\/wp\/v2\/posts\/513616\/revisions"}],"wp:featuredmedia":[{"embeddable":true,"href":"https:\/\/www.diarioimagen.net\/index.php?rest_route=\/wp\/v2\/media\/513688"}],"wp:attachment":[{"href":"https:\/\/www.diarioimagen.net\/index.php?rest_route=%2Fwp%2Fv2%2Fmedia&parent=513616"}],"wp:term":[{"taxonomy":"category","embeddable":true,"href":"https:\/\/www.diarioimagen.net\/index.php?rest_route=%2Fwp%2Fv2%2Fcategories&post=513616"},{"taxonomy":"post_tag","embeddable":true,"href":"https:\/\/www.diarioimagen.net\/index.php?rest_route=%2Fwp%2Fv2%2Ftags&post=513616"}],"curies":[{"name":"wp","href":"https:\/\/api.w.org\/{rel}","templated":true}]}}