{"id":513620,"date":"2021-07-13T00:04:14","date_gmt":"2021-07-13T05:04:14","guid":{"rendered":"https:\/\/www.diarioimagen.net\/?p=513620"},"modified":"2021-07-13T05:40:42","modified_gmt":"2021-07-13T10:40:42","slug":"el-dif-tlalnepantla-organizara-cursos-de-verano-para-ninas-y-ninos-de-4-a-11-anos","status":"publish","type":"post","link":"https:\/\/www.diarioimagen.net\/?p=513620","title":{"rendered":"El DIF Tlalnepantla organizar\u00e1 cursos de verano para ni\u00f1as y ni\u00f1os de 4 a 11 a\u00f1os"},"content":{"rendered":"<p>&nbsp;<\/p>\n<ul>\n<li><strong><em>Iniciar\u00e1n el 19 de julio<\/em><\/strong><\/li>\n<\/ul>\n<p>&nbsp;<\/p>\n<div id=\"attachment_513697\" style=\"width: 470px\" class=\"wp-caption aligncenter\"><a href=\"https:\/\/www.diarioimagen.net\/?attachment_id=513697\" rel=\"attachment wp-att-513697\"><img loading=\"lazy\" decoding=\"async\" aria-describedby=\"caption-attachment-513697\" class=\"size-full wp-image-513697\" src=\"https:\/\/www.diarioimagen.net\/wp-content\/uploads\/2021\/07\/tlalne.jpg\" alt=\"\" width=\"460\" height=\"270\" \/><\/a><p id=\"caption-attachment-513697\" class=\"wp-caption-text\">El DIF de Tlalnepantla realizar\u00e1 cursos y actividades de verano para ni\u00f1as y ni\u00f1os de 4 a 11 a\u00f1os, que iniciar\u00e1n el 19 de julio.<\/p><\/div>\n<p>&nbsp;<\/p>\n<p><strong>Tlalnepantla, Estado de M\u00e9xico<\/strong>.- El Sistema Municipal para el Desarrollo Integral de la Familia (SMDIF) de Tlalnepantla realizar\u00e1 cursos y actividades de verano para ni\u00f1as y ni\u00f1os de 4 a 11 a\u00f1os, entre ellas, manualidades infantiles, reposter\u00eda infantil, activaci\u00f3n f\u00edsica, reciclado, pintura, baile, juegos de destreza, defensa personal, cocina, entre otras, que iniciar\u00e1n el 19 de julio y concluir\u00e1n el 6 de agosto.<\/p>\n<p>La instituci\u00f3n inform\u00f3 que las inscripciones permanecer\u00e1n abiertas hasta el 20 de julio. Se pueden consultar las sedes, titulares de las actividades, horarios y n\u00fameros telef\u00f3nicos para mayores informes en: http:\/\/www.diftlalnepantla.gob.mx\/servicios\/centros-tlalnepantlenses-de-desarrollo-comunitario.<\/p>\n<p>Los cursos tendr\u00e1n un costo de 600 pesos, se brindar\u00e1n de lunes a viernes de 9:00 a 13:00 horas en ocho de los Centros Tlalnepantlenses de Desarrollo Comunitario (CTDC): San Rafael, Santa M\u00f3nica, Cristina Pacheco, El Tenayo, Bosques Ceyl\u00e1n, M\u00f3nica Orta Ram\u00edrez, San Isidro Ixhuatepec y El Cucurucho.<\/p>\n<p>Las actividades se realizar\u00e1n de lunes viernes con duraci\u00f3n de una hora y un costo de 200 pesos. Se brindar\u00e1n en los 22 CTDC, entre ellos Chalma Abajo, La Blanca, La Comunidad, L\u00e1zaro C\u00e1rdenas, San Andr\u00e9s Atenco, San Bartolo Tenayuca, entre otros.<\/p>\n<p>Se aplicar\u00e1n las medidas sanitarias como lavado frecuente de manos, toma de temperatura, uso obligatorio de cubrebocas, careta y desinfecci\u00f3n de instalaciones.<\/p>\n","protected":false},"excerpt":{"rendered":"<p>El Sistema Municipal para el Desarrollo Integral de la Familia (SMDIF) de Tlalnepantla realizar\u00e1 cursos y actividades de verano para ni\u00f1as y ni\u00f1os de 4 a 11 a\u00f1os, entre ellas, manualidades infantiles, reposter\u00eda infantil, activaci\u00f3n f\u00edsica, reciclado, pintura, baile, juegos de destreza, defensa personal, cocina, entre otras, que iniciar\u00e1n el 19 de julio y concluir\u00e1n el 6 de agosto.<\/p>\n","protected":false},"author":3,"featured_media":513697,"comment_status":"open","ping_status":"open","sticky":false,"template":"","format":"standard","meta":{"_monsterinsights_skip_tracking":false,"_monsterinsights_sitenote_active":false,"_monsterinsights_sitenote_note":"","_monsterinsights_sitenote_category":0,"footnotes":""},"categories":[5],"tags":[52510,43675,169,42538],"class_list":["post-513620","post","type-post","status-publish","format-standard","has-post-thumbnail","hentry","category-estado-de-mexico","tag-cursos","tag-estado-de-mexico","tag-tlalnepantla","tag-verano"],"_links":{"self":[{"href":"https:\/\/www.diarioimagen.net\/index.php?rest_route=\/wp\/v2\/posts\/513620","targetHints":{"allow":["GET"]}}],"collection":[{"href":"https:\/\/www.diarioimagen.net\/index.php?rest_route=\/wp\/v2\/posts"}],"about":[{"href":"https:\/\/www.diarioimagen.net\/index.php?rest_route=\/wp\/v2\/types\/post"}],"author":[{"embeddable":true,"href":"https:\/\/www.diarioimagen.net\/index.php?rest_route=\/wp\/v2\/users\/3"}],"replies":[{"embeddable":true,"href":"https:\/\/www.diarioimagen.net\/index.php?rest_route=%2Fwp%2Fv2%2Fcomments&post=513620"}],"version-history":[{"count":0,"href":"https:\/\/www.diarioimagen.net\/index.php?rest_route=\/wp\/v2\/posts\/513620\/revisions"}],"wp:featuredmedia":[{"embeddable":true,"href":"https:\/\/www.diarioimagen.net\/index.php?rest_route=\/wp\/v2\/media\/513697"}],"wp:attachment":[{"href":"https:\/\/www.diarioimagen.net\/index.php?rest_route=%2Fwp%2Fv2%2Fmedia&parent=513620"}],"wp:term":[{"taxonomy":"category","embeddable":true,"href":"https:\/\/www.diarioimagen.net\/index.php?rest_route=%2Fwp%2Fv2%2Fcategories&post=513620"},{"taxonomy":"post_tag","embeddable":true,"href":"https:\/\/www.diarioimagen.net\/index.php?rest_route=%2Fwp%2Fv2%2Ftags&post=513620"}],"curies":[{"name":"wp","href":"https:\/\/api.w.org\/{rel}","templated":true}]}}