{"id":513626,"date":"2021-07-13T00:01:26","date_gmt":"2021-07-13T05:01:26","guid":{"rendered":"https:\/\/www.diarioimagen.net\/?p=513626"},"modified":"2021-07-14T01:53:04","modified_gmt":"2021-07-14T06:53:04","slug":"sin-duda-el-mexico-de-hoy-es-de-los-jovenes-alcalde-electo-pedro-rodriguez","status":"publish","type":"post","link":"https:\/\/www.diarioimagen.net\/?p=513626","title":{"rendered":"Sin duda, el M\u00e9xico de hoy es de los j\u00f3venes: alcalde electo Pedro Rodr\u00edguez"},"content":{"rendered":"<p>&nbsp;<\/p>\n<p><a href=\"https:\/\/www.diarioimagen.net\/?attachment_id=513707\" rel=\"attachment wp-att-513707\"><img loading=\"lazy\" decoding=\"async\" class=\"aligncenter size-full wp-image-513707\" src=\"https:\/\/www.diarioimagen.net\/wp-content\/uploads\/2021\/07\/atizapan.jpg\" alt=\"\" width=\"460\" height=\"270\" \/><\/a><\/p>\n<p>&nbsp;<\/p>\n<p><strong>Atizap\u00e1n, Estado de M\u00e9xico<\/strong><strong>.-<\/strong> El presidente municipal electo de esta demarcaci\u00f3n, Pedro Rodr\u00edguez Villegas consider\u00f3 que el M\u00e9xico actual es sin duda de los j\u00f3venes, toda vez que con sus energ\u00edas, talentos y capacidades pueden aportar mucho para mejorar el pa\u00eds.<\/p>\n<p>Entrevistado al t\u00e9rmino de la ceremonia a la que asisti\u00f3 como invitado especial, en la que el joven Enrique Contreras rindi\u00f3 protesta como Presidente del Club Rotario Sayavedra; consider\u00f3 que seguramente habr\u00e1 mucha sinergia generacional en el gobierno municipal que encabezar\u00e1 a partir del 1\u00b0 de enero de 2022.<\/p>\n","protected":false},"excerpt":{"rendered":"<p>El presidente municipal electo de esta demarcaci\u00f3n, Pedro Rodr\u00edguez Villegas consider\u00f3 que el M\u00e9xico actual es sin duda de los j\u00f3venes, toda vez que con sus energ\u00edas, talentos y capacidades pueden aportar mucho para mejorar el pa\u00eds.<\/p>\n","protected":false},"author":3,"featured_media":513707,"comment_status":"open","ping_status":"open","sticky":false,"template":"","format":"standard","meta":{"_monsterinsights_skip_tracking":false,"_monsterinsights_sitenote_active":false,"_monsterinsights_sitenote_note":"","_monsterinsights_sitenote_category":0,"footnotes":""},"categories":[5],"tags":[969,43675,260],"class_list":["post-513626","post","type-post","status-publish","format-standard","has-post-thumbnail","hentry","category-estado-de-mexico","tag-atizapan","tag-estado-de-mexico","tag-jovenes"],"_links":{"self":[{"href":"https:\/\/www.diarioimagen.net\/index.php?rest_route=\/wp\/v2\/posts\/513626","targetHints":{"allow":["GET"]}}],"collection":[{"href":"https:\/\/www.diarioimagen.net\/index.php?rest_route=\/wp\/v2\/posts"}],"about":[{"href":"https:\/\/www.diarioimagen.net\/index.php?rest_route=\/wp\/v2\/types\/post"}],"author":[{"embeddable":true,"href":"https:\/\/www.diarioimagen.net\/index.php?rest_route=\/wp\/v2\/users\/3"}],"replies":[{"embeddable":true,"href":"https:\/\/www.diarioimagen.net\/index.php?rest_route=%2Fwp%2Fv2%2Fcomments&post=513626"}],"version-history":[{"count":0,"href":"https:\/\/www.diarioimagen.net\/index.php?rest_route=\/wp\/v2\/posts\/513626\/revisions"}],"wp:featuredmedia":[{"embeddable":true,"href":"https:\/\/www.diarioimagen.net\/index.php?rest_route=\/wp\/v2\/media\/513707"}],"wp:attachment":[{"href":"https:\/\/www.diarioimagen.net\/index.php?rest_route=%2Fwp%2Fv2%2Fmedia&parent=513626"}],"wp:term":[{"taxonomy":"category","embeddable":true,"href":"https:\/\/www.diarioimagen.net\/index.php?rest_route=%2Fwp%2Fv2%2Fcategories&post=513626"},{"taxonomy":"post_tag","embeddable":true,"href":"https:\/\/www.diarioimagen.net\/index.php?rest_route=%2Fwp%2Fv2%2Ftags&post=513626"}],"curies":[{"name":"wp","href":"https:\/\/api.w.org\/{rel}","templated":true}]}}