{"id":513664,"date":"2021-07-13T00:03:10","date_gmt":"2021-07-13T05:03:10","guid":{"rendered":"https:\/\/www.diarioimagen.net\/?p=513664"},"modified":"2021-07-13T05:24:50","modified_gmt":"2021-07-13T10:24:50","slug":"educacion-presencial-hasta-enero","status":"publish","type":"post","link":"https:\/\/www.diarioimagen.net\/?p=513664","title":{"rendered":"Educaci\u00f3n presencial, \u00bfhasta enero?"},"content":{"rendered":"<h2>Espacio Electoral<\/h2>\n<h5>Eleazar Flores<\/h5>\n<p>&nbsp;<\/p>\n<p><strong>\u00bfCASUALIDAD(ES)?-.<\/strong> En la mayor\u00eda del pueblo sabio nadie quita la creencia que el sem\u00e1foro verde de fines de junio, principios de julio, fue por las elecciones\u2026 y las finales del futbol, pero para fines de agosto que inicia el ciclo escolar 2021-2022 y sin eventos trascendentes, las clases presenciales podr\u00edan correrse hasta enero.<\/p>\n<p>Cuando le adelant\u00e9 que el regreso a los salones ser\u00eda hasta el nuevo ciclo nadie crey\u00f3, pero mi jefe s\u00ed, y public\u00f3 la nota, que a la postre fue cierta.<\/p>\n<p>Ahora lo que sigue es que la Federaci\u00f3n dar\u00e1 a los gobiernos estatales total libertad para que decidan si las clases presenciales inician en agosto, pues contagios y defunciones est\u00e1n peor que hace un mes<\/p>\n<p>Todo iba bien para regresar a las aulas en mes y medio, pero desbocadas las ansias de salir, viajar y dem\u00e1s, se triplicaron contagios y fallecimientos en s\u00f3lo tres semanas, llegando el domingo a 234,969 defunciones. Hoy, seguro, superar\u00e1n los 235 mil.<\/p>\n<p>En este desbordamiento social, disc\u00falpeme, pero no hay culpa contra el gobierno, pues si bien es evidente su lentitud en la\u00a0 aplicaci\u00f3n de vacunas por un burocratismo absurdo no obstante que se presume llegada y existencia de ellas por millones en nuestro pa\u00eds,\u00a0 tambi\u00e9n es evidente el tortuguismo.<\/p>\n<p>A\u00fan sabiendo la lentitud oficial, cientos y miles de paisanos, de Sonora a Yucat\u00e1n, viajaron al interior e incluso fuera del pa\u00eds, pero tambi\u00e9n nos visitaron cientos y miles de extranjeros, a sus lugares preferidos Canc\u00fan y Acapulco, registrando \u00e9ste, m\u00e1s del 70 por ciento de cupo en hoteles.<\/p>\n<p>Si esos paseos a cielo abierto produjeron contagios, imag\u00ednese a las chiquillas y los chiquillos dentro de un sal\u00f3n de clases. Se da por descontado que en estos escolapios a\u00fan se guarda algo de obediencia a los padres y docentes, pero \u00bfqu\u00e9 pasar\u00eda con un contagio en los j\u00f3venes de secundaria y preparatoria que se comen el mundo a pu\u00f1os?<\/p>\n<p>Fuentes \u201cgeneralmente indesmentibles\u201d escribir\u00edan los reporteros de anta\u00f1o, aseguraron a este espacio que en agosto se anunciar\u00e1 que habr\u00e1 total laxitud y libertad para padres de familia y docentes en cuanto a las famosas \u201cclases presenciales\u201d en los tres niveles de educaci\u00f3n b\u00e1sica. La fuente es de operativos de la SEP.<\/p>\n<p>Esto significa que como rectora de las decisiones nacionales en la materia, la Secretar\u00eda de Educaci\u00f3n P\u00fablica transmitir\u00e1 a los gobernadores estatales esta \u201cdecisi\u00f3n superior\u201d y ser\u00e1n \u00e9stos quienes transmitan la decisi\u00f3n federal, que\u00a0 muchos aplauden por prudente.<\/p>\n<p>Esto es menos malo que anunciar la suspensi\u00f3n de clases en n n\u00famero de planteles del pa\u00eds por posibles contagios y la federaci\u00f3n est\u00e1 escamada, pues la tercera ola crece, lejos de disminuir.<\/p>\n<p><em><a href=\"mailto:elefa44@gmail.com\" target=\"_blank\" rel=\"noopener noreferrer\">elefa44@gmail.com<\/a><\/em><\/p>\n","protected":false},"excerpt":{"rendered":"<p><span style=\"color: #005497;\"><strong>Eleazar Flores<\/strong><\/span><\/p>\n","protected":false},"author":3,"featured_media":0,"comment_status":"open","ping_status":"open","sticky":false,"template":"","format":"standard","meta":{"_monsterinsights_skip_tracking":false,"_monsterinsights_sitenote_active":false,"_monsterinsights_sitenote_note":"","_monsterinsights_sitenote_category":0,"footnotes":""},"categories":[81743],"tags":[81744,81776,43674],"class_list":["post-513664","post","type-post","status-publish","format-standard","hentry","category-eleazar-flores","tag-eleazar-flores","tag-espacio-electoral","tag-opinion"],"_links":{"self":[{"href":"https:\/\/www.diarioimagen.net\/index.php?rest_route=\/wp\/v2\/posts\/513664","targetHints":{"allow":["GET"]}}],"collection":[{"href":"https:\/\/www.diarioimagen.net\/index.php?rest_route=\/wp\/v2\/posts"}],"about":[{"href":"https:\/\/www.diarioimagen.net\/index.php?rest_route=\/wp\/v2\/types\/post"}],"author":[{"embeddable":true,"href":"https:\/\/www.diarioimagen.net\/index.php?rest_route=\/wp\/v2\/users\/3"}],"replies":[{"embeddable":true,"href":"https:\/\/www.diarioimagen.net\/index.php?rest_route=%2Fwp%2Fv2%2Fcomments&post=513664"}],"version-history":[{"count":0,"href":"https:\/\/www.diarioimagen.net\/index.php?rest_route=\/wp\/v2\/posts\/513664\/revisions"}],"wp:attachment":[{"href":"https:\/\/www.diarioimagen.net\/index.php?rest_route=%2Fwp%2Fv2%2Fmedia&parent=513664"}],"wp:term":[{"taxonomy":"category","embeddable":true,"href":"https:\/\/www.diarioimagen.net\/index.php?rest_route=%2Fwp%2Fv2%2Fcategories&post=513664"},{"taxonomy":"post_tag","embeddable":true,"href":"https:\/\/www.diarioimagen.net\/index.php?rest_route=%2Fwp%2Fv2%2Ftags&post=513664"}],"curies":[{"name":"wp","href":"https:\/\/api.w.org\/{rel}","templated":true}]}}