{"id":513689,"date":"2021-07-13T00:12:32","date_gmt":"2021-07-13T05:12:32","guid":{"rendered":"https:\/\/www.diarioimagen.net\/?p=513689"},"modified":"2021-07-13T05:40:33","modified_gmt":"2021-07-13T10:40:33","slug":"llegara-a-tomar-posesion-ramirez-de-la-o","status":"publish","type":"post","link":"https:\/\/www.diarioimagen.net\/?p=513689","title":{"rendered":"\u00bfLlegar\u00e1 a tomar posesi\u00f3n, Ram\u00edrez de la O?\u00a0\u00a0"},"content":{"rendered":"<h2>Tras la puerta del poder<\/h2>\n<h5>Roberto Vizca\u00edno<\/h5>\n<p>&nbsp;<\/p>\n<p>No pocos de quienes lo conocen, temen que el tercer secretario de Hacienda de <strong>Andr\u00e9s Manuel L\u00f3pez Obrador<\/strong>, <strong>Rogelio Ram\u00edrez de la O<\/strong> simplemente no llegue a tomar posesi\u00f3n.<\/p>\n<p>La verdad es que no necesita hacerlo. Odia la burocracia y que lo constri\u00f1an. Y eso es lo que ya entr\u00f3 de lleno a su vida antes de siquiera haberse inaugurado como nuevo titular de Hacienda.<\/p>\n<p>Y es que su jefe ya le comenz\u00f3 a modificar sus proyectos.<\/p>\n<p>\u201cNo le metas tijera aqu\u00ed&#8230; no modifiques aquella cantidad&#8230; \u00a1no me plantees eso!&#8230; no, eso tampoco va&#8230; no&#8230; no&#8230;\u201d<\/p>\n<p>Wikipedia dice que Ram\u00edrez de la O es: \u201c&#8230; un economista, empresario y pol\u00edtico mexicano. Es director y socio \u00fanico de Ecanal S.A., una empresa privada que brinda an\u00e1lisis macroecon\u00f3mico y previsiones sobre M\u00e9xico a empresas, incluidas algunas de las empresas multinacionales m\u00e1s grandes con intereses en M\u00e9xico&#8230;\u201d<\/p>\n<p>Desde esa muy c\u00f3moda orilla, era no s\u00f3lo amigo, sino una especie de consultor y asesor sin mayores compromisos de <strong>Andr\u00e9s Manuel L\u00f3pez Obrador<\/strong>.<\/p>\n<p>Hoy es su empleado.<\/p>\n<p><strong>Ram\u00edrez de la O<\/strong> ve con cierta envidia y temor a su antecesor, <strong>Carlos Urz\u00faa<\/strong>, quien como \u00e9l si sabe de lo que habla, y quien ahora afirma que el mayor problema de M\u00e9xico es que \u201cno hay dinero p\u00fablico\u201d. Es decir, que el gobierno de AMLO ya se quem\u00f3 lo que hab\u00eda en caja.<\/p>\n<p>Y no hay para financiar ni programas sociales, ni compromisos, ni promesas, ni lo que viene.<\/p>\n<p>En una oportuna entrevista otorgada a <strong><em>El Pa\u00eds<\/em><\/strong>, Urz\u00faa afirma que tal como est\u00e1n las cosas, no existe con que ir a un crecimiento ni siquiera m\u00ednimo.<\/p>\n<p>&#8211; \u00bfC\u00f3mo definir\u00eda el estado de la econom\u00eda de M\u00e9xico?, interroga el periodista a Urz\u00faa.<\/p>\n<p>&#8211; <strong>\u201c&#8230; malo\u201d, <\/strong>responde.<\/p>\n<p>Recuerda lo de la cancelaci\u00f3n del Aeropuerto de Texcoco, la p\u00e9rdida de confianza de inversionistas, la baja recaudaci\u00f3n fiscal que sufre el pa\u00eds, las consecuencias de la pandemia, y uno tras otro los errores cometidos por <strong>L\u00f3pez Obrador<\/strong> para concluir que: <strong>\u00a0<\/strong><\/p>\n<p>\u201c&#8230; el estilo personal de gobernar del Presidente es muy autoritario y \u00e9l, en particular, creo que tiene menos inter\u00e9s en escuchar a economistas que el que mostraban muchos presidentes anteriormente. Yo dir\u00eda que hay que remontarse a la \u00e9poca de Luis Echeverr\u00eda, cuando lleg\u00f3 un momento en que la Ppresidencia decid\u00eda en materia econ\u00f3mica, algo as\u00ed est\u00e1 sucediendo ahora. Creo que es un poco por ignorancia, con todo respeto para el presidente, \u00e9l no tiene por qu\u00e9 saber mucho de econom\u00eda&#8230; tambi\u00e9n creo que es porque \u00e9l ten\u00eda varias banderas econ\u00f3micas. La primera: no alzar impuestos y la segunda: <em>No se apuren<\/em>, todos estos d\u00e9ficits y deuda que hemos tenido es simplemente porque hay una corrupci\u00f3n dentro del Gobierno federal, porque se dan unos lujos que nosotros no vamos a tener&#8230;<\/p>\n<p>\u201c\u00c9l usa la palabra \u2018neoliberal\u2019 como un insulto&#8230; en lugar de decir \u2018<em>pendejo\u2019<\/em> o \u2018<em>chinga tu madre\u2019<\/em>, dice \u2018neoliberal\u2019 porque \u00e9l generalmente no dice malas palabras. Creo que es absurda la manera en c\u00f3mo \u00e9l y c\u00f3mo Morena, en general, emplean el t\u00e9rmino.<\/p>\n<p>\u201cLa econom\u00eda mexicana es muy neoliberal. De hecho, nosotros somos una econom\u00eda extraordinariamente abierta para est\u00e1ndares internacionales y dependemos totalmente del comercio exterior. Nuestra suerte est\u00e1 echada desde 1994 y si el T-MEC no florece como yo espero que florezca, pues a ver qu\u00e9 sucede con M\u00e9xico. Entonces, la econom\u00eda mexicana es totalmente neoliberal. Lo \u00fanico que no es neoliberal, probablemente sea esta intervenci\u00f3n en el sector de energ\u00eda. \u00a1Y ya!\u201d.<\/p>\n<p>Revisi\u00f3n, diagn\u00f3stico y prospectiva. Duros de <strong>Urz\u00faa<\/strong>, \u00a1eh! Que deben estar haciendo meditar mucho a <strong>Ram\u00edrez de la O<\/strong>. Yo lo har\u00eda. Ya veremos pronto si toma posesi\u00f3n o huye.<\/p>\n<p style=\"text-align: center;\"><strong>Homenaje de Monreal a sus pares <\/strong><\/p>\n<p><strong>Ricardo Monreal<\/strong> no se intimida por quedar fuera de la lista de aspirantes presidenciales y est\u00e1 decidido a crear sus propias redes de apoyo como esa que fortaleci\u00f3 ayer al rendir homenaje al poderoso sector que forman los abogados.<\/p>\n<p>As\u00ed, al conmemorar el D\u00eda del Abogado, los consider\u00f3 insustituibles \u201cen un tiempo en el que debemos evolucionar e innovar la forma en la que nuestra labor contribuye al desarrollo nacional, a la transformaci\u00f3n de la democracia, al cumplimiento del derecho, a la impartici\u00f3n de justicia\u201d.<\/p>\n<p>El presidente de la Junta de Coordinaci\u00f3n Pol\u00edtica del Senado invit\u00f3 a sus pares, los abogados de M\u00e9xico, \u201clograr que el Derecho sea una noci\u00f3n m\u00e1s cercana a la esfera cotidiana de la sociedad, si usamos las herramientas de nuestra profesi\u00f3n para convertirnos en agentes del cambio social que vive M\u00e9xico&#8230; Este es un d\u00eda para celebrar su profesi\u00f3n, pero tambi\u00e9n para reflexionar sobre el papel nuestro y de esta profesi\u00f3n en el mundo, como el que vivimos ahora\u201d.<\/p>\n<p><em><a href=\"mailto:rvizcainoa@gmail.com\" target=\"_blank\" rel=\"noopener noreferrer\">rvizcainoa@gmail.com<\/a><br \/>\n<u><a href=\"http:\/\/endirecto.mx\" target=\"_blank\" rel=\"noopener noreferrer\">www.endirecto.mx<\/a><br \/>\n<a href=\"https:\/\/twitter.com\/_rvizcaino\" target=\"_blank\" rel=\"noopener noreferrer\">@_RVizcaino<\/a><br \/>\n<a href=\"https:\/\/www.facebook.com\/rvizcainoa\" target=\"_blank\" rel=\"noopener noreferrer\">facebook.com\/rvizcainoa<\/a><\/u><\/em><\/p>\n","protected":false},"excerpt":{"rendered":"<p><span style=\"color: #005497;\"><strong>Roberto Vizca\u00edno<\/strong><\/span><br \/>\n<br \/>\nNo pocos de quienes lo conocen, temen que el tercer secretario de Hacienda de <strong>Andr\u00e9s Manuel L\u00f3pez Obrador<\/strong>, <strong>Rogelio Ram\u00edrez de la O<\/strong> simplemente no llegue a tomar posesi\u00f3n.<\/p>\n","protected":false},"author":3,"featured_media":0,"comment_status":"open","ping_status":"open","sticky":false,"template":"","format":"standard","meta":{"_monsterinsights_skip_tracking":false,"_monsterinsights_sitenote_active":false,"_monsterinsights_sitenote_note":"","_monsterinsights_sitenote_category":0,"footnotes":""},"categories":[136],"tags":[43674,93,94],"class_list":["post-513689","post","type-post","status-publish","format-standard","hentry","category-roberto-vizcaino-opinion","tag-opinion","tag-roberto-vizcaino","tag-tras-la-puerta-del-poder"],"_links":{"self":[{"href":"https:\/\/www.diarioimagen.net\/index.php?rest_route=\/wp\/v2\/posts\/513689","targetHints":{"allow":["GET"]}}],"collection":[{"href":"https:\/\/www.diarioimagen.net\/index.php?rest_route=\/wp\/v2\/posts"}],"about":[{"href":"https:\/\/www.diarioimagen.net\/index.php?rest_route=\/wp\/v2\/types\/post"}],"author":[{"embeddable":true,"href":"https:\/\/www.diarioimagen.net\/index.php?rest_route=\/wp\/v2\/users\/3"}],"replies":[{"embeddable":true,"href":"https:\/\/www.diarioimagen.net\/index.php?rest_route=%2Fwp%2Fv2%2Fcomments&post=513689"}],"version-history":[{"count":0,"href":"https:\/\/www.diarioimagen.net\/index.php?rest_route=\/wp\/v2\/posts\/513689\/revisions"}],"wp:attachment":[{"href":"https:\/\/www.diarioimagen.net\/index.php?rest_route=%2Fwp%2Fv2%2Fmedia&parent=513689"}],"wp:term":[{"taxonomy":"category","embeddable":true,"href":"https:\/\/www.diarioimagen.net\/index.php?rest_route=%2Fwp%2Fv2%2Fcategories&post=513689"},{"taxonomy":"post_tag","embeddable":true,"href":"https:\/\/www.diarioimagen.net\/index.php?rest_route=%2Fwp%2Fv2%2Ftags&post=513689"}],"curies":[{"name":"wp","href":"https:\/\/api.w.org\/{rel}","templated":true}]}}