{"id":513767,"date":"2021-07-14T00:01:17","date_gmt":"2021-07-14T05:01:17","guid":{"rendered":"https:\/\/www.diarioimagen.net\/?p=513767"},"modified":"2021-07-14T06:37:51","modified_gmt":"2021-07-14T11:37:51","slug":"por-el-incremento-de-casos-de-covid-19-el-tianguis-de-los-pueblos-magicos-sera-digital","status":"publish","type":"post","link":"https:\/\/www.diarioimagen.net\/?p=513767","title":{"rendered":"Por el incremento de casos de Covid-19, el Tianguis de los Pueblos M\u00e1gicos ser\u00e1 digital"},"content":{"rendered":"<h2>De cinco estrellas<\/h2>\n<h5>Victoria Gonz\u00e1lez Prado<\/h5>\n<p>&nbsp;<\/p>\n<ul>\n<li><strong><em>El turismo deportivo es de los favoritos en M\u00e9xico, pero este a\u00f1o pocos viajar\u00e1n para apoyar a la Selecci\u00f3n<\/em><\/strong><\/li>\n<li><strong><em>Durante 40 a\u00f1os el Aeropuerto DFW ha sido centro de conexiones para <\/em>American Airlines<\/strong><\/li>\n<\/ul>\n<p>&nbsp;<\/p>\n<div id=\"attachment_513864\" style=\"width: 470px\" class=\"wp-caption aligncenter\"><a href=\"https:\/\/www.diarioimagen.net\/?attachment_id=513864\" rel=\"attachment wp-att-513864\"><img loading=\"lazy\" decoding=\"async\" aria-describedby=\"caption-attachment-513864\" class=\"size-full wp-image-513864\" src=\"https:\/\/www.diarioimagen.net\/wp-content\/uploads\/2021\/07\/turismo-6.jpg\" alt=\"\" width=\"460\" height=\"270\" \/><\/a><p id=\"caption-attachment-513864\" class=\"wp-caption-text\">Durante la conferencia de prensa.<\/p><\/div>\n<p>&nbsp;<\/p>\n<p>La pandemia no da tregua. Sigue cortando alas y posponiendo fiestas, ferias y eventos que, en otros a\u00f1os, disfrutamos. Nos guste o no reconocerlo, los casos por Covid-19 van en aumento y las variantes han llegado al pa\u00eds. Todo ello ha llevado a que el Tianguis de Pueblos M\u00e1gicos que se realizar\u00eda en octubre, de forma presencial, en Pachuca, Hidalgo se celebrar\u00e1 exclusivamente digital.<\/p>\n<p>As\u00ed lo anunci\u00f3 en conferencia de prensa en la Secretar\u00eda de Turismo federal (Sectur), <strong>Omar Fayad Meneses<\/strong>, gobernador de Hidalgo qui\u00e9n asegur\u00f3: \u201cme genera mucha tristeza que el evento no se pueda realizar de forma presencial\u201d. La decisi\u00f3n se tom\u00f3 porque en la regi\u00f3n han pasado de tener 100 casos activos a 600.<\/p>\n<p>\u00abDesgraciadamente, tengo que anunciar que el Tianguis no ser\u00e1 presencial y debemos ser responsables, se ha analizado la situaci\u00f3n y podemos decirles que estamos en un control de la pandemia en Hidalgo que nos ha puesto en sem\u00e1foro verde, pero tenemos temor que pueda haber una crisis que nos lleve a colapsar\u00bb.<\/p>\n<p>Asimismo, el gobernador se\u00f1al\u00f3: \u201cel Tianguis Tur\u00edstico de Pueblos M\u00e1gicos implica gran movilidad de personas. Nos da mucha tristeza no hacerlo presencial, pero es lo mejor\u201d.<\/p>\n<p>Record\u00f3 que el Tianguis de Pueblos M\u00e1gicos contar\u00eda con presencia de municipios de Ecuador, pero se realizar\u00e1n diferentes actividades de forma virtual. Al mismo tiempo, agradeci\u00f3 al presidente de la Rep\u00fablica, <strong>Andr\u00e9s Manuel L\u00f3pez Obrador<\/strong>, por llevar a cabo la edici\u00f3n bianual de este evento en Hidalgo. Este a\u00f1o el evento estar\u00e1 plasmado en el billete de la Loter\u00eda Nacional que se imprimir\u00e1 en octubre pr\u00f3ximo lo que es una forma de seguir apoyando al sector.<\/p>\n<p>Para la tercera versi\u00f3n del Tianguis de Pueblos M\u00e1gicos &#8211;del 29 al 31 de octubre\u2014 se espera que la derrama econ\u00f3mica sea similar a la de 2019 que fue de 147 millones de pesos, cuando el evento fue presencial.<\/p>\n<p><strong>Eduardo Ba\u00f1os G\u00f3mez<\/strong>, secretario de Turismo en Hidalgo,\u00a0reiter\u00f3 que hace dos a\u00f1os, en la primera edici\u00f3n, el Tianguis Tur\u00edstico de Pueblos M\u00e1gicos logr\u00f3 147 millones de pesos de derrama econ\u00f3mica, a trav\u00e9s de los 151 mil asistentes que acudieron al evento, \u00a0\u00a0en las instalaciones de la Feria de Pachuca. \u00abHoy se tuvo que adaptar a la realidad sanitaria, por lo que ser\u00e1 realizado de forma virtual\u00bb.<\/p>\n<p>En su oportunidad, el secretario de Turismo federal, <strong>Miguel Torruco<\/strong> <strong>Marqu\u00e9s<\/strong> recalc\u00f3 que para el evento se emitir\u00e1 billete conmemorativo en Loter\u00eda Naciona y agreg\u00f3\u201d \u201ceste 2021, cada Pueblo M\u00e1gico tendr\u00e1 su stand de negocios, gastron\u00f3mico y artesanal como cada a\u00f1o. Habr\u00e1 capacitaciones en vivo y grabadas para operadores y personal tur\u00edstico que desee tomar cursos o talleres durante el evento\u201d.<\/p>\n<p>En esta versi\u00f3n participar\u00e1n 132 Pueblos M\u00e1gicos a diferencia de los 121 que hab\u00eda en 2020, tras el nombramiento de m\u00e1s municipios al programa.<\/p>\n<p>De igual forma, adelant\u00f3 que el primer Tianguis Internacional de los Pueblos M\u00e1gicos en el extranjero se realizar\u00e1 en 2022, a\u00fan sin sede y sin dar m\u00e1s detalles al respecto.<\/p>\n<p>Para concluir, <strong>Torruco <\/strong><strong>Marqu\u00e9s<\/strong> se\u00f1al\u00f3 que para el D\u00eda de los Pueblos M\u00e1gicos se buscar\u00e1 que todos los municipios realicen alg\u00fan actividad o evento.<\/p>\n<p>\u2730\u2730\u2730\u2730\u2730\u00a0El turismo deportivo fue hasta 2019 muy importante para el sector tur\u00edstico. Este a\u00f1o la Selecci\u00f3n Nacional de M\u00e9xico destaca entre los equipos que juegan en el \u00e1rea de Dallas Fort Worth, adem\u00e1s de las selecciones de El Salvador, Curazao, Martinica y otros pa\u00edses por determinar y, ser\u00e1 dif\u00edcil que haya viajeros hacia esa regi\u00f3n para disfrutar de la Copa Oro.<\/p>\n<p>A\u00fan as\u00ed no podemos dejar de hablar de las sedes \u2013todas cerca de Dallas&#8211;. El <em>AT&amp;T Stadium, <\/em>en Arlington, a 30 kil\u00f3metros de Dallas; el <em>Toyota Stadium,<\/em> en Frisco, y el <em>Cotton Bowl Stadium <\/em>en Dallas dentro de las instalaciones de <em>Fair Park<\/em>. Adem\u00e1s, el 25 de julio se jugar\u00e1n los Cuartos de Final en el<em> AT&amp;T Stadium.<\/em><\/p>\n<p>La Copa de Oro de la Concacaf, es el torneo de f\u00fatbol soccer m\u00e1s importante de Norteam\u00e9rica, Centroam\u00e9rica y El Caribe. M\u00e9xico es ganador hist\u00f3rico con 11 t\u00edtulos, le siguen Estados Unidos con seis; Costa Rica con tres; Canad\u00e1 con dos y, Honduras, Hait\u00ed y Guatemala con un t\u00edtulo. La gran rivalidad de la zona est\u00e1 en los equipos de M\u00e9xico y Estados Unidos, siendo este \u00faltimo, el que cuenta con el m\u00e1ximo goleador del torneo, <strong>Landon Donovan<\/strong>, con 18 anotaciones, apodado \u201cCapit\u00e1n Am\u00e9rica\u201d y que ha jugado en <em>Los \u00c1ngeles Galaxy,<\/em> en el <em>Bayem Munich<\/em>, de Alemania y en el Le\u00f3n F.C. de M\u00e9xico.<\/p>\n<p>Los partidos de M\u00e9xico son muy esperados por la numerosa comunidad mexicana y ser\u00e1n hoy 14 de julio contra Curazao en el <em>Cotton Bowl Stadium <\/em>y el 18 de julio contra El Salvador en el mismo estadio. \u00a1M\u00e9xico jugar\u00e1 como local!<\/p>\n<p>La <em>Golden Cup,<\/em> en ingl\u00e9s, marca el regreso de los grandes torneos de f\u00fatbol a Estados Unidos y a Dallas Fort Worth en particular. Para Dallas es muy importante este torneo porque es uno de los eventos preferidos de la comunidad hispana y demostrar\u00e1 que el \u00e1rea es perfecta para los juegos de la Copa del Mundo <em>United 2026<\/em> que podr\u00eda tener como sede Dallas.<\/p>\n<p>Si est\u00e1s en Dallas o viajas a esa ciudad disfruta del mejor f\u00fatbol soccer de la zona, la hospitalidad de la ciudad y cientos de atracciones. \u00a1Vamos a volver a disfrutar la intensidad del f\u00fatbol, sitio de la Copa de Oro 2021!<\/p>\n<p>\u2730\u2730\u2730\u2730\u2730\u00a0Junio es mes muy importante para el Aeropuerto Internacional Dallas Fort Worth (DFW)\u00a0 y este junio pasado fue aun m\u00e1s al celebrar 40 a\u00f1os de ser el centro de conexiones para <em>American Airlines<\/em>. El aeropuerto hab\u00eda servido a la aerol\u00ednea durante a\u00f1os, 1981 marc\u00f3 su primera designaci\u00f3n como <em>hub.<\/em> Desde entonces, la presencia de aerol\u00ednea en el aeropuerto se ha incrementado, convirti\u00e9ndose en la m\u00e1s grande de los Estados Unidos, con DFW como su centro principal de operaciones.<\/p>\n<p>La compa\u00f1\u00eda a\u00e9rea ha tenido presencia en el Aeropuerto Internacional DFW desde 1930, y en 1979, traslad\u00f3 su sede de la ciudad de Nueva York a Fort Worth. En 1981 increment\u00f3 sus vuelos diarios desde DFW de 128 a 218, y aument\u00f3 los destinos a los que serv\u00eda de 47 a 59.<\/p>\n<p>En la actualidad, <em>American Airlines<\/em> opera 870 vuelos diarios desde el Aeropuerto de DFW, lo que se traduce en 88 por ciento de los pasajeros que llegan o transitan por \u00e9l. Los competidores como Delta y <em>United<\/em> han reducido su presencia en el aeropuerto.<\/p>\n<p><em>American Airlines<\/em> ayuda a que otros socios de <em>oneworld<\/em> con vuelos directos a DFW, como <em>British Airways, Qatar Airways, Qantas<\/em> y <em>Japan Airlines <\/em>lleguen. Esto ha dado gran impulso para el aeropuerto, que registr\u00f3 tr\u00e1fico r\u00e9cord de 75 millones de pasajeros en 2019, 25 por ciento m\u00e1s que hace dos d\u00e9cadas.<\/p>\n<p>Cabe recordar que el Aeropuerto de DFW tiene extensi\u00f3n de m\u00e1s de 17 mil hect\u00e1reas, siete pistas y cinco terminales, es m\u00e1s grande que la isla de Manhattan. Por ello el <em>hub<\/em> de <em>American Airlines<\/em> ha podido albergar nuevas terminales, hangares de mantenimiento y otras instalaciones importantes.<\/p>\n<p>&nbsp;<\/p>\n<blockquote>\n<p style=\"text-align: right;\">\u201c<strong>El<\/strong> <strong>\u00e1ngel de la fama tiene sus alas hechas de papel&#8230; peri\u00f3dico\u201d.<br \/>\n<\/strong><\/p>\n<\/blockquote>\n<p>&nbsp;<\/p>\n<p><em><span class=\"Apple-converted-space\"><a href=\"mailto:victoriagprado@gmail.com\" target=\"_blank\" rel=\"noopener noreferrer\">victoriagprado@gmail.com<\/a><br \/>\nTwitter: <a href=\"https:\/\/twitter.com\/victoriagprado\" target=\"_blank\" rel=\"noopener noreferrer\">@victoriagprado<\/a><\/span><\/em><\/p>\n","protected":false},"excerpt":{"rendered":"<p>La pandemia no da tregua. Sigue cortando alas y posponiendo fiestas, ferias y eventos que, en otros a\u00f1os, disfrutamos. Nos guste o no reconocerlo, los casos por Covid-19 van en aumento y las variantes han llegado al pa\u00eds. Todo ello ha llevado a que el Tianguis de Pueblos M\u00e1gicos que se realizar\u00eda en octubre, de forma presencial, en Pachuca, Hidalgo se celebrar\u00e1 exclusivamente digital.<\/p>\n","protected":false},"author":3,"featured_media":513864,"comment_status":"open","ping_status":"open","sticky":false,"template":"","format":"standard","meta":{"_monsterinsights_skip_tracking":false,"_monsterinsights_sitenote_active":false,"_monsterinsights_sitenote_note":"","_monsterinsights_sitenote_category":0,"footnotes":""},"categories":[11],"tags":[107,43674,106],"class_list":["post-513767","post","type-post","status-publish","format-standard","has-post-thumbnail","hentry","category-turismo","tag-de-cinco-estrellas","tag-opinion","tag-victoria-gonzalez-prado"],"_links":{"self":[{"href":"https:\/\/www.diarioimagen.net\/index.php?rest_route=\/wp\/v2\/posts\/513767","targetHints":{"allow":["GET"]}}],"collection":[{"href":"https:\/\/www.diarioimagen.net\/index.php?rest_route=\/wp\/v2\/posts"}],"about":[{"href":"https:\/\/www.diarioimagen.net\/index.php?rest_route=\/wp\/v2\/types\/post"}],"author":[{"embeddable":true,"href":"https:\/\/www.diarioimagen.net\/index.php?rest_route=\/wp\/v2\/users\/3"}],"replies":[{"embeddable":true,"href":"https:\/\/www.diarioimagen.net\/index.php?rest_route=%2Fwp%2Fv2%2Fcomments&post=513767"}],"version-history":[{"count":0,"href":"https:\/\/www.diarioimagen.net\/index.php?rest_route=\/wp\/v2\/posts\/513767\/revisions"}],"wp:featuredmedia":[{"embeddable":true,"href":"https:\/\/www.diarioimagen.net\/index.php?rest_route=\/wp\/v2\/media\/513864"}],"wp:attachment":[{"href":"https:\/\/www.diarioimagen.net\/index.php?rest_route=%2Fwp%2Fv2%2Fmedia&parent=513767"}],"wp:term":[{"taxonomy":"category","embeddable":true,"href":"https:\/\/www.diarioimagen.net\/index.php?rest_route=%2Fwp%2Fv2%2Fcategories&post=513767"},{"taxonomy":"post_tag","embeddable":true,"href":"https:\/\/www.diarioimagen.net\/index.php?rest_route=%2Fwp%2Fv2%2Ftags&post=513767"}],"curies":[{"name":"wp","href":"https:\/\/api.w.org\/{rel}","templated":true}]}}