{"id":513781,"date":"2021-07-14T00:02:59","date_gmt":"2021-07-14T05:02:59","guid":{"rendered":"https:\/\/www.diarioimagen.net\/?p=513781"},"modified":"2021-07-14T08:44:20","modified_gmt":"2021-07-14T13:44:20","slug":"primera-campana-de-reforestacion-municipal-en-el-mercado-san-pablito","status":"publish","type":"post","link":"https:\/\/www.diarioimagen.net\/?p=513781","title":{"rendered":"Primera Campa\u00f1a de Reforestaci\u00f3n Municipal en el mercado San Pablito"},"content":{"rendered":"<p>&nbsp;<\/p>\n<ul>\n<li><strong><em>La encabeza alcalde de Tultepec<\/em><\/strong><\/li>\n<\/ul>\n<p>&nbsp;<\/p>\n<div id=\"attachment_513874\" style=\"width: 470px\" class=\"wp-caption aligncenter\"><a href=\"https:\/\/www.diarioimagen.net\/?attachment_id=513874\" rel=\"attachment wp-att-513874\"><img loading=\"lazy\" decoding=\"async\" aria-describedby=\"caption-attachment-513874\" class=\"size-full wp-image-513874\" src=\"https:\/\/www.diarioimagen.net\/wp-content\/uploads\/2021\/07\/tultepec.jpg\" alt=\"\" width=\"460\" height=\"270\" \/><\/a><p id=\"caption-attachment-513874\" class=\"wp-caption-text\">El alcalde Marco Antonio Cruz Cruz acompa\u00f1ado por integrantes del cabildo y locatarios de San Pablito encabezaron el inicio de la Campa\u00f1a de Reforestaci\u00f3n Municipal 2021.<\/p><\/div>\n<p>&nbsp;<\/p>\n<p><strong>Tultepec, Estado de M\u00e9xico<\/strong>. &#8211; Con el objetivo de generar una barrera natural al interior del Mercado de Artesan\u00edas Pirot\u00e9cnicas de San Pablito, el alcalde Marco Antonio Cruz Cruz acompa\u00f1ado por integrantes del cabildo, directores y jefes de \u00e1rea de la administraci\u00f3n municipal 2019-2021 y locatarios; encabezaron el inicio de la Campa\u00f1a de Reforestaci\u00f3n Municipal 2021, Yo planto mi futuro.<\/p>\n<p>El edil anunci\u00f3 la construcci\u00f3n de una techumbre de 15 por 15 metros para reuniones y otras actividades de los locatarios de este emblem\u00e1tico recinto, en cumplimiento de un acuerdo con la mesa directiva del mercado de aportar peso por peso en el pago de sus contribuciones de predial y agua potable.<\/p>\n<p>\u201cParte de los acuerdos fue que por cada \u00e1rbol que pusiera la mesa directiva el Ayuntamiento pondr\u00eda uno m\u00e1s, de manera que hoy sembramos 200 cipreses italianos de m\u00e1s de dos metros, con lo que arranc\u00f3 formalmente la campa\u00f1a de reforestaci\u00f3n 2021, Gracias por dejar tu huella, que durar\u00e1 los meses de julio y agosto\u201d.<\/p>\n<p>De igual forma el presidente municipal y su comitiva acudieron al Parque Club Canino, ubicado a un costado del fraccionamiento Villas de Loreto, donde continu\u00f3 la campa\u00f1a de reforestaci\u00f3n agradeciendo \u201cla participaci\u00f3n vecinal y de familias completas, por inculcar en sus ni\u00f1os el amor por la naturaleza y contribuir con ello en el cuidado del ambiente\u201d.<\/p>\n<p>As\u00ed, con la participaci\u00f3n de vecinos de los fraccionamientos Villas de Loreto, Real de Tultepec, Arcos Tultepec y Los Pinos; autoridades municipales sembraron en el lugar 100 cipreses italianos de m\u00e1s de dos metros, adem\u00e1s de donar cerca de 150 \u00e1rboles de las especies sangre libanesa, trueno y cipr\u00e9s italiano entre los vecinos, quienes recibieron a la par un certificado de adopci\u00f3n y cuidado de los mismos.<\/p>\n<p>El Ejecutivo municipal record\u00f3 que hace m\u00e1s de un a\u00f1o hizo el compromiso de pavimentar y ampliar la calle Amado Nervo, colindante entre la colonia San Pablito y el fraccionamiento Real de Tultepec, misma que adem\u00e1s fue reforestada con los \u00e1rboles que fueron retirados de la Plaza Hidalgo en el centro del municipio, debido a que est\u00e1 siendo remodelada.<\/p>\n<p>Inform\u00f3 finalmente que, en el Parque Club Canino Tultepec, que pr\u00f3ximamente ser\u00e1 inaugurado, habr\u00e1 personal calificado en el entrenamiento de perros, adem\u00e1s de que contar\u00e1 con una trotapista y se est\u00e1n colocando juegos infantiles y aparatos de ejercicio al aire libre; \u201cde manera que el lugar sea un espacio integral de convivencia para vecinos de la zona y sus mascotas\u201d.<\/p>\n","protected":false},"excerpt":{"rendered":"<p>&nbsp; La encabeza alcalde de Tultepec &nbsp; &nbsp; Tultepec, Estado de M\u00e9xico. &#8211; Con el objetivo de generar una barrera natural al interior del Mercado de Artesan\u00edas Pirot\u00e9cnicas de San Pablito, el alcalde Marco Antonio Cruz Cruz acompa\u00f1ado por integrantes del cabildo, directores y jefes de \u00e1rea de la administraci\u00f3n municipal 2019-2021 y locatarios; encabezaron [&hellip;]<\/p>\n","protected":false},"author":3,"featured_media":513874,"comment_status":"open","ping_status":"open","sticky":false,"template":"","format":"standard","meta":{"_monsterinsights_skip_tracking":false,"_monsterinsights_sitenote_active":false,"_monsterinsights_sitenote_note":"","_monsterinsights_sitenote_category":0,"footnotes":""},"categories":[5],"tags":[43675,91055,56656,3802],"class_list":["post-513781","post","type-post","status-publish","format-standard","has-post-thumbnail","hentry","category-estado-de-mexico","tag-estado-de-mexico","tag-marco-antonio-cruz-cruz","tag-san-pablito","tag-tultepec"],"_links":{"self":[{"href":"https:\/\/www.diarioimagen.net\/index.php?rest_route=\/wp\/v2\/posts\/513781","targetHints":{"allow":["GET"]}}],"collection":[{"href":"https:\/\/www.diarioimagen.net\/index.php?rest_route=\/wp\/v2\/posts"}],"about":[{"href":"https:\/\/www.diarioimagen.net\/index.php?rest_route=\/wp\/v2\/types\/post"}],"author":[{"embeddable":true,"href":"https:\/\/www.diarioimagen.net\/index.php?rest_route=\/wp\/v2\/users\/3"}],"replies":[{"embeddable":true,"href":"https:\/\/www.diarioimagen.net\/index.php?rest_route=%2Fwp%2Fv2%2Fcomments&post=513781"}],"version-history":[{"count":0,"href":"https:\/\/www.diarioimagen.net\/index.php?rest_route=\/wp\/v2\/posts\/513781\/revisions"}],"wp:featuredmedia":[{"embeddable":true,"href":"https:\/\/www.diarioimagen.net\/index.php?rest_route=\/wp\/v2\/media\/513874"}],"wp:attachment":[{"href":"https:\/\/www.diarioimagen.net\/index.php?rest_route=%2Fwp%2Fv2%2Fmedia&parent=513781"}],"wp:term":[{"taxonomy":"category","embeddable":true,"href":"https:\/\/www.diarioimagen.net\/index.php?rest_route=%2Fwp%2Fv2%2Fcategories&post=513781"},{"taxonomy":"post_tag","embeddable":true,"href":"https:\/\/www.diarioimagen.net\/index.php?rest_route=%2Fwp%2Fv2%2Ftags&post=513781"}],"curies":[{"name":"wp","href":"https:\/\/api.w.org\/{rel}","templated":true}]}}