{"id":513795,"date":"2021-07-14T00:15:18","date_gmt":"2021-07-14T05:15:18","guid":{"rendered":"https:\/\/www.diarioimagen.net\/?p=513795"},"modified":"2021-07-14T04:17:09","modified_gmt":"2021-07-14T09:17:09","slug":"violencia-e-ingobernabilidad","status":"publish","type":"post","link":"https:\/\/www.diarioimagen.net\/?p=513795","title":{"rendered":"Violencia e ingobernabilidad"},"content":{"rendered":"<h2>Por la Derecha..!<\/h2>\n<h5>Luis \u00c1ngel Garc\u00eda<\/h5>\n<p>&nbsp;<\/p>\n<p>El vac\u00edo de gobernabilidad avanza inexorablemente en el pa\u00eds y se hace real la develaci\u00f3n que hizo hace meses el Pent\u00e1gono de que el crimen organizado controla el 40 por ciento del territorio nacional. Ese panorama de ingobernabilidad ha permitido el regreso de las autodefensas civiles como \u00faltimo recurso para enfrentar la violencia que genera el narcotr\u00e1fico ante los nulos planes de seguridad del gobierno. Peligra el Estado de Derecho.<\/p>\n<p>La inseguridad es el tal\u00f3n de Aquiles de la actual administraci\u00f3n y no s\u00f3lo enfrenta la peor ola de violencia de las \u00faltimas d\u00e9cadas, perdi\u00f3 tambi\u00e9n la gobernanza en muchos de los municipios del pa\u00eds, donde las funciones del quehacer p\u00fablico las ejercen los criminales. A la violencia pol\u00edtica se sum\u00f3 el financiamiento il\u00edcito de las campa\u00f1as y la imposici\u00f3n de candidatos hasta para gobernador.<\/p>\n<p>Sin pol\u00edtica p\u00fablica de seguridad, el gobierno parece haber pactado con la delincuencia el dejarlos operar con libertad e impunidad a cambio de no afectar el orden social. Pero parece que la estrategia de \u201cdejar hacer, dejar pasar\u201d no necesariamente se ha traducido en paz social y ha deteriorado la gobernanza. Los homicidios dolosos -la cifra m\u00e1s alta en los \u00faltimos sexenios-, contemplan los ajustes de cuentas entre bandas rivales, pero cada vez es m\u00e1s alto el n\u00famero de v\u00edctimas inocentes, poblaci\u00f3n civil que es acribillada, ejecutada, desaparecida o simplemente como da\u00f1o colateral en esta guerra por las drogas y el control de territorios.<\/p>\n<p>Estados como Michoac\u00e1n, Guerrero, Zacatecas, Guanajuato, Veracruz, Quintana Roo, Chiapas, Tamaulipas y Nuevo Le\u00f3n, entre otras entidades, han visto trastocada la vida cotidiana de los gobernados por escenas de asesinatos, secuestros, extorsiones, \u201clevantones\u201d, masacres, cobro de derecho de piso, control de v\u00edas de comunicaci\u00f3n para condicionar el libre tr\u00e1nsito ante la mirada pasiva -si no es que c\u00f3mplice-, de autoridades policiacas e incluso de gobernadores que s\u00f3lo prometen dar seguridad parcial en carreteras con horario de d\u00eda. Claudic\u00f3 el poder civil frente a la acometida de un grupo de presi\u00f3n -el narcotr\u00e1fico-, el cual se ha convertido en un poder de facto.<\/p>\n<p>El fen\u00f3meno de la violencia contra la sociedad, especialmente el ciudadano de la calle y los empresarios y comerciantes hizo reaparecer la creaci\u00f3n de las guardias civiles o autodefensas, las cuales se hab\u00edan institucionalizado o desaparecido para participar en la pol\u00edtica o aceptar cargos en la administraci\u00f3n p\u00fablica. Sin embargo, nuevamente hacen su aparici\u00f3n con el reclutamiento de ni\u00f1os de doce a\u00f1os hartos de ver c\u00f3mo matan a sus padres, violan a las mujeres de sus aldeas, les roban sus tierras o los hacen huir. A los desplazamientos de comunidades enteras se suma la indignaci\u00f3n que provoca en los agricultores -entre ellos los del aguacate-, la inacci\u00f3n de los gobiernos ante las extorsiones, el pago de cuotas por transitar con sus mercanc\u00edas o de plano el robo de productos de que son objeto.<\/p>\n<p>En el sureste mexicano se vive la masacre de ind\u00edgenas, los conflictos entre comunidades, el despojo de tierras y el crimen que deja el paso de droga desde Guatemala, el dominio de la violencia por caciques y narcotraficantes ante la complacencia o vac\u00edo de poder de las autoridades civiles de los tres \u00f3rdenes de gobierno.<\/p>\n<p>A menos de la mitad del sexenio, la crisis de inseguridad que vive el pa\u00eds ha contaminado la gobernanza, el pacto social se resquebraj\u00f3 en casi la mitad del pa\u00eds para permitir que el crimen organizado controle a los gobiernos, corrompa a las polic\u00edas y a funcionarios para mantener la impunidad de sus actividades il\u00edcitas. La estrategia de \u201cabrazos y no balazos\u201d solo debilit\u00f3 el Estado de Derecho y le abri\u00f3 las puertas a un \u201cnarcoestado\u201d.<\/p>\n","protected":false},"excerpt":{"rendered":"<p><span style=\"color: #005497;\"><strong>Luis \u00c1ngel Garc\u00eda<\/strong><\/span><br \/>\n<br \/>\nEl vac\u00edo de gobernabilidad avanza inexorablemente en el pa\u00eds y se hace real la develaci\u00f3n que hizo hace meses el Pent\u00e1gono de que el crimen organizado controla el 40 por ciento del territorio nacional.<\/p>\n","protected":false},"author":3,"featured_media":0,"comment_status":"open","ping_status":"open","sticky":false,"template":"","format":"standard","meta":{"_monsterinsights_skip_tracking":false,"_monsterinsights_sitenote_active":false,"_monsterinsights_sitenote_note":"","_monsterinsights_sitenote_category":0,"footnotes":""},"categories":[92115],"tags":[92117,43674,92116],"class_list":["post-513795","post","type-post","status-publish","format-standard","hentry","category-luis-angel-garcia","tag-luis-angel-garcia","tag-opinion","tag-por-la-derecha"],"_links":{"self":[{"href":"https:\/\/www.diarioimagen.net\/index.php?rest_route=\/wp\/v2\/posts\/513795","targetHints":{"allow":["GET"]}}],"collection":[{"href":"https:\/\/www.diarioimagen.net\/index.php?rest_route=\/wp\/v2\/posts"}],"about":[{"href":"https:\/\/www.diarioimagen.net\/index.php?rest_route=\/wp\/v2\/types\/post"}],"author":[{"embeddable":true,"href":"https:\/\/www.diarioimagen.net\/index.php?rest_route=\/wp\/v2\/users\/3"}],"replies":[{"embeddable":true,"href":"https:\/\/www.diarioimagen.net\/index.php?rest_route=%2Fwp%2Fv2%2Fcomments&post=513795"}],"version-history":[{"count":0,"href":"https:\/\/www.diarioimagen.net\/index.php?rest_route=\/wp\/v2\/posts\/513795\/revisions"}],"wp:attachment":[{"href":"https:\/\/www.diarioimagen.net\/index.php?rest_route=%2Fwp%2Fv2%2Fmedia&parent=513795"}],"wp:term":[{"taxonomy":"category","embeddable":true,"href":"https:\/\/www.diarioimagen.net\/index.php?rest_route=%2Fwp%2Fv2%2Fcategories&post=513795"},{"taxonomy":"post_tag","embeddable":true,"href":"https:\/\/www.diarioimagen.net\/index.php?rest_route=%2Fwp%2Fv2%2Ftags&post=513795"}],"curies":[{"name":"wp","href":"https:\/\/api.w.org\/{rel}","templated":true}]}}