{"id":513805,"date":"2021-07-14T00:02:45","date_gmt":"2021-07-14T05:02:45","guid":{"rendered":"https:\/\/www.diarioimagen.net\/?p=513805"},"modified":"2021-07-14T03:38:19","modified_gmt":"2021-07-14T08:38:19","slug":"carrera-al-2024-cortina-de-humo-favorita-de-la-4t","status":"publish","type":"post","link":"https:\/\/www.diarioimagen.net\/?p=513805","title":{"rendered":"Carrera al 2024, \u201ccortina de humo\u201d favorita de la 4T"},"content":{"rendered":"<h2>La Retaguardia<\/h2>\n<h5>Adriana Moreno Cordero<em>\u00a0<\/em><\/h5>\n<p>&nbsp;<\/p>\n<ul>\n<li><strong><em>Ebrard se \u201cdestapa\u201d, cree que se la debe AMLO; Cuitl\u00e1huac Garc\u00eda, de risa loca<\/em><\/strong><\/li>\n<\/ul>\n<p>&nbsp;<\/p>\n<p>La carrera al 2024, sigue siendo la \u201ccortina de humo\u201d favorita de los integrantes de esta errada y llamada Cuarta Transformaci\u00f3n para continuar tapando los graves problemas por los que transita este pa\u00eds porque ya rebasaron a la actual administraci\u00f3n y una vez que el presidente <strong>Andr\u00e9s Manuel L\u00f3pez Obrador<\/strong> se autoerigi\u00f3 como el m\u00e1ximo \u201cdestapador\u201d, de inmediato volvieron a saltar a la escena los aspirantes.<\/p>\n<p>As\u00ed, luego de que el inquilino de Palacio Nacional lleva un tiempo cuidando a su carta favorita, la jefa de Gobierno de la Ciudad de M\u00e9xico, <strong>Claudia Sheinbaum<\/strong>, en el gustad\u00edsimo \u201cstand-up\u201d ma\u00f1anero, apenas de regreso de su viaje por varios pa\u00edses con el pretexto de negociar las vacunas contra Covid-19, a donde lo mandaron para ver si de esta manera se pod\u00eda quitar de encima los se\u00f1alamientos por su responsabilidad en la tragedia de la L\u00ednea 12, en Palacio Nacional, <strong>Marcelo Ebrard<\/strong> hizo p\u00fablicas sus aspiraciones a 2024.<\/p>\n<p>El secretario de Relaciones Exteriores siente que L\u00f3pez Obrador se la debe. Cuesti\u00f3n de recordar que hace a\u00f1os, el hoy canciller le cedi\u00f3 el lugar al tabasque\u00f1o para la carrera presidencial de 2012. De acuerdo a diversos analistas, en aquella ocasi\u00f3n perdi\u00f3 la candidatura del PRD, pero al final habr\u00eda ganado m\u00e1s porque se supone que logr\u00f3 homogeneizar a las diversas \u201ctribus\u201d del sol azteca, hoy la mayor\u00eda, aglutinadas en Morena.<\/p>\n<p>Por cierto, en aquella \u00e9poca, Ebrard se desempe\u00f1aba como jefe de Gobierno del entonces Distrito Federal y era, precisamente, cuando trabajaba por la L\u00ednea 12 del Metro, a la que \u201cbautiz\u00f3\u201d como la tristemente famosa \u201cL\u00ednea Dorada\u201d. Hace nueve a\u00f1os, el actual flamante\u00a0 canciller desminti\u00f3 que fuera a buscar un esca\u00f1o en el Senado de la Rep\u00fablica o una curul en la C\u00e1mara de Diputados. Por lo visto, el titular de la SRE futureaba y le sali\u00f3 el \u201ctiro\u201d.<\/p>\n<p>Esto, mientras, por otra parte, en la sesi\u00f3n de la Comisi\u00f3n Permanente, se registraron tironeos y discusi\u00f3n \u00e1spera cuando el presidente de esa instancia legislativa, <strong>Eduardo Ram\u00edrez<\/strong>, inform\u00f3 al Pleno que la Mesa Directiva decidi\u00f3 diferir el debate del dictamen que convoca a la C\u00e1mara de Diputados a un periodo de sesiones extraordinario.<\/p>\n<p>El referido dictamen establece que la C\u00e1mara de Diputados abordar\u00e1, exclusivamente y en sesi\u00f3n semipresencial, la resoluci\u00f3n de la Secci\u00f3n Instructora respecto al expediente de declaratoria de procedencia relacionada con <strong>Uriel Carmona G\u00e1ndara<\/strong>, Fiscal General de Morelos y que\u00a0adem\u00e1s, resolver\u00e1 sobre los dict\u00e1menes de la Secci\u00f3n Instructora que declaran la procedencia de la acci\u00f3n penal en contra de los diputados <strong>Benjam\u00edn Sa\u00fal Huerta Corona<\/strong> y <strong>Mauricio Toledo Guti\u00e9rrez<\/strong>, quien inexplicablemente consigui\u00f3 ser reelecto.<\/p>\n<p>Al entrar en explicaciones, el senador Eduardo Ram\u00edrez manifest\u00f3 que se tom\u00f3 la decisi\u00f3n de posponer la discusi\u00f3n y votaci\u00f3n de este documento para internar construir una mayor\u00eda calificada que permita transitar estos temas que le corresponden a la C\u00e1mara de Diputados.\u00a0\u00a0Pero a como est\u00e1n las cosas en la C\u00e1mara alta -hirviendo-, ser\u00e1 muy dif\u00edcil conseguirla.<\/p>\n<p>Entonces, se vino la discusi\u00f3n en la que protestaron en la tribuna una de las mism\u00edsimas r\u00e9moras del partido oficial, es decir, el PT, v\u00eda su refinado diputado <strong>Gerardo Fern\u00e1ndez Noro\u00f1a<\/strong>, que entr\u00f3 en una acre discusi\u00f3n con la bancada de Morena, \u00bfy as\u00ed se promueve como sucesor del \u201ccompa\u00f1ero presidente (L\u00f3pez Obrador)\u201d? No cabe duda que est\u00e1 \u201cen la olla\u201d y totalmente descalificado.<\/p>\n<p>Ah\u00ed est\u00e1 como muestra, que el diputado morenista, <strong>Rub\u00e9n Cayetano Garc\u00eda<\/strong>, acus\u00f3 que hay \u201cextra\u00f1os acuerdos\u201d e \u201cintereses mezquinos\u201d para impedir que la C\u00e1mara de Diputados ejerza sus atribuciones constitucionales en este tema, a lo que Fern\u00e1ndez Noro\u00f1a se\u00f1al\u00f3 que se trat\u00f3 de un acuerdo de la Junta de Coordinaci\u00f3n Pol\u00edtica y s\u00ed se pudo detectar que el PT tiene especial inter\u00e9s en proteger a su legislador favorito, Mauricio Toledo.<\/p>\n<p>Por su parte, la diputada pri\u00edsta <strong>Dulce Mar\u00eda Sauri Riacho<\/strong>,\u00a0asever\u00f3 que, de votar el dictamen, los integrantes de la Comisi\u00f3n Permanente podr\u00edan incurrir en la violaci\u00f3n de un amparo con el que cuenta el Fiscal General de Morelos, lo que traer\u00eda consecuencias jur\u00eddicas graves para el sistema jur\u00eddico, incluso para la propia C\u00e1mara de Diputados.<\/p>\n<p>El panista <strong>Marco Antonio Adame Castillo<\/strong>, sugiri\u00f3 atender, por separado, cada uno de los tres casos, pues \u201cpreocupa de manera especial el caso que tiene que ver con el abuso de un menor, (Sa\u00fal Huerta), ya que merece que, quien est\u00e1 en esa presunci\u00f3n enfrente la justicia\u201d.\u00a0Hay que destacar que la bancada del PAN s\u00f3lo est\u00e1 dispuesta a abordar los desafueros de Mauricio Toledo y Sa\u00fal Huerta, no as\u00ed el del Fiscal de Morelos.<\/p>\n<p style=\"text-align: center;\"><strong>Municiones<\/strong><\/p>\n<p>*** Resultado de la resoluci\u00f3n que el pasado 7 de julio emiti\u00f3 la Sala Superior del Tribunal Electoral del Poder Judicial de la Federaci\u00f3n (TEPJF) que confirm\u00f3 el mandato del Tribunal Electoral del Estado de Baja California, <strong>Jorge Hank Rhon<\/strong>, ex candidato del PES a la gubernatura del estado, ofreci\u00f3 una disculpa p\u00fablica a las mujeres por las expresiones vertidas en el mes de enero de este a\u00f1o y que fueron sancionadas como <em>violencia pol\u00edtica en raz\u00f3n de g\u00e9nero.\u00a0 <\/em>Adicionalmente a este ordenamiento, el ingeniero Hank Rhon tom\u00f3 un curso en l\u00ednea con duraci\u00f3n de cuatro horas denominado <em>Introducci\u00f3n a la igualdad entre mujeres y hombres<\/em> y recibi\u00f3 una constancia avalada por el Instituto Nacional de las Mujeres, firmada por su titular <strong>Nadine Flora Gasman Zylbermann<\/strong>.<\/p>\n<p>***\u00bfY qui\u00e9n le pregunt\u00f3?, \u00bfalguien deveras cree que la secretaria de Gobernaci\u00f3n, <strong>Olga S\u00e1nchez Cordero,<\/strong> tendr\u00eda alguna posibilidad para 2024?, no s\u00f3lo por la edad, sino porque ni siquiera sus funciones de ornato al frente de la Segob, ha podido cumplir a cabalidad. Qu\u00e9 bueno que la ministra en retiro anunci\u00f3 que una vez concluida su labor como responsable de la pol\u00edtica interior del pa\u00eds, pretende jubilarse. Es que todos est\u00e1bamos tan preocupados.<\/p>\n<p>***\u00a0 De risa loca, no pueden considerarse de otra forma las declaraciones ni m\u00e1s ni menos que del gobernador consentido del presidente L\u00f3pez Obrador, <strong>Cuitl\u00e1huac Garc\u00eda,<\/strong> quien, a lo mejor sin medir la consecuencia de sus palabras y con una asombrosa ignorancia, dijo que el cambio de esta llamada y errada cuarta transformaci\u00f3n ya se deja ver, \u00a1en los ba\u00f1os de las gasolineras!, porque ya no cobran. Quienes lo escuchaban se re\u00edan, pero no con \u00e9l, sino de \u00e9l, o sea que le pas\u00f3 igualito que a la secretaria de Econom\u00eda, <strong>Roc\u00edo Nahle<\/strong>, cuando dijo aquello de que en una reuni\u00f3n internacional sobre energ\u00e9ticos, los \u00e1rabes le hab\u00edan aplaudido. Hay que recordarle al gobernador veracruzano que todav\u00eda su amado jefe y l\u00edder, no inventa las \u201cGasoliner\u00edas Bienestar\u201d y de pasadita, que el litro de este hidrocarburo, no cuesta 10 pesos, como lo prometi\u00f3 su l\u00edder m\u00e1ximo.<\/p>\n<p><u><a href=\"mailto:morcora@gmail.com\" target=\"_blank\" rel=\"noopener noreferrer\"><em>morcora@gmail.com<\/em><\/a><\/u><\/p>\n","protected":false},"excerpt":{"rendered":"<p><span style=\"color: #005497;\"><strong>Adriana Moreno Cordero<\/strong><\/span><\/p>\n","protected":false},"author":3,"featured_media":0,"comment_status":"open","ping_status":"open","sticky":false,"template":"","format":"standard","meta":{"_monsterinsights_skip_tracking":false,"_monsterinsights_sitenote_active":false,"_monsterinsights_sitenote_note":"","_monsterinsights_sitenote_category":0,"footnotes":""},"categories":[69370],"tags":[69369,69368,43674],"class_list":["post-513805","post","type-post","status-publish","format-standard","hentry","category-adriana-moreno-cordero","tag-adriana-moreno-cordero","tag-la-retaguardia","tag-opinion"],"_links":{"self":[{"href":"https:\/\/www.diarioimagen.net\/index.php?rest_route=\/wp\/v2\/posts\/513805","targetHints":{"allow":["GET"]}}],"collection":[{"href":"https:\/\/www.diarioimagen.net\/index.php?rest_route=\/wp\/v2\/posts"}],"about":[{"href":"https:\/\/www.diarioimagen.net\/index.php?rest_route=\/wp\/v2\/types\/post"}],"author":[{"embeddable":true,"href":"https:\/\/www.diarioimagen.net\/index.php?rest_route=\/wp\/v2\/users\/3"}],"replies":[{"embeddable":true,"href":"https:\/\/www.diarioimagen.net\/index.php?rest_route=%2Fwp%2Fv2%2Fcomments&post=513805"}],"version-history":[{"count":0,"href":"https:\/\/www.diarioimagen.net\/index.php?rest_route=\/wp\/v2\/posts\/513805\/revisions"}],"wp:attachment":[{"href":"https:\/\/www.diarioimagen.net\/index.php?rest_route=%2Fwp%2Fv2%2Fmedia&parent=513805"}],"wp:term":[{"taxonomy":"category","embeddable":true,"href":"https:\/\/www.diarioimagen.net\/index.php?rest_route=%2Fwp%2Fv2%2Fcategories&post=513805"},{"taxonomy":"post_tag","embeddable":true,"href":"https:\/\/www.diarioimagen.net\/index.php?rest_route=%2Fwp%2Fv2%2Ftags&post=513805"}],"curies":[{"name":"wp","href":"https:\/\/api.w.org\/{rel}","templated":true}]}}