{"id":513812,"date":"2021-07-14T00:08:49","date_gmt":"2021-07-14T05:08:49","guid":{"rendered":"https:\/\/www.diarioimagen.net\/?p=513812"},"modified":"2021-07-14T03:44:26","modified_gmt":"2021-07-14T08:44:26","slug":"horas-extras-de-grilla","status":"publish","type":"post","link":"https:\/\/www.diarioimagen.net\/?p=513812","title":{"rendered":"Horas extras de \u201cgrilla\u201d"},"content":{"rendered":"<h2>Punto por punto<\/h2>\n<h5>Augusto Corro<\/h5>\n<p>&nbsp;<\/p>\n<p>Horas de intensa \u201cgrilla\u201d tendr\u00e1, a partir de ya, el Movimiento Regeneraci\u00f3n Nacional (Morena).<\/p>\n<p>Se adelantaron los tiempos de la sucesi\u00f3n presidencial que polarizar\u00e1 la lucha en la vida interna del partido.<\/p>\n<p>El mandatario L\u00f3pez Obrador dio el banderazo de salida para la sucesi\u00f3n presidencial con nombres de varios funcionarios.\u00a0 Aunque dijo que son muchos, much\u00edsimos, los que pueden aspirar al cargo.<\/p>\n<p>De los citados, s\u00f3lo dos son los que siempre se se\u00f1alaron como posibles sucesores: Marcelo Ebrard, secretario de Relaciones Exteriores; y Claudia Sheinbaum, jefe de Gobierno de la Ciudad de M\u00e9xico.<\/p>\n<p>En la primera lista de \u201cdestapados\u201d no nombr\u00f3 al l\u00edder del Senado, Ricardo Monreal. Despu\u00e9s si lo incluy\u00f3, para tranquilidad del zacatecano.<\/p>\n<p>\u00bfC\u00f3mo le ir\u00e1 a Morena tras la lucha por la sucesi\u00f3n presidencial?<\/p>\n<p>Para empezar, la dirigencia tendr\u00e1 que trabajar horas extras para lograr la unidad. Y, claro, empezar\u00e1n por elegir a un nuevo l\u00edder nacional.<\/p>\n<p>La presencia de Mario Delgado como dirigente provoc\u00f3 el descontento en las filas morenistas. Se dijo que el nuevo l\u00edder representaba la avanzada del grupo de Marcelo Ebrard para controlar al partido con miras a la sucesi\u00f3n presidencial.<\/p>\n<p>Todo mundo sabe la estrecha relaci\u00f3n entre Mario Delgado y Marcelo Ebrard en la lucha pol\u00edtica.<\/p>\n<p>Sin embargo, Mario Delgado no pudo sucederle en el cargo como jefe del Gobierno capitalino a Ebrard. Les gan\u00f3 Miguel \u00c1ngel Mancera.<\/p>\n<p style=\"text-align: center;\"><strong>El rechazo a Mario Delgado<\/strong><\/p>\n<p>Mario Delgado fue ungido como presidente del Comit\u00e9 Ejecutivo Nacional de Morena en una encuesta que a pocos convenci\u00f3.<\/p>\n<p>Tuvo que disputar el cargo contra el diputado Porfirio Mu\u00f1oz Ledo, a quien identifican como simpatizante del grupo de Claudia Sheinbaum.<\/p>\n<p>El papel de Mario Delgado al frente de Morena no fue aceptado totalmente por la militancia partidista.<\/p>\n<p>Basta con ver c\u00f3mo trataron al dirigente en su recorrido en el interior del pa\u00eds. El repudio surg\u00eda en las reuniones del partido.<\/p>\n<p>En ocasiones le arrojaron huevos. Esas acciones eran de los inconformes por la p\u00e9sima selecci\u00f3n de los candidatos a las elecciones intermedias. El enojo de los morenistas se reflej\u00f3 en la ceremonia para celebrar los tres a\u00f1os de la victoria de Morena.<\/p>\n<p>Mientras los asistentes al evento coreaban el \u201cpresidenta, presidenta\u201d, para Claudia Sheinbaum, a Delgado le ped\u00edan a gritos la renuncia.<\/p>\n<p>Como se\u00f1alamos l\u00edneas arriba, en Morena tendr\u00e1n que trabajar horas extras para lograr la unidad partidista, que se ve imposible.\u00a0 El divisionismo es parte de la herencia de los partidos pol\u00edticos llamados de izquierda como Morena.<\/p>\n<p style=\"text-align: center;\"><strong>\u00bfY la 4T?<\/strong><\/p>\n<p>Al mismo tiempo que aumentar\u00e1 la \u201cgrilla\u201d en Morena, los \u201cdestapados\u201d seguramente intensificar\u00e1n su trabajo: como aspirantes a la candidatura presidencial y como responsables de llevar adelante el proyecto de la Cuarta Transformaci\u00f3n (4T), de L\u00f3pez Obrador. Ebrard, ya mostr\u00f3 el colmillo, ya empez\u00f3 con los actos de la \u201ccargada\u201d. Es decir, de aquellas manifestaciones de apoyo a su candidatura.<\/p>\n<p>Reconoci\u00f3 el canciller que s\u00ed quiere competir por la \u201cgrande\u201d, adem\u00e1s pidi\u00f3 a sus colaboradores \u201cdedicarse a trabajar, ser eficientes, respetar a los dem\u00e1s, etc\u201d. Un discurso que tal vez le recordaba sus tiempos de militante priista.<\/p>\n<p>En el otro frente, la jefa de Gobierno, Claudia Sheinbaum, empez\u00f3 a reforzar su equipo con pol\u00edticos experimentados. De entrada, nombr\u00f3 a Mart\u00ed Batres Guadarrama como nuevo secretario de Gobierno de la Ciudad de M\u00e9xico.<\/p>\n<p>\u00bfCu\u00e1l ser\u00e1 la verdadera funci\u00f3n a la que se dedicar\u00e1 con m\u00e1s empe\u00f1o Mart\u00ed Batres Guadarrama? \u00bfRecuperar los votos que perdi\u00f3 Morena en la Ciudad de M\u00e9xico? \u00bfAyudar a la jefa de Gobierno a controlar a los alcaldes de oposici\u00f3n que son mayor\u00eda? \u00bfO se dedicar\u00e1 a apagar el fuego pol\u00edtico derivado de la tragedia de la estaci\u00f3n Olivos del Metro?\u00a0 Lo que est\u00e1 claro es que desempe\u00f1ar\u00e1 un papel importante de apoyo a Claudia Sheinbaum en la lucha por la Presidencia de la Rep\u00fablica.<\/p>\n<p>Por supuesto, primero tendr\u00e1n que aclararse el asunto de la tragedia de la estaci\u00f3n Olivos de la \u201cL\u00ednea Dorada\u201d, cuya investigaci\u00f3n a\u00fan no termina, en la que se encuentran involucrados Marcelo Ebrard, Claudia Sheinbaum, Miguel \u00c1ngel Mancera y las constructoras. Por cierto, Carlos Slim, uno de los due\u00f1os de una de las empresas que particip\u00f3 en la construcci\u00f3n de la \u201cL\u00ednea Dorada\u201d, ya se comprometi\u00f3 a reparar los da\u00f1os.<\/p>\n<p>Como se ve, a los personajes pol\u00edticos se les cargar\u00e1 la chamba. \u00bfDe ese \u201cesfuerzo\u201d cu\u00e1ntos\u00a0 \u201cdestapados\u201d\u00a0 dedicar\u00e1n la mayor parte de su tiempo en la realizaci\u00f3n de la Cuarta Transformaci\u00f3n (4T), el proyecto de L\u00f3pez Obrador?<\/p>\n<p>\u00bfUsted qu\u00e9 opina amable lector?<\/p>\n<p><a href=\"mailto:aco2742@hotmail.com\" target=\"_blank\" rel=\"noopener noreferrer\"><em>aco2742@hotmail.com<\/em><\/a><\/p>\n","protected":false},"excerpt":{"rendered":"<p><span style=\"color: #005497;\"><strong>Augusto Corro<\/strong><\/span><\/p>\n","protected":false},"author":3,"featured_media":0,"comment_status":"open","ping_status":"open","sticky":false,"template":"","format":"standard","meta":{"_monsterinsights_skip_tracking":false,"_monsterinsights_sitenote_active":false,"_monsterinsights_sitenote_note":"","_monsterinsights_sitenote_category":0,"footnotes":""},"categories":[157],"tags":[43686,43674,11515],"class_list":["post-513812","post","type-post","status-publish","format-standard","hentry","category-augusto-corro","tag-augusto-corro","tag-opinion","tag-punto-por-punto"],"_links":{"self":[{"href":"https:\/\/www.diarioimagen.net\/index.php?rest_route=\/wp\/v2\/posts\/513812","targetHints":{"allow":["GET"]}}],"collection":[{"href":"https:\/\/www.diarioimagen.net\/index.php?rest_route=\/wp\/v2\/posts"}],"about":[{"href":"https:\/\/www.diarioimagen.net\/index.php?rest_route=\/wp\/v2\/types\/post"}],"author":[{"embeddable":true,"href":"https:\/\/www.diarioimagen.net\/index.php?rest_route=\/wp\/v2\/users\/3"}],"replies":[{"embeddable":true,"href":"https:\/\/www.diarioimagen.net\/index.php?rest_route=%2Fwp%2Fv2%2Fcomments&post=513812"}],"version-history":[{"count":0,"href":"https:\/\/www.diarioimagen.net\/index.php?rest_route=\/wp\/v2\/posts\/513812\/revisions"}],"wp:attachment":[{"href":"https:\/\/www.diarioimagen.net\/index.php?rest_route=%2Fwp%2Fv2%2Fmedia&parent=513812"}],"wp:term":[{"taxonomy":"category","embeddable":true,"href":"https:\/\/www.diarioimagen.net\/index.php?rest_route=%2Fwp%2Fv2%2Fcategories&post=513812"},{"taxonomy":"post_tag","embeddable":true,"href":"https:\/\/www.diarioimagen.net\/index.php?rest_route=%2Fwp%2Fv2%2Ftags&post=513812"}],"curies":[{"name":"wp","href":"https:\/\/api.w.org\/{rel}","templated":true}]}}