{"id":513826,"date":"2021-07-14T00:08:20","date_gmt":"2021-07-14T05:08:20","guid":{"rendered":"https:\/\/www.diarioimagen.net\/?p=513826"},"modified":"2021-07-14T04:06:24","modified_gmt":"2021-07-14T09:06:24","slug":"todavia-no-hay-acuerdo-para-convocar-a-un-extraordinario","status":"publish","type":"post","link":"https:\/\/www.diarioimagen.net\/?p=513826","title":{"rendered":"Todav\u00eda no hay acuerdo para convocar a un extraordinario"},"content":{"rendered":"<h2>Clase Pol\u00edtica<\/h2>\n<h5>Miguel \u00c1ngel Rivera<\/h5>\n<p>&nbsp;<\/p>\n<p>Desde hace semanas hab\u00edan surgido indicios de que ser\u00eda muy dif\u00edcil convocar en el actual receso legislativo a un periodo extraordinario de sesiones y esto se confirm\u00f3 ayer, cuando nuevamente se pospuso en la Comisi\u00f3n Permanente la convocatoria, por diferencias entre los grupos parlamentarios.<\/p>\n<p>De acuerdo con versiones que circularon en la sede del Senado, donde actualmente sesiona la Permanente, se registr\u00f3 una larga. y acalorada discusi\u00f3n interna, al cabo de la cual la Mesa Directiva de la Comisi\u00f3n Permanente decidi\u00f3 sacar el tema del orden del d\u00eda.<\/p>\n<p>En esa reuni\u00f3n se trataron los casos de los diputados federales\u00a0 Sa\u00fal Huerta (expulsado de Morena) y Mauricio Toledo (PT), as\u00ed como del fiscal de Morelos, Uriel Carmona, acusado de operaciones con recursos de procedencia il\u00edcita. La pesquisa comenz\u00f3 a partir de una denuncia presentada por la Unidad de Inteligencia Financiera (UIF), de la Secretar\u00eda de Hacienda y Cr\u00e9dito P\u00fablico (SHCP).<\/p>\n<p>En lo que respecta al ex legislador de Morena, el poblano Sa\u00fal Huerta, acusado de abuso sexual en contra de j\u00f3venes, no hay ning\u00fan desacuerdo. De hecho, por esa raz\u00f3n fue expulsado de las filas de su partido y la orden de aprehensi\u00f3n conseguida por la Fiscal\u00eda General de Justicia de la Ciudad de M\u00e9xico est\u00e1 lista para ser ejecutada en cuanto la C\u00e1mara de Diputados vote su desafuero o cuando concluya su mandato, el \u00faltimo d\u00eda de agosto.<\/p>\n<p>Los dos \u00faltimos casos fueron los que generaron los desacuerdos y la consiguiente pol\u00e9mica, pues el PT, aliado de Morena en respaldo de la llamada Cuarta Transformaci\u00f3n, en esta ocasi\u00f3n no est\u00e1 conforme con las pesquisas de la Fiscal\u00eda General de Justicia de la Ciudad de M\u00e9xico que la emprendi\u00f3 contra el inc\u00f3modo legislador Mauricio Toledo por presunto enriquecimiento il\u00edcito, mientras que en el caso del fiscal Carmona, \u00e9l mismo se ha encargado de su defensa y consigui\u00f3 una suspensi\u00f3n definitiva (amparo) y que, por lo tanto, est\u00e1 a salvo de la acci\u00f3n de la Secci\u00f3n Instructora de la C\u00e1mara de Diputados.<\/p>\n<p>No obstante, ese \u00f3rgano legislativo, presidido por el \u201cmoreno\u201d Pablo G\u00f3mez \u00c1lvarez, decidi\u00f3 proponer su desafuero ante el pleno de la C\u00e1mara de Diputados, el cual deber\u00e1 decidir en el eventual periodo extraordinario.<\/p>\n<p>Los legisladores del PAN y del PRI sostuvieron que, debido a la protecci\u00f3n del Poder Judicial federal, el funcionario morelense no pod\u00eda ser sometido a un juicio de procedencia.\u00a0 En cuanto a Toledo, el conflictivo \u201cprecandidato presidencial\u201d Gerardo Fern\u00e1ndez Noro\u00f1a reiter\u00f3 en la sesi\u00f3n de la Permanente que la decisi\u00f3n de retirar el fuero a su compa\u00f1ero del P no se ha ajustado al debido proceso, pues la preocupaci\u00f3n \u201cde todas y todos es que las cosas se hagan jur\u00eddicamente correctas para que no puedan escapar a la justicia quienes tengan que responder por actos o posibles il\u00edcitos\u201d.<\/p>\n<p>Fern\u00e1ndez Noro\u00f1a justific\u00f3 as\u00ed el hecho de que se hubiese retirado del orden del d\u00eda de la sesi\u00f3n de la Permanente el tema de la convocatoria a un periodo extraordinario de sesiones de la C\u00e1mara de Diputados precisamente para votar el desafuero.<\/p>\n<p>\u201cPor esta raz\u00f3n se pospuso este dictamen que adem\u00e1s todas las fracciones parlamentarias, a excepci\u00f3n de nuestros compa\u00f1eros de Morena, solicitamos que se votara por separado y la fracci\u00f3n de Morena insisti\u00f3 en que se votara en bloque, que no ayuda a fortalecer el debido proceso y no ayuda a la claridad de las cosas que estamos decidiendo y a la fortaleza del proceso\u201d.<\/p>\n<p>La explicaci\u00f3n de parte de Fern\u00e1ndez Noro\u00f1a fue necesaria porque el diputado de Morena, Rub\u00e9n Cayetano Garc\u00eda, como se no estuviera enterado, pidi\u00f3 al presidente de la Comisi\u00f3n, su compa\u00f1ero de partido Eduardo Ram\u00edrez de Aguilar que se informar\u00e1 el porqu\u00e9 del cambio, ya que la convocatoria al extraordinario era el tema central, por cual inclusive esta sesi\u00f3n de la Permanente se convoc\u00f3 de manera presencial.<\/p>\n<p>El hecho es que, debido a los desacuerdos que obligaron a posponer (previsiblemente) la convocatoria al tan discutido periodo extraordinario, la sesi\u00f3n de la Comisi\u00f3n Permanente comenz\u00f3 con casi tres horas de retraso, en la cual adem\u00e1s de la supuesta explicaci\u00f3n se desat\u00f3 una pol\u00e9mica entre acusaciones de los legisladores del partido oficial y la oposici\u00f3n de tratar de impedir que se haga justicia en el caso de dos legisladores y un fiscal que deben enfrentar procesos penales por abuso de menores y corrupci\u00f3n.<\/p>\n<p style=\"text-align: center;\"><strong>Fern\u00e1ndez Noro\u00f1a result\u00f3 un mal abogado<\/strong><\/p>\n<p>La senadora del PAN, X\u00f3chitl tambi\u00e9n pidi\u00f3 una explicaci\u00f3n por los cambios, lo cual aprovech\u00f3 para se\u00f1alar que su grupo parlamentario \u201cno quiere ser c\u00f3mplice de dos personas que por dem\u00e1s est\u00e1n se\u00f1aladas; uno de corrupci\u00f3n y el otro, de pederasta.<\/p>\n<p>\u201cMe parece que mal har\u00edamos, como legisladores, de ser alcahuetes de personajes impresentables en este pa\u00eds y que nosotros no podemos permitir que hoy, en esta sesi\u00f3n que se convoc\u00f3, no se aborde este tema\u201d.<\/p>\n<p>La secund\u00f3 la diputada Dulce Alejandra Garc\u00eda: \u201cOtra m\u00e1s de sus mentiras, diputado Noro\u00f1a, ayer ya lo cach\u00e9.<\/p>\n<p>\u201cEn una, se disculp\u00f3 en Twitter. Y hoy nuevamente viene a decir que es un acuerdo un\u00e1nime de la Mesa Directiva de retirar este dictamen tan importante para el pa\u00eds.<\/p>\n<p>\u201cPorque la impunidad es uno de los grandes males que lastiman absolutamente a todos los mexicanos y mexicanas, y el doble discurso de su partido y del partido de Morena es el que ya tiene cansado y harto a M\u00e9xico.<\/p>\n<p>\u201cNosotros, desde Acci\u00f3n Nacional, ya lo dijimos en conferencia de prensa, no vamos a encubrir absolutamente a ning\u00fan violador de ni\u00f1os, a ning\u00fan pederasta y por supuesto que a ning\u00fan personaje que se haya enriquecido il\u00edcitamente.<\/p>\n<p>\u201cEstamos listos para dar el debate, as\u00ed que exijo una explicaci\u00f3n por parte del presidente de la Comisi\u00f3n Permanente, que nos diga cu\u00e1l es la raz\u00f3n por la cual no vamos a discutir este tema, que ayer ya fue aprobado dentro de la Primera Comisi\u00f3n para que haya un per\u00edodo extraordinario en la C\u00e1mara de Diputados para tratar este tema toral que tiene que ver con el desafuero de dos diputados federales, uno de Morena y uno del PT.<\/p>\n<p>\u201cExigimos una explicaci\u00f3n.<\/p>\n<p>El presidente de la Mesa Directiva de la Permanente, Eduardo Ram\u00edrez, explic\u00f3 que no se cancel\u00f3 el debate; s\u00f3lo se difiri\u00f3 para lograr construir la mayor\u00eda calificada necesaria que se requiere para citar a un per\u00edodo extraordinario.<\/p>\n<p>La presidenta de la C\u00e1mara de Diputados, Dulce Mar\u00eda Sauri, explic\u00f3 que su partido est\u00e1 de acuerdo con que se posponga citar al per\u00edodo extraordinario, porque en el caso del fiscal de Morelos, Uriel Carmona, la Comisi\u00f3n Instructora que acord\u00f3 su desafuero no tom\u00f3 en cuenta que logr\u00f3 la suspensi\u00f3n definitiva en el juicio de amparo.\u00a0 Por ello, dijo, la decisi\u00f3n de diferir la discusi\u00f3n sobre el llamado a la Comisi\u00f3n Permanente \u201cnos dar\u00e1 tiempo de analizar un diferendo y \u201cevitar un contratiempo jur\u00eddico de graves consecuencias para la propia C\u00e1mara de Diputados\u201d.<\/p>\n<p>En fin, el resultado es que no se aprob\u00f3 la convocatoria a un periodo extraordinario de sesiones de la C\u00e1mara de Diputados.<\/p>\n<p>Por cierto, est\u00e1n pendientes las ratificaciones de los nombramientos presidenciales de Rogelio Ram\u00edrez de la O y de Roberto Salcedo, como nuevos secretarios de Hacienda y de la Funci\u00f3n P\u00fablica, respectivamente.<\/p>\n<p>Pero en tal caso, no s\u00f3lo deber\u00eda sesionar la C\u00e1mara de Diputados, sino tambi\u00e9n la de Senadores, ya que a la primera le corresponde ratificar al titular de Hacienda, mientras que a la segunda corresponde el nombramiento en la Funci\u00f3n P\u00fablica.<\/p>\n<p style=\"text-align: center;\"><strong>Urgen los cambios, advirti\u00f3 la titular de Gobernaci\u00f3n<\/strong><\/p>\n<p>En tanto, la secretar\u00eda de Gobernaci\u00f3n (Segob), Olga S\u00e1nchez Cordero, urgi\u00f3 a los diputados a continuar con los cambios constitucionales del proyecto de la llamada 4T, ya que \u201cel tiempo se nos est\u00e1 yendo en una forma vertiginosa\u201d.<\/p>\n<p>En el foro \u201cBases Constitucionales de la Cuarta Transformaci\u00f3n\u201d, organizado por la propia C\u00e1mara de Diputados, la tambi\u00e9n ministra en retiro se\u00f1al\u00f3 que la pr\u00f3xima legislatura ser\u00e1 m\u00e1s plural y ello har\u00e1 m\u00e1s complicado llegar a acuerdos, aunque confi\u00f3 en que, con di\u00e1logo y consensos, se lograr\u00e1n convenios fraternales con los otros grupos parlamentarios.<\/p>\n<p>La funcionaria federal indic\u00f3 que los cambios impulsados por Morena est\u00e1n encaminados a fortalecer el papel del Estado como defensor de la Constituci\u00f3n y los derechos humanos y record\u00f3 que se han modificado 55 art\u00edculos de la Constituci\u00f3n, como parte de \u201cun proyecto de naci\u00f3n fraterna, con valores sociales\u201d.<\/p>\n<p><a href=\"mailto:riparcangel@hotmail.com\" target=\"_blank\" rel=\"noopener noreferrer\"><em>riparcangel@hotmail.com<\/em><\/a><\/p>\n","protected":false},"excerpt":{"rendered":"<p><span style=\"color: #005497;\"><strong>Miguel \u00c1ngel Rivera<\/strong><\/span><\/p>\n","protected":false},"author":3,"featured_media":0,"comment_status":"open","ping_status":"open","sticky":false,"template":"","format":"standard","meta":{"_monsterinsights_skip_tracking":false,"_monsterinsights_sitenote_active":false,"_monsterinsights_sitenote_note":"","_monsterinsights_sitenote_category":0,"footnotes":""},"categories":[84119],"tags":[84120,84121,43674],"class_list":["post-513826","post","type-post","status-publish","format-standard","hentry","category-miguel-angel-rivera","tag-clase-politica","tag-miguel-angel-rivera","tag-opinion"],"_links":{"self":[{"href":"https:\/\/www.diarioimagen.net\/index.php?rest_route=\/wp\/v2\/posts\/513826","targetHints":{"allow":["GET"]}}],"collection":[{"href":"https:\/\/www.diarioimagen.net\/index.php?rest_route=\/wp\/v2\/posts"}],"about":[{"href":"https:\/\/www.diarioimagen.net\/index.php?rest_route=\/wp\/v2\/types\/post"}],"author":[{"embeddable":true,"href":"https:\/\/www.diarioimagen.net\/index.php?rest_route=\/wp\/v2\/users\/3"}],"replies":[{"embeddable":true,"href":"https:\/\/www.diarioimagen.net\/index.php?rest_route=%2Fwp%2Fv2%2Fcomments&post=513826"}],"version-history":[{"count":0,"href":"https:\/\/www.diarioimagen.net\/index.php?rest_route=\/wp\/v2\/posts\/513826\/revisions"}],"wp:attachment":[{"href":"https:\/\/www.diarioimagen.net\/index.php?rest_route=%2Fwp%2Fv2%2Fmedia&parent=513826"}],"wp:term":[{"taxonomy":"category","embeddable":true,"href":"https:\/\/www.diarioimagen.net\/index.php?rest_route=%2Fwp%2Fv2%2Fcategories&post=513826"},{"taxonomy":"post_tag","embeddable":true,"href":"https:\/\/www.diarioimagen.net\/index.php?rest_route=%2Fwp%2Fv2%2Ftags&post=513826"}],"curies":[{"name":"wp","href":"https:\/\/api.w.org\/{rel}","templated":true}]}}