{"id":513830,"date":"2021-07-14T00:12:46","date_gmt":"2021-07-14T05:12:46","guid":{"rendered":"https:\/\/www.diarioimagen.net\/?p=513830"},"modified":"2021-07-14T04:10:33","modified_gmt":"2021-07-14T09:10:33","slug":"el-juego-abierto-de-su-sucesion-es-solo-del-presidente-lopez-obrador","status":"publish","type":"post","link":"https:\/\/www.diarioimagen.net\/?p=513830","title":{"rendered":"El juego abierto de su sucesi\u00f3n, es s\u00f3lo del presidente L\u00f3pez Obrador"},"content":{"rendered":"<h2>Tras la puerta del poder<\/h2>\n<h5>Roberto Vizca\u00edno<\/h5>\n<p>&nbsp;<\/p>\n<p>Obligado por el derrumbe de la L\u00ednea 12 y por la derrota electoral en la capital del pa\u00eds, <strong>Andr\u00e9s Manuel L\u00f3pez Obrador <\/strong>decidi\u00f3 \u2014por lo que se ve\u2014 no dejarse derrotar por el destino y abri\u00f3 su juego sucesorio.<\/p>\n<p>Arrastrados por ambos eventos a la descalificaci\u00f3n prematura y a desgracia anticipada, sus dos alfiles sucesorios-<strong>Marcelo Ebrard<\/strong> y <strong>Claudia Sheinbaum<\/strong>-, fueron entonces llevados de la mano por el tabasque\u00f1o hasta una orilla segura a fin de poder seguir compitiendo.<\/p>\n<p>As\u00ed sali\u00f3 de su boca la primera lista de sus posibles sucesores. Los dos primeros, <strong>Ebrard<\/strong> y <strong>Claudia<\/strong>. Otros cuatro, fueron el relleno.<\/p>\n<p>Y el ausente, <strong>Ricardo Monreal<\/strong>, dej\u00f3 en claro de inmediato que ni siquiera <strong>AMLO<\/strong> podr\u00eda dejarlo fuera de esta contienda. As\u00ed, cu\u00e1ntas veces lo ha ignorado, es cuantas veces el zacatecano se ha metido de nuevo en el debate y la lista sucesoria de los medios.<\/p>\n<p>Y para ratificar que sigue ah\u00ed, la semana pasada <strong>Monreal<\/strong> fue el primero de los aspirantes en pedirle a <strong>AMLO<\/strong> y a <strong>Morena<\/strong>, <em>piso parejo y reglas claras<\/em> en esta sucesi\u00f3n. D\u00edas despu\u00e9s, <strong>Mario Delgado<\/strong>, l\u00edder por oficio de Morena, le respond\u00eda a<strong> Monreal <\/strong>que el candidato de este partido saldr\u00e1 de una encuesta.<\/p>\n<p>De las filas de <strong>Ricardo<\/strong> sali\u00f3 entonces su \u201csombra pol\u00edtica\u201d <strong>Alejandro Rojas D\u00edaz- Dur\u00e1n<\/strong>, su suplente en el Senado, para advertirle a <strong>Delgado<\/strong> <em>que muy bien<\/em>, que <em>era perfecto<\/em> lo de la encuesta, \u201csiempre y cuando no fuera <strong><em>patito<\/em><\/strong> como las aplicadas para sacar candidatos en el proceso electoral anterior\u201d.<\/p>\n<p>En apenas unas semanas, a <strong>Claudia Sheinbaum<\/strong> sus simpatizantes y grupos morenistas diversos la han vitoreado llam\u00e1ndola p\u00fablicamente \u201cpresidenta, presidenta, presidenta\u201d.<\/p>\n<p>Este pasado fin de semana, con el visto bueno y la aprobaci\u00f3n de <strong>AMLO<\/strong>, <strong>Marcelo Ebrard<\/strong> reapareci\u00f3 sonriente, en una comida a puerta cerrada en Toluca, con 150 invitados, en su mayor\u00eda colaboradores y simpatizantes.<\/p>\n<p>Ah\u00ed les dijo que, consultado sobre la realizaci\u00f3n de este encuentro, el Presidente lo hab\u00eda aprobado.<\/p>\n<p><strong>Marcelo<\/strong> dir\u00eda ah\u00ed que por supuesto que no estaba muerto pol\u00edticamente.<\/p>\n<p>Esto fue ratificado en la ma\u00f1anera de <strong>AMLO<\/strong> de ayer, desde donde <strong>Ebrard<\/strong> agradeci\u00f3 a su Jefe haberlo metido en su lista de posibles sucesores.<\/p>\n<p>Y habl\u00f3 ah\u00ed del encuentro de Toluca:<\/p>\n<p>\u201cEn primer lugar, les dije: \u2018<em>hay que agradecer al Presidente que nos tome en cuenta<\/em>\u2019; segundo lugar, faltan dos a\u00f1os y medio, dediqu\u00e9monos a trabajar, seamos eficientes, respetemos a los dem\u00e1s, actuemos en funci\u00f3n de eso, no perdamos la concentraci\u00f3n en lo que estamos haciendo.<\/p>\n<p>\u201cSeamos consistentes, perseverantes y leales, y por supuesto, cuando se den las normas, lleguen los tiempos faltantes, estamos a la mitad del gobierno; cuando eso llegue, estemos preparados para participar de acuerdo a las reglas que en su momento se den&#8230;<\/p>\n<p>\u201cEs verdad la informaci\u00f3n, y por eso se dijo, para que no haya especulaci\u00f3n. Esa es la posici\u00f3n en la que yo estoy y mis colaboradores y amigos&#8230; no vamos a distraernos y vamos a seguir actuando con eficiencia\u201d, aclar\u00f3.<\/p>\n<p>Ah\u00ed se sabr\u00eda que el encuentro de <strong>Ebrard <\/strong>fue el s\u00e1bado anterior en el jard\u00edn de una casa de un amigo en Ocoyoacac, Estado de M\u00e9xico.<\/p>\n<p>Presente en esa ma\u00f1anera, el presidente <strong>L\u00f3pez Obrador<\/strong> aval\u00f3 con todo a su canciller y lo coloc\u00f3 en los hechos como el puntero en sus preferencias hacia la sucesi\u00f3n de 2024.<\/p>\n<p>M\u00e1s claro ni el agua m\u00e1s clara del arroyo pol\u00edtico.<\/p>\n<p>El camino que apenas comienza es in\u00e9dito. <strong>L\u00f3pez Obrador<\/strong> est\u00e1 decidido, evidentemente, a conducir \u00e9l mismo su pasarela de posibles sucesores en sus propios foros y bajo sus condiciones.<\/p>\n<p>Aqu\u00ed, al que ha dejado fuera es a <strong>Monreal<\/strong>, En este punto habr\u00eda que recordar lo que dijo el ex l\u00edder panista <strong>Germ\u00e1n Mart\u00ednez<\/strong> quien le advirti\u00f3 a AMLO que los hechos indican que de un tiempo a la fecha, no s\u00f3lo en M\u00e9xico sino en el mundo, los presidentes no pueden ya dejar herederos.<\/p>\n<p>Rescat\u00f3 los hechos de que ni <strong>Carlos Salinas<\/strong>, <strong>Ernesto Zedillo<\/strong>, <strong>Vicente Fox<\/strong>, <strong>Felipe Calder\u00f3n<\/strong> ni <strong>Enrique Pe\u00f1a Nieto <\/strong>pudieron imponer a sus sucesores. En cada uno de estos casos salieron presidentes otros personajes.<\/p>\n<p>En cada caso el ganador fue quien se opuso al dedazo.<\/p>\n<p><em><a href=\"mailto:rvizcainoa@gmail.com\" target=\"_blank\" rel=\"noopener noreferrer\">rvizcainoa@gmail.com<\/a><br \/>\n<u><a href=\"http:\/\/endirecto.mx\" target=\"_blank\" rel=\"noopener noreferrer\">www.endirecto.mx<\/a><br \/>\n<a href=\"https:\/\/twitter.com\/_rvizcaino\" target=\"_blank\" rel=\"noopener noreferrer\">@_RVizcaino<\/a><br \/>\n<a href=\"https:\/\/www.facebook.com\/rvizcainoa\" target=\"_blank\" rel=\"noopener noreferrer\">facebook.com\/rvizcainoa<\/a><\/u><\/em><\/p>\n","protected":false},"excerpt":{"rendered":"<p><span style=\"color: #005497;\"><strong>Roberto Vizca\u00edno<\/strong><\/span><br \/>\n<br \/>\nObligado por el derrumbe de la L\u00ednea 12 y por la derrota electoral en la capital del pa\u00eds, <strong>Andr\u00e9s Manuel L\u00f3pez Obrador <\/strong>decidi\u00f3 \u2014por lo que se ve\u2014 no dejarse derrotar por el destino y abri\u00f3 su juego sucesorio.<\/p>\n","protected":false},"author":3,"featured_media":0,"comment_status":"open","ping_status":"open","sticky":false,"template":"","format":"standard","meta":{"_monsterinsights_skip_tracking":false,"_monsterinsights_sitenote_active":false,"_monsterinsights_sitenote_note":"","_monsterinsights_sitenote_category":0,"footnotes":""},"categories":[136],"tags":[43674,93,94],"class_list":["post-513830","post","type-post","status-publish","format-standard","hentry","category-roberto-vizcaino-opinion","tag-opinion","tag-roberto-vizcaino","tag-tras-la-puerta-del-poder"],"_links":{"self":[{"href":"https:\/\/www.diarioimagen.net\/index.php?rest_route=\/wp\/v2\/posts\/513830","targetHints":{"allow":["GET"]}}],"collection":[{"href":"https:\/\/www.diarioimagen.net\/index.php?rest_route=\/wp\/v2\/posts"}],"about":[{"href":"https:\/\/www.diarioimagen.net\/index.php?rest_route=\/wp\/v2\/types\/post"}],"author":[{"embeddable":true,"href":"https:\/\/www.diarioimagen.net\/index.php?rest_route=\/wp\/v2\/users\/3"}],"replies":[{"embeddable":true,"href":"https:\/\/www.diarioimagen.net\/index.php?rest_route=%2Fwp%2Fv2%2Fcomments&post=513830"}],"version-history":[{"count":0,"href":"https:\/\/www.diarioimagen.net\/index.php?rest_route=\/wp\/v2\/posts\/513830\/revisions"}],"wp:attachment":[{"href":"https:\/\/www.diarioimagen.net\/index.php?rest_route=%2Fwp%2Fv2%2Fmedia&parent=513830"}],"wp:term":[{"taxonomy":"category","embeddable":true,"href":"https:\/\/www.diarioimagen.net\/index.php?rest_route=%2Fwp%2Fv2%2Fcategories&post=513830"},{"taxonomy":"post_tag","embeddable":true,"href":"https:\/\/www.diarioimagen.net\/index.php?rest_route=%2Fwp%2Fv2%2Ftags&post=513830"}],"curies":[{"name":"wp","href":"https:\/\/api.w.org\/{rel}","templated":true}]}}