{"id":513910,"date":"2021-07-15T00:05:04","date_gmt":"2021-07-15T05:05:04","guid":{"rendered":"https:\/\/www.diarioimagen.net\/?p=513910"},"modified":"2021-07-16T01:24:15","modified_gmt":"2021-07-16T06:24:15","slug":"uaem-y-faapauaem-seran-ejemplo-de-transparencia-en-beneficio-de-la-sociedad-carlos-eduardo-barrera-diaz","status":"publish","type":"post","link":"https:\/\/www.diarioimagen.net\/?p=513910","title":{"rendered":"UAEM y FAAPAUAEM ser\u00e1n ejemplo de transparencia en beneficio de la sociedad: Carlos Eduardo Barrera D\u00edaz"},"content":{"rendered":"<p><em>\u00a0<\/em><\/p>\n<ul>\n<li><strong><em>El rector de esta Casa de Estudios reconoci\u00f3 a docentes por su entrega magisterial durante la emergencia sanitaria y a\u00f1adi\u00f3 que durante la administraci\u00f3n 2021-2025, la comunidad universitaria dar\u00e1 ejemplo de plena responsabilidad y transparencia<\/em><\/strong><\/li>\n<\/ul>\n<p><strong>\u00a0<\/strong><\/p>\n<div id=\"attachment_514000\" style=\"width: 470px\" class=\"wp-caption aligncenter\"><a href=\"https:\/\/www.diarioimagen.net\/?attachment_id=514000\" rel=\"attachment wp-att-514000\"><img loading=\"lazy\" decoding=\"async\" aria-describedby=\"caption-attachment-514000\" class=\"size-full wp-image-514000\" src=\"https:\/\/www.diarioimagen.net\/wp-content\/uploads\/2021\/07\/uaem-8.jpg\" alt=\"\" width=\"460\" height=\"270\" \/><\/a><p id=\"caption-attachment-514000\" class=\"wp-caption-text\">El rector de la UAEM, Carlos Eduardo Barrera D\u00edaz, presidi\u00f3 el Tercer informe de Actividades de la Secretaria General de la Federaci\u00f3n de Asociaciones Aut\u00f3nomas de Personal Acad\u00e9mico de la instituci\u00f3n.<\/p><\/div>\n<p>&nbsp;<\/p>\n<p><strong>Toluca, Estado de M\u00e9xico.-<\/strong> La suma de esfuerzos entre autoridades y trabajadores contribuye a que la Universidad Aut\u00f3noma del Estado de M\u00e9xico (UAEM) se afiance como un bien p\u00fablico al servicio de la juventud mexiquense, donde prevalece la inclusi\u00f3n y la integridad como principios inamovibles, sostuvo el rector Carlos Eduardo Barrera D\u00edaz, al presidir el Tercer informe de Actividades de la Secretaria General de la Federaci\u00f3n de Asociaciones Aut\u00f3nomas de Personal Acad\u00e9mico de la instituci\u00f3n (FAAPAUAEM), Gilda Gonz\u00e1lez Villase\u00f1or.<\/p>\n<p>Tras reconocer la entrega magisterial de los acad\u00e9micos de la UAEM mostrada durante la contingencia sanitaria, as\u00ed como su profundo compromiso con la educaci\u00f3n e investigaci\u00f3n, Barrera D\u00edaz enfatiz\u00f3 que durante la administraci\u00f3n 2021-2025, la comunidad universitaria dar\u00e1 ejemplo de plena responsabilidad y transparencia hacia la sociedad en favor de un estado de derecho.<\/p>\n<p>En el edificio sede de este sindicato, el rector de la Aut\u00f3noma mexiquense asever\u00f3 que \u201cla FAAPAUAEM es una organizaci\u00f3n hist\u00f3rica con la que hemos construido una relaci\u00f3n colaborativa que nos ha permitido alcanzar elevados niveles de dignidad humana, calidad acad\u00e9mica y superaci\u00f3n laboral\u201d.<\/p>\n<p>Durante el ejercicio de transparencia y rendici\u00f3n de cuentas, invit\u00f3 a los agremiados de este sindicato a ejercer en libertad la investigaci\u00f3n y ense\u00f1anza, as\u00ed como a fortalecer las estructuras institucionales para defender la generaci\u00f3n de conocimientos a favor de la sociedad y con respeto a la verdad.<\/p>\n<p>Del mismo modo, enfatiz\u00f3 el sentido de responsabilidad que distingue al claustro docente de la M\u00e1xima Casa de Estudios mexiquense, a sus acciones solidarias y comprometidas, as\u00ed como la vocaci\u00f3n magisterial que despliegan cada d\u00eda frente a sus grupos. En su oportunidad, la secretaria General de la FAAPAUAEM, Gilda Gonz\u00e1lez Villase\u00f1or, detall\u00f3 que seis mil 610 profesores est\u00e1n afiliados al sindicato auriverde y destac\u00f3 que 163 han sido beneficiados mediante concursos de oposici\u00f3n durante el a\u00f1o 2021.<\/p>\n<p>La asociaci\u00f3n gremial, dijo, ha gestionado m\u00e1s de mil 835 apoyos de becas de escolaridad, as\u00ed como primas de antig\u00fcedad para beneficiar a siete mil 879 personas. Asimismo, contribuy\u00f3 con la capacitaci\u00f3n en materia de seguridad social a trav\u00e9s de la impartici\u00f3n de m\u00e1s de mil 563 asesor\u00edas en \u00e1reas como pensiones y solicitudes de cr\u00e9ditos.<\/p>\n<p>Finalmente, Gonz\u00e1lez Villase\u00f1or subray\u00f3 que la FAAPAUAEM desarroll\u00f3 m\u00e1s de 14 eventos deportivos que involucraron a los sectores acad\u00e9mico, administrativo y familiar, con la participaci\u00f3n de tres mil 627 personas.<\/p>\n","protected":false},"excerpt":{"rendered":"<p>La suma de esfuerzos entre autoridades y trabajadores contribuye a que la Universidad Aut\u00f3noma del Estado de M\u00e9xico (UAEM) se afiance como un bien p\u00fablico al servicio de la juventud mexiquense, donde prevalece la inclusi\u00f3n y la integridad como principios inamovibles, sostuvo el rector Carlos Eduardo Barrera D\u00edaz, al presidir el Tercer informe de Actividades de la Secretaria General de la Federaci\u00f3n de Asociaciones Aut\u00f3nomas de Personal Acad\u00e9mico de la instituci\u00f3n (FAAPAUAEM), Gilda Gonz\u00e1lez Villase\u00f1or.<\/p>\n","protected":false},"author":3,"featured_media":514000,"comment_status":"open","ping_status":"open","sticky":false,"template":"","format":"standard","meta":{"_monsterinsights_skip_tracking":false,"_monsterinsights_sitenote_active":false,"_monsterinsights_sitenote_note":"","_monsterinsights_sitenote_category":0,"footnotes":""},"categories":[5],"tags":[92667,43675,23386,452],"class_list":["post-513910","post","type-post","status-publish","format-standard","has-post-thumbnail","hentry","category-estado-de-mexico","tag-carlos-eduardo-barrera-diaz","tag-estado-de-mexico","tag-faapauaem","tag-toluca"],"_links":{"self":[{"href":"https:\/\/www.diarioimagen.net\/index.php?rest_route=\/wp\/v2\/posts\/513910","targetHints":{"allow":["GET"]}}],"collection":[{"href":"https:\/\/www.diarioimagen.net\/index.php?rest_route=\/wp\/v2\/posts"}],"about":[{"href":"https:\/\/www.diarioimagen.net\/index.php?rest_route=\/wp\/v2\/types\/post"}],"author":[{"embeddable":true,"href":"https:\/\/www.diarioimagen.net\/index.php?rest_route=\/wp\/v2\/users\/3"}],"replies":[{"embeddable":true,"href":"https:\/\/www.diarioimagen.net\/index.php?rest_route=%2Fwp%2Fv2%2Fcomments&post=513910"}],"version-history":[{"count":0,"href":"https:\/\/www.diarioimagen.net\/index.php?rest_route=\/wp\/v2\/posts\/513910\/revisions"}],"wp:featuredmedia":[{"embeddable":true,"href":"https:\/\/www.diarioimagen.net\/index.php?rest_route=\/wp\/v2\/media\/514000"}],"wp:attachment":[{"href":"https:\/\/www.diarioimagen.net\/index.php?rest_route=%2Fwp%2Fv2%2Fmedia&parent=513910"}],"wp:term":[{"taxonomy":"category","embeddable":true,"href":"https:\/\/www.diarioimagen.net\/index.php?rest_route=%2Fwp%2Fv2%2Fcategories&post=513910"},{"taxonomy":"post_tag","embeddable":true,"href":"https:\/\/www.diarioimagen.net\/index.php?rest_route=%2Fwp%2Fv2%2Ftags&post=513910"}],"curies":[{"name":"wp","href":"https:\/\/api.w.org\/{rel}","templated":true}]}}