{"id":513926,"date":"2021-07-15T00:06:34","date_gmt":"2021-07-15T05:06:34","guid":{"rendered":"https:\/\/www.diarioimagen.net\/?p=513926"},"modified":"2021-07-16T01:26:02","modified_gmt":"2021-07-16T06:26:02","slug":"estrecha-gem-lazos-de-colaboracion-con-alcaldesas-electas","status":"publish","type":"post","link":"https:\/\/www.diarioimagen.net\/?p=513926","title":{"rendered":"Estrecha GEM lazos de colaboraci\u00f3n con alcaldesas electas"},"content":{"rendered":"<p>&nbsp;<\/p>\n<ul>\n<li>\u00a0<strong><em>A favor de las mujeres de la entidad<\/em><\/strong><\/li>\n<\/ul>\n<p>&nbsp;<\/p>\n<div id=\"attachment_514038\" style=\"width: 470px\" class=\"wp-caption aligncenter\"><a href=\"https:\/\/www.diarioimagen.net\/?attachment_id=514038\" rel=\"attachment wp-att-514038\"><img loading=\"lazy\" decoding=\"async\" aria-describedby=\"caption-attachment-514038\" class=\"size-full wp-image-514038\" src=\"https:\/\/www.diarioimagen.net\/wp-content\/uploads\/2021\/07\/EDOMEX1.jpg\" alt=\"\" width=\"460\" height=\"240\" \/><\/a><p id=\"caption-attachment-514038\" class=\"wp-caption-text\">Presenta la Secretar\u00eda de la Mujer a alcaldesas electas acciones y programas en beneficio de las mujeres mexiquenses.<\/p><\/div>\n<p>&nbsp;<\/p>\n<p><strong>San Mateo Atenco, Estado de M\u00e9xico.- <\/strong>Al reunirse con alcaldesas electas de la entidad, Mar\u00eda Isabel S\u00e1nchez Holgu\u00edn, titular de la Secretar\u00eda de la Mujer, celebr\u00f3 y reconoci\u00f3 que 45 mujeres estar\u00e1n al frente de los pr\u00f3ximos ayuntamientos municipales.<\/p>\n<p>\u201cCada una de ustedes es y ser\u00e1 un modelo a seguir para que las ni\u00f1as y adolescentes de hoy se conviertan en mujeres que se involucran en la pol\u00edtica y en el bienestar social; estos triunfos son un esfuerzo colectivo, que es fruto de la lucha de los movimientos feministas y de las mujeres que nos antecedieron y que ahora ustedes ratifican. Todav\u00eda nos queda un gran camino por recorrer\u201d, afirm\u00f3.<\/p>\n<p>En este contexto, dijo que hay pendientes para alcanzar la igualdad sustantiva dentro y fuera de la pol\u00edtica, por lo que indic\u00f3 que, \u201ces importante contar con su liderazgo, pero tambi\u00e9n ser\u00e1 fundamental que las instancias que atender\u00e1n a las mujeres en los municipios cuenten con los perfiles especializados para poder impulsar, desde lo local, la agenda de g\u00e9nero en toda la entidad, como lo ha instruido desde el inicio de su administraci\u00f3n el Gobernador Alfredo Del Mazo Maza\u201d.<\/p>\n<p>Puntualiz\u00f3 que, desde la Secretar\u00eda de la Mujer, se tiene la misi\u00f3n de garantizar a las mujeres el acceso igualitario y oportunidades en los distintos \u00e1mbitos, as\u00ed como el empoderamiento de ni\u00f1as, adolescentes y mujeres para el ejercicio pleno de sus derechos.<\/p>\n<p>Refiri\u00f3 que, para erradicar las violencias es necesaria la colaboraci\u00f3n y trabajo interinstitucional con los diferentes niveles de gobierno, por ello, mencion\u00f3 que, se espera que en los siguientes tres a\u00f1os trabajen de la mano y en conjunto.<\/p>\n<p>Finalmente, S\u00e1nchez Holgu\u00edn reiter\u00f3 que la Secretar\u00eda de la Mujer siempre tendr\u00e1 las puertas abiertas para servirles en lo que necesiten, pero sobre todo para colaborar en propuestas conjuntas, a favor de todas las mujeres de la entidad.<\/p>\n","protected":false},"excerpt":{"rendered":"<p>Al reunirse con alcaldesas electas de la entidad, Mar\u00eda Isabel S\u00e1nchez Holgu\u00edn, titular de la Secretar\u00eda de la Mujer, celebr\u00f3 y reconoci\u00f3 que 45 mujeres estar\u00e1n al frente de los pr\u00f3ximos ayuntamientos municipales.<\/p>\n","protected":false},"author":3,"featured_media":514039,"comment_status":"open","ping_status":"open","sticky":false,"template":"","format":"standard","meta":{"_monsterinsights_skip_tracking":false,"_monsterinsights_sitenote_active":false,"_monsterinsights_sitenote_note":"","_monsterinsights_sitenote_category":0,"footnotes":""},"categories":[5],"tags":[],"class_list":["post-513926","post","type-post","status-publish","format-standard","has-post-thumbnail","hentry","category-estado-de-mexico"],"_links":{"self":[{"href":"https:\/\/www.diarioimagen.net\/index.php?rest_route=\/wp\/v2\/posts\/513926","targetHints":{"allow":["GET"]}}],"collection":[{"href":"https:\/\/www.diarioimagen.net\/index.php?rest_route=\/wp\/v2\/posts"}],"about":[{"href":"https:\/\/www.diarioimagen.net\/index.php?rest_route=\/wp\/v2\/types\/post"}],"author":[{"embeddable":true,"href":"https:\/\/www.diarioimagen.net\/index.php?rest_route=\/wp\/v2\/users\/3"}],"replies":[{"embeddable":true,"href":"https:\/\/www.diarioimagen.net\/index.php?rest_route=%2Fwp%2Fv2%2Fcomments&post=513926"}],"version-history":[{"count":0,"href":"https:\/\/www.diarioimagen.net\/index.php?rest_route=\/wp\/v2\/posts\/513926\/revisions"}],"wp:featuredmedia":[{"embeddable":true,"href":"https:\/\/www.diarioimagen.net\/index.php?rest_route=\/wp\/v2\/media\/514039"}],"wp:attachment":[{"href":"https:\/\/www.diarioimagen.net\/index.php?rest_route=%2Fwp%2Fv2%2Fmedia&parent=513926"}],"wp:term":[{"taxonomy":"category","embeddable":true,"href":"https:\/\/www.diarioimagen.net\/index.php?rest_route=%2Fwp%2Fv2%2Fcategories&post=513926"},{"taxonomy":"post_tag","embeddable":true,"href":"https:\/\/www.diarioimagen.net\/index.php?rest_route=%2Fwp%2Fv2%2Ftags&post=513926"}],"curies":[{"name":"wp","href":"https:\/\/api.w.org\/{rel}","templated":true}]}}