{"id":513929,"date":"2021-07-15T00:03:32","date_gmt":"2021-07-15T05:03:32","guid":{"rendered":"https:\/\/www.diarioimagen.net\/?p=513929"},"modified":"2021-07-15T09:39:03","modified_gmt":"2021-07-15T14:39:03","slug":"dan-kits-de-proteccion-a-trabajadores-de-servicios-publicos-de-huixquilucan","status":"publish","type":"post","link":"https:\/\/www.diarioimagen.net\/?p=513929","title":{"rendered":"Dan kits de protecci\u00f3n a trabajadores de Servicios P\u00fablicos de Huixquilucan"},"content":{"rendered":"<p>&nbsp;<\/p>\n<ul>\n<li><strong><em>Para evitar contagios por Covid<\/em><\/strong><\/li>\n<\/ul>\n<p>&nbsp;<\/p>\n<p><a href=\"https:\/\/www.diarioimagen.net\/?attachment_id=514057\" rel=\"attachment wp-att-514057\"><img loading=\"lazy\" decoding=\"async\" class=\"aligncenter size-full wp-image-514057\" src=\"https:\/\/www.diarioimagen.net\/wp-content\/uploads\/2021\/07\/huix-2.jpg\" alt=\"\" width=\"460\" height=\"270\" \/><\/a><\/p>\n<p>&nbsp;<\/p>\n<p><strong>Huixquilucan, Estado de M\u00e9xico<\/strong>.- \u00a0El alcalde Enrique Vargas del Villar y la presidenta del Sistema Municipal DIF, Romina Contreras Carrasco, entregaron kits de protecci\u00f3n personal contra la covid-19 a cerca de 600 trabajadores de la Direcci\u00f3n de Servicios P\u00fablicos y Urbanos, con el prop\u00f3sito de que sigan desempe\u00f1ando sus actividades de una manera segura y con un riesgo menor de contagio.<\/p>\n<p>Al encabezar la entrega de estos kits, el presidente municipal, Enrique Vargas, reconoci\u00f3 el trabajo que ha llevado a cabo el personal de limpia, recolecci\u00f3n de basura y de poda de \u00e1rboles, entre otros, a\u00fan en los tiempos en que la pandemia azot\u00f3 m\u00e1s fuerte al pa\u00eds, al hacer posible que el municipio se mantuviera limpio y ordenado, para preservar la salud de los huixquiluquenses.<\/p>\n<p>Se\u00f1al\u00f3, que el hecho de que Huixquilucan sea evaluado como uno de los municipios mejor calificados del pa\u00eds, radica en gran parte en el trabajo que todos los d\u00edas realizan los servidores p\u00fablicos, por lo que se dijo orgulloso del esfuerzo que hacen para que este municipio siga siendo el mejor lugar para vivir.<\/p>\n<p>El Edil\u00a0 se comprometi\u00f3 con los servidores p\u00fablicos, a seguir trabajando para mejorar sus condiciones laborales en los siguientes meses, adem\u00e1s de incrementar sus herramientas de trabajo, para un Huixquilucan limpio.<\/p>\n<p>Por su parte, la presidenta del Sistema Municipal DIF, Romina Contreras, destac\u00f3 la importancia de que el personal se mantenga sano en estos tiempos, e indic\u00f3 que entre los aditamentos que recibieron, se encuentran cubrebocas KN-95, los cuales permitir\u00e1n que sigan protegidos y que puedan llevar a cabo sus actividades sin contratiempos.<\/p>\n<p>Adem\u00e1s, se sum\u00f3 al reconocimiento por la labor que realizan a diario y afirm\u00f3 que mantendr\u00e1 un trabajo conjunto con ellos, con la intenci\u00f3n de que Huixquilucan siga siendo un referente a nivel nacional y se mantenga como el municipio mejor calificado.<\/p>\n","protected":false},"excerpt":{"rendered":"<p>El alcalde Enrique Vargas del Villar y la presidenta del Sistema Municipal DIF, Romina Contreras Carrasco, entregaron kits de protecci\u00f3n personal contra la covid-19 a cerca de 600 trabajadores de la Direcci\u00f3n de Servicios P\u00fablicos y Urbanos, con el prop\u00f3sito de que sigan desempe\u00f1ando sus actividades de una manera segura y con un riesgo menor de contagio.<\/p>\n","protected":false},"author":3,"featured_media":514057,"comment_status":"open","ping_status":"open","sticky":false,"template":"","format":"standard","meta":{"_monsterinsights_skip_tracking":false,"_monsterinsights_sitenote_active":false,"_monsterinsights_sitenote_note":"","_monsterinsights_sitenote_category":0,"footnotes":""},"categories":[5],"tags":[43675,1097,50459],"class_list":["post-513929","post","type-post","status-publish","format-standard","has-post-thumbnail","hentry","category-estado-de-mexico","tag-estado-de-mexico","tag-huixquilucan","tag-servicios-publicos"],"_links":{"self":[{"href":"https:\/\/www.diarioimagen.net\/index.php?rest_route=\/wp\/v2\/posts\/513929","targetHints":{"allow":["GET"]}}],"collection":[{"href":"https:\/\/www.diarioimagen.net\/index.php?rest_route=\/wp\/v2\/posts"}],"about":[{"href":"https:\/\/www.diarioimagen.net\/index.php?rest_route=\/wp\/v2\/types\/post"}],"author":[{"embeddable":true,"href":"https:\/\/www.diarioimagen.net\/index.php?rest_route=\/wp\/v2\/users\/3"}],"replies":[{"embeddable":true,"href":"https:\/\/www.diarioimagen.net\/index.php?rest_route=%2Fwp%2Fv2%2Fcomments&post=513929"}],"version-history":[{"count":0,"href":"https:\/\/www.diarioimagen.net\/index.php?rest_route=\/wp\/v2\/posts\/513929\/revisions"}],"wp:featuredmedia":[{"embeddable":true,"href":"https:\/\/www.diarioimagen.net\/index.php?rest_route=\/wp\/v2\/media\/514057"}],"wp:attachment":[{"href":"https:\/\/www.diarioimagen.net\/index.php?rest_route=%2Fwp%2Fv2%2Fmedia&parent=513929"}],"wp:term":[{"taxonomy":"category","embeddable":true,"href":"https:\/\/www.diarioimagen.net\/index.php?rest_route=%2Fwp%2Fv2%2Fcategories&post=513929"},{"taxonomy":"post_tag","embeddable":true,"href":"https:\/\/www.diarioimagen.net\/index.php?rest_route=%2Fwp%2Fv2%2Ftags&post=513929"}],"curies":[{"name":"wp","href":"https:\/\/api.w.org\/{rel}","templated":true}]}}