{"id":513959,"date":"2021-07-15T00:02:14","date_gmt":"2021-07-15T05:02:14","guid":{"rendered":"https:\/\/www.diarioimagen.net\/?p=513959"},"modified":"2021-07-16T04:05:39","modified_gmt":"2021-07-16T09:05:39","slug":"monreal-reitera-que-esperara-tiempos-correctos-para-2024","status":"publish","type":"post","link":"https:\/\/www.diarioimagen.net\/?p=513959","title":{"rendered":"Monreal reitera que esperar\u00e1 tiempos correctos, para 2024"},"content":{"rendered":"<h2>La Retaguardia<\/h2>\n<h5>Adriana Moreno Cordero<\/h5>\n<p>&nbsp;<\/p>\n<ul>\n<li><em><strong>L\u00f3pez Obrador se re\u00fane con gobernadores de Morena, les pide ayuda<\/strong> <\/em><\/li>\n<\/ul>\n<p>&nbsp;<\/p>\n<p>Claro y directo, el presidente de la Junta de Coordinaci\u00f3n Pol\u00edtica del Senado de la Rep\u00fablica, <strong>Ricardo Monreal \u00c1vila<\/strong>, una vez m\u00e1s, dijo que esperar\u00e1 los tiempos correctos para contender por la candidatura de Morena a la presidencia de la Rep\u00fablica, pero por lo pronto, en conferencia de prensa, ante los medios, subray\u00f3 que su intenci\u00f3n es acompa\u00f1ar al Presidente <strong>Andr\u00e9s Manuel L\u00f3pez Obrador<\/strong> para sacar adelante la agenda legislativa que ha marcado como prioritaria.<\/p>\n<p>Sin embargo, en lo que espera, respondi\u00f3 sobre la propuesta del dirigente de su partido, <strong>Mario Mart\u00edn Delgado,<\/strong> respecto a que el m\u00e9todo para elegir al candidato presidencial de Morena sea mediante encuesta. En ese sentido, el coordinador de Morena en la C\u00e1mara Alta se\u00f1al\u00f3: \u201cno me quiero pronunciar en este momento sobre el m\u00e9todo de selecci\u00f3n de candidatos a puestos de elecci\u00f3n popular.\u00a0Lo que s\u00ed puedo decirle, es que est\u00e1 muy desgastado el m\u00e9todo de encuestas y ha sido un ejercicio que ha sido cuestionado y que ser\u00eda bueno buscar m\u00e9todos distintos\u201d.<\/p>\n<p>O sea, de lo anterior puede desprenderse que el senador Ricardo Monreal, no pertenece al ala m\u00e1s radical de Morena y en cuanto a la carrera presidencial; est\u00e1 dispuesto a ir por una v\u00eda muy diferente y prueba de ello es que descalifica la encuesta propuesta por un ala del partido oficial para elegir a su abanderado presidencial; \u00bfser\u00e1 acaso para despejarle el camino a la se\u00f1ora Sheinbaum Pardo?<\/p>\n<p>No obstante, el legislador zacatecano opin\u00f3 que falta mucho tiempo para ese momento, \u201cfaltan m\u00e1s de dos a\u00f1os y yo prefiero esperar los tiempos que marque la ley, para no incurrir en campa\u00f1as anticipadas ni en violaci\u00f3n de reglas electorales\u201d.<\/p>\n<p>Espec\u00edficamente, el senador Monreal se\u00f1al\u00f3: \u201cMi inter\u00e9s es acompa\u00f1ar la agenda legislativa que el presidente L\u00f3pez Obrador ha definido como prioridad. Ya terminamos la primera parte y esta nueva legislatura revisar\u00e1 la segunda parte del proyecto de transformaci\u00f3n\u201d.<\/p>\n<p>Seg\u00fan se sabe, desde el Patio del Federalismo, en la sede de la C\u00e1mara alta, el l\u00edder de la bancada mayoritaria, dej\u00f3 en claro que el adelantar la sucesi\u00f3n presidencial distrae de temas importantes y por eso, hizo el compromiso de que \u00e9l no caer\u00e1 en eso, aunque, considera que si lo hizo as\u00ed el presidente L\u00f3pez Obrador en su momento, est\u00e1 bien, porque \u201c\u00e9l sabe muy bien lo que hace\u201d.<\/p>\n<p>Y es que no puede negarse que el senador Monreal Avila fue enf\u00e1tico al desenredar su mensaje sobre la sucesi\u00f3n, pues insisti\u00f3 en que el jefe del Ejecutivo ha actuado de manera congruente e in\u00e9dita, pues nunca se hab\u00eda visto a alg\u00fan otro mandatario que actuara como \u00e9l, ya que lejos de retrasar la sucesi\u00f3n presidencial, es el propio AMLO quien habla abiertamente de ella. Eso s\u00ed, hasta el banderazo de salida dio y foro en Palacio Nacional, por ejemplo, al secretario de Relaciones Exteriores, <strong>Marcelo Ebrard<\/strong>.<\/p>\n<p>\u201cCreo que el presidente ha actuado en raz\u00f3n de sus principios y ha declarado muerto el \u2018tapadismo\u2019. \u00c9l ha prendido las velas de las exequias de este muerto llamado \u2018tapado\u2019\u201d, dijo.<\/p>\n<p>Adem\u00e1s de referirse a la carrera presidencial, en la que el zacatecano est\u00e1 apuntad\u00edsimo, tambi\u00e9n habl\u00f3 de los acuerdos que a\u00fan quedan pendientes por tejer, al informar que los legisladores intentar\u00e1n abordar en un periodo extraordinario los nombramientos pendientes de los titulares de la Secretar\u00eda de la Funci\u00f3n P\u00fablica (SFP), que recaer\u00e1 en <strong>Roberto Salcedo Aquino<\/strong>; de la Secretar\u00eda de Hacienda y Cr\u00e9dito P\u00fablico (SHCP), con su nuevo titular, <strong>Rogelio<\/strong> <strong>Ram\u00edrez de la O,<\/strong> y para el cargo de gobernador del Banco de M\u00e9xico, al que el Presidente propuso a <strong>Arturo Herrera<\/strong>.<\/p>\n<p>El tambi\u00e9n coordinador de la bancada de Morena, puntualiz\u00f3 que el nombramiento del Banco de M\u00e9xico lo puede hacer la Permanente; sin embargo, el de la SHCP debe ser ratificado por la C\u00e1mara de Diputados y el de la SFP por el Senado de la Rep\u00fablica, por lo que ser\u00e1 necesario un extraordinario.<\/p>\n<p>Estos nombramientos -revel\u00f3 el legislador morenista-, podr\u00e1n incluirse en el periodo planteado para la pr\u00f3xima semana.\u00a0Incluso, se\u00f1al\u00f3 el senador, el titular de la SFP podr\u00eda mantenerse en su cargo hasta septiembre, por lo que no ser\u00eda necesario convocar a un extraordinario; pero, s\u00ed es urgente, dijo, \u201cbuscaremos las soluciones\u201d.<\/p>\n<p style=\"text-align: center;\"><strong>Municiones<\/strong><\/p>\n<p>*** Ayer, por espacio de tres horas, el presidente L\u00f3pez Obrador se reuni\u00f3 con gobernadores electos y en funciones de su partido. El tema a revisar fue el de la grave inseguridad que vive el pa\u00eds, problema en el que est\u00e1 errada la llamada Cuarta Transformaci\u00f3n no ha podido o no ha querido hacer nada. La mandataria estatal electa de Colima, <strong>Indira Vizcaino<\/strong>, la hizo de especie de vocera y calific\u00f3 el encuentro como de bastante productivo. Y como estuvo presente el gabinete de seguridad, la discusi\u00f3n se centr\u00f3 en la prevenci\u00f3n y acabar con la impunidad. Pues \u00bfno que ya se hab\u00eda acabado con \u00e9sta? Lo cierto es que el Presidente les pidi\u00f3 ayuda y colaboraci\u00f3n para revertir los altos n\u00fameros en rubros como el delito doloso. La gobernadora electa Vizcaino dijo que vio tranquilo al Presidente. \u00bfSer\u00e1? El que tambi\u00e9n estuvo informando sobre el encuentro fue <strong>Alfonso Durazo<\/strong>, que se mueve por Palacio Nacional como por su casa y como ex secretario de Seguridad Ciudadana, dijo que los gobernadores morenistas, \u201cacordamos todos sumar esfuerzos, entre muchas otros acciones en las que debemos de trabajar de manera coordinada para dar los mejores resultados\u201d. No sobra decir que el sonorense no dio muy buenos resultados al frente de la secretar\u00eda de Seguridad donde dej\u00f3 todo botado.<\/p>\n<p>*** El gobierno de <strong>Claudia Sheinbaum<\/strong> debe eficientar con prontitud el proceso de vacunaci\u00f3n de las personas j\u00f3venes que actualmente siguen en alto riesgo de contagio por Covid-19 e informar con veracidad el comportamiento de la pandemia, demand\u00f3 la presidenta del PRD en la Ciudad de M\u00e9xico, <strong>Nora Arias Contreras<\/strong>. Agreg\u00f3 que \u201ces inevitable que los j\u00f3venes salgan de casa, pues la gran mayor\u00eda pertenece al sector de la poblaci\u00f3n econ\u00f3micamente activa y tienen que ir a sus trabajos y escuela en un transporte p\u00fablico saturado\u201d. Arias Contreras indic\u00f3 que la jefa de Gobierno, a trav\u00e9s de las secretar\u00edas de Salud, Gobierno y Movilidad, principalmente, tienen la responsabilidad de garantizar la protecci\u00f3n a la salud ante la emergencia sanitaria desde sus \u00e1mbitos de competencia, ante el crecimiento -de nueva cuenta- y aparici\u00f3n de nuevas cepas del virus. \u201cNo queremos que suceda como al inicio de la pandemia y se decida cerrar todas las actividades cuando se puede prevenir el contagio masivo mediante la aplicaci\u00f3n de medidas espec\u00edficas como aumentar el n\u00famero de unidades de transporte para evitar aglomeraciones, garantizar el distanciamiento f\u00edsico, el aforo en los espacios p\u00fablicos y el uso de cubrebocas\u201d, expres\u00f3.<\/p>\n<p><u><a href=\"mailto:morcora@gmail.com\" target=\"_blank\" rel=\"noopener noreferrer\"><em>morcora@gmail.com<\/em><\/a><\/u><\/p>\n","protected":false},"excerpt":{"rendered":"<p><span style=\"color: #005497;\"><strong>Adriana Moreno Cordero<\/strong><\/span><\/p>\n","protected":false},"author":3,"featured_media":0,"comment_status":"open","ping_status":"open","sticky":false,"template":"","format":"standard","meta":{"_monsterinsights_skip_tracking":false,"_monsterinsights_sitenote_active":false,"_monsterinsights_sitenote_note":"","_monsterinsights_sitenote_category":0,"footnotes":""},"categories":[69370],"tags":[69369,69368,43674],"class_list":["post-513959","post","type-post","status-publish","format-standard","hentry","category-adriana-moreno-cordero","tag-adriana-moreno-cordero","tag-la-retaguardia","tag-opinion"],"_links":{"self":[{"href":"https:\/\/www.diarioimagen.net\/index.php?rest_route=\/wp\/v2\/posts\/513959","targetHints":{"allow":["GET"]}}],"collection":[{"href":"https:\/\/www.diarioimagen.net\/index.php?rest_route=\/wp\/v2\/posts"}],"about":[{"href":"https:\/\/www.diarioimagen.net\/index.php?rest_route=\/wp\/v2\/types\/post"}],"author":[{"embeddable":true,"href":"https:\/\/www.diarioimagen.net\/index.php?rest_route=\/wp\/v2\/users\/3"}],"replies":[{"embeddable":true,"href":"https:\/\/www.diarioimagen.net\/index.php?rest_route=%2Fwp%2Fv2%2Fcomments&post=513959"}],"version-history":[{"count":0,"href":"https:\/\/www.diarioimagen.net\/index.php?rest_route=\/wp\/v2\/posts\/513959\/revisions"}],"wp:attachment":[{"href":"https:\/\/www.diarioimagen.net\/index.php?rest_route=%2Fwp%2Fv2%2Fmedia&parent=513959"}],"wp:term":[{"taxonomy":"category","embeddable":true,"href":"https:\/\/www.diarioimagen.net\/index.php?rest_route=%2Fwp%2Fv2%2Fcategories&post=513959"},{"taxonomy":"post_tag","embeddable":true,"href":"https:\/\/www.diarioimagen.net\/index.php?rest_route=%2Fwp%2Fv2%2Ftags&post=513959"}],"curies":[{"name":"wp","href":"https:\/\/api.w.org\/{rel}","templated":true}]}}