{"id":513966,"date":"2021-07-15T00:08:27","date_gmt":"2021-07-15T05:08:27","guid":{"rendered":"https:\/\/www.diarioimagen.net\/?p=513966"},"modified":"2021-07-15T04:35:10","modified_gmt":"2021-07-15T09:35:10","slug":"la-tarea-de-morena","status":"publish","type":"post","link":"https:\/\/www.diarioimagen.net\/?p=513966","title":{"rendered":"La tarea de Morena"},"content":{"rendered":"<h2>Punto por punto<\/h2>\n<h5>Augusto Corro<\/h5>\n<p>&nbsp;<\/p>\n<p>El \u201cdestape\u201d tempranero de candidatos presidenciales agit\u00f3 las aguas en el partido Movimiento Regeneraci\u00f3n Nacional (Morena).<\/p>\n<p>Las pugnas internas se agudizar\u00e1n conforme se avance a las elecciones de 2024. El presidente L\u00f3pez Obrador, l\u00edder moral del movimiento, no esper\u00f3 a que el \u201cdestape\u201d lo hiciera el partido.\u00a0 La pol\u00edtica del \u201cdedazo\u201d se realiz\u00f3 como en tiempos del liberalismo. Una decisi\u00f3n desde el poder anula inquietudes de la base.<\/p>\n<p>Ahora, a Morena le toca esperar, con paciencia, lo que marque el calendario electoral presidencial.<\/p>\n<p>La tarea pol\u00edtica tendr\u00e1 que ser intensa en esa organizaci\u00f3n pol\u00edtica con el fin de buscar la unidad en torno a un candidato.\u00a0 La lucha entre \u201cpuros\u201d y \u201cmoderados\u201d podr\u00eda llevar al divisionismo partidista profundo, propio de los partidos llamados de izquierda.<\/p>\n<p>Aunque se piensa llevar la elecci\u00f3n presidencial lo menos conflictiva que se pueda y para eso aplicar\u00e1n las encuestas.\u00a0 Esas consultas morenistas, que son pocos los que saben c\u00f3mo se realizan, ser\u00e1n la tabla de salvaci\u00f3n para evitar confrontaciones internas.<\/p>\n<p>Con las encuestas resolvieron casos como el de la dirigencia nacional del partido que disputaban Mario Delgado y el controvertido pol\u00edtico, Porfirio Mu\u00f1oz Ledo. Ese estilo de decisi\u00f3n pol\u00edtica se aplic\u00f3 en Guerrero. Gan\u00f3 F\u00e9lix Salgado Macedonio, pero era m\u00e1s que imposible mantener su candidatura.<\/p>\n<p>Finalmente, en un acto de nepotismo puro, la ganadora fue Evelyn Salgado Pineda, hija de Salgado Macedonio. \u00bfEso ocurrir\u00e1 con la elecci\u00f3n del candidato morenista?<\/p>\n<p>Parece que as\u00ed ocurrir\u00e1. Adem\u00e1s, ser\u00e1 el aspirante designado por L\u00f3pez Obrador el que participe como abanderado de su partido en la contienda electoral citada. En esas condiciones pol\u00edticas hasta sobrar\u00eda llevar a cabo las encuestas. Si la decisi\u00f3n surge desde las altas esferas del poder, no habr\u00e1 manera de impugnarla.<\/p>\n<p>Entonces, \u00bfcu\u00e1l ser\u00e1 el papel que jugar\u00e1 Morena en las elecciones presidenciales? \u00bfEl de un partido pasivo? Ya pronto lo veremos.<\/p>\n<p>No olvidar que en los \u00faltimos tres a\u00f1os, el partido guinda estuvo sumido en el anonimato. Tal fue el desde\u00f1o por la pol\u00edtica que perdieron en la Ciudad de M\u00e9xico, aunque digan que ganaron.\u00a0 En el partido morenista ya empezaron a manifestarse actos de rechazo a su l\u00edder, Mario Delgado.<\/p>\n<p>Como se\u00f1alamos en este espacio, durante la ceremonia de tres a\u00f1os de la victoria morenista, los asistentes al acto a gritos exig\u00edan la renuncia de Mario Delgado.<\/p>\n<p>En esa misma reuni\u00f3n se coreaba tambi\u00e9n la palabra presidenta, en franco apoyo a la jefa de Gobierno capitalino, Claudia Sheinbaum.<\/p>\n<p>En el presente, son dos los precandidatos \u201cdestapados\u201d que ya se nombraban antes de que los se\u00f1alara L\u00f3pez Obrador en la ma\u00f1anera: Claudia Sheinbaum y Marcelo Ebrard.<\/p>\n<p>Las simpat\u00edas para esos personajes se determinaron durante la elecci\u00f3n de la dirigencia nacional. Fueron una advertencia de lo que podr\u00eda venir.<\/p>\n<p>En esa contienda, se dijo que Mario Delgado era la avanzada de Marcelo Ebrard y que Mu\u00f1oz Ledo era el representante de Claudia Sheinbaum.<\/p>\n<p>El canciller ya se \u201cdestap\u00f3\u201d oficialmente. La jefa de Gobierno dijo que hay que esperar. Ambos est\u00e1n relacionados con la tragedia en la Estaci\u00f3n Olivos del Metro, en cuyo accidente perdieron la vida 26 personas.<\/p>\n<p>Por otra parte, algunos de los aspirantes citados por el presidente L\u00f3pez Obrador dijeron que no tienen inter\u00e9s en participar en el juego electoral.<\/p>\n<p>No as\u00ed, el l\u00edder del Senado, Ricardo Monreal, quien manifest\u00f3 que estar\u00e1 en la boleta presidencial el 2024.<\/p>\n<p>\u00bfUsted qu\u00e9 opina amable lector?<\/p>\n<p style=\"text-align: center;\"><strong>La pesadilla contin\u00faa<\/strong><\/p>\n<p>La dirigente del Partido de la Revoluci\u00f3n Democr\u00e1tica (PRD) capitalino, Nora Arias, convoc\u00f3 al gobierno de Claudia Sheinbaum a eficientizar, con prontitud, el proceso de vacunaci\u00f3n de los j\u00f3venes que actualmente siguen en alto riesgo de contagio por coronavirus.<\/p>\n<p>Tambi\u00e9n se pronunci\u00f3 porque las autoridades informen con veracidad el comportamiento de la pandemia.<\/p>\n<p>Agreg\u00f3 que la jefa de Gobierno, a trav\u00e9s de las secretar\u00edas de Salud y Movilidad, principalmente, tienen la responsabilidad de garantizar la protecci\u00f3n a la salud ante la emergencia sanitaria, desde sus \u00e1mbitos de competencia, debido al crecimiento, de nueva cuenta, y aparici\u00f3n de variantes del virus.<\/p>\n<p>La dirigente perredista recalc\u00f3 lo siguiente:<\/p>\n<p>\u201cNo queremos que suceda como al inicio de la pandemia y se decida cerrar todas las actividades cuando se puede prevenir el contagio masivo mediante la aplicaci\u00f3n de medidas espec\u00edficas, como aumentar el n\u00famero de unidades de transporte para evitar aglomeraciones, garantizar el distanciamiento f\u00edsico, el aforo a los espacios p\u00fablicos y el uso del cubrebocas.<\/p>\n<p>\u00bfUsted qu\u00e9 opina amable lector?<\/p>\n<p><a href=\"mailto:aco2742@hotmail.com\" target=\"_blank\" rel=\"noopener noreferrer\"><em>aco2742@hotmail.com<\/em><\/a><\/p>\n","protected":false},"excerpt":{"rendered":"<p><span style=\"color: #005497;\"><strong>Augusto Corro<\/strong><\/span><\/p>\n","protected":false},"author":3,"featured_media":0,"comment_status":"open","ping_status":"open","sticky":false,"template":"","format":"standard","meta":{"_monsterinsights_skip_tracking":false,"_monsterinsights_sitenote_active":false,"_monsterinsights_sitenote_note":"","_monsterinsights_sitenote_category":0,"footnotes":""},"categories":[157],"tags":[43686,43674,11515],"class_list":["post-513966","post","type-post","status-publish","format-standard","hentry","category-augusto-corro","tag-augusto-corro","tag-opinion","tag-punto-por-punto"],"_links":{"self":[{"href":"https:\/\/www.diarioimagen.net\/index.php?rest_route=\/wp\/v2\/posts\/513966","targetHints":{"allow":["GET"]}}],"collection":[{"href":"https:\/\/www.diarioimagen.net\/index.php?rest_route=\/wp\/v2\/posts"}],"about":[{"href":"https:\/\/www.diarioimagen.net\/index.php?rest_route=\/wp\/v2\/types\/post"}],"author":[{"embeddable":true,"href":"https:\/\/www.diarioimagen.net\/index.php?rest_route=\/wp\/v2\/users\/3"}],"replies":[{"embeddable":true,"href":"https:\/\/www.diarioimagen.net\/index.php?rest_route=%2Fwp%2Fv2%2Fcomments&post=513966"}],"version-history":[{"count":0,"href":"https:\/\/www.diarioimagen.net\/index.php?rest_route=\/wp\/v2\/posts\/513966\/revisions"}],"wp:attachment":[{"href":"https:\/\/www.diarioimagen.net\/index.php?rest_route=%2Fwp%2Fv2%2Fmedia&parent=513966"}],"wp:term":[{"taxonomy":"category","embeddable":true,"href":"https:\/\/www.diarioimagen.net\/index.php?rest_route=%2Fwp%2Fv2%2Fcategories&post=513966"},{"taxonomy":"post_tag","embeddable":true,"href":"https:\/\/www.diarioimagen.net\/index.php?rest_route=%2Fwp%2Fv2%2Ftags&post=513966"}],"curies":[{"name":"wp","href":"https:\/\/api.w.org\/{rel}","templated":true}]}}