{"id":513969,"date":"2021-07-15T00:03:11","date_gmt":"2021-07-15T05:03:11","guid":{"rendered":"https:\/\/www.diarioimagen.net\/?p=513969"},"modified":"2021-07-15T04:38:40","modified_gmt":"2021-07-15T09:38:40","slug":"deudas-del-destapador-con-algunos-tapados","status":"publish","type":"post","link":"https:\/\/www.diarioimagen.net\/?p=513969","title":{"rendered":"Deudas del \u201cdestapador\u201d con algunos \u201ctapados\u201d"},"content":{"rendered":"<h2>Espacio Electoral<\/h2>\n<h5>Eleazar Flores<\/h5>\n<p>&nbsp;<\/p>\n<p><strong>\u00bfLEALTAD O EFICIENCIA?-.<\/strong> Como observador que es, seguramente ya detect\u00f3 que el padre de la Cuarta Transformaci\u00f3n no s\u00f3lo ha \u201cdestapado\u201d a competidores presidenciales de su Morena, tambi\u00e9n de sus \u201cadversarios\u201d mismos, cuyos nombres omitir\u00e9 para no perjudicarlos.<\/p>\n<p>Fiel a sus convicciones que le han dado buenos resultados como el llegar donde est\u00e1, seguramente en los \u201cdestapados\u201d, el \u201cdestapador\u201d seguir\u00e1 viendo y pidiendo a sus competidores 90 por ciento de lealtad y 10 por ciento de eficiencia, como sucede en y con integrantes del actual gabinete.<\/p>\n<p>Y como en todo quehacer humano, pero en pol\u00edtica m\u00e1s, habr\u00e1 a quienes desde antes ya les deba alg\u00fan favor -no siempre econ\u00f3mico, por supuesto-, sino de otra \u00edndole como adhesi\u00f3n, espera o apoyar a otras personas, y pudiera ser que llega el tiempo de cobrar. NO, no hay divagaci\u00f3n y van ejemplos para no aturdirlo, o interesarlo m\u00e1s.<\/p>\n<p>En la pasada elecci\u00f3n de candidaturas a diversos cargos federales, estatales y hasta municipales, los medios se encargaron de \u201cdescubrir\u201d la invisible mano presidencial para calmar a unos e impulsar a otros. San Luis Potos\u00ed, Nuevo Le\u00f3n, Chihuahua y Guerrero son ejemplos acabados \u00bfa cambio de qu\u00e9?<\/p>\n<p>Pero los ejemplos de trascendencia nacional fueron desde 2012 y el m\u00e1s reciente en 2018, involucrados en el primero el mismo vecino de Ocoyoacac Marcelo Ebrard Casaub\u00f3n y en el segundo, Ricardo Monreal \u00c1vila.<\/p>\n<p><strong>2012-PRD-EBRARD-.<\/strong> En plena ejecuci\u00f3n de la hoy derrumbada \u201cL\u00ednea Dorada\u201d, \u2014a principios de 2012\u2014, hab\u00eda dos fuertes aspirantes presidenciales perredistas, Marcelo Ebrard y Andr\u00e9s Manuel L\u00f3pez, quien ir\u00eda por su segundo intento luego del fracaso del primero en 2006 al perder ante Felipe Calder\u00f3n.<\/p>\n<p>No dejar\u00e1 mentir la hemeroteca de entonces, que daba como puntero al jefe de Gobierno, pero despu\u00e9s de una semisecreta reuni\u00f3n con AMLO, Ebrard declin\u00f3 en favor del tabasque\u00f1o, \u00bfa cambio de qu\u00e9? fue la interrogante.<\/p>\n<p>Concluido su sexenio Ebrard se fue a Par\u00eds, vivi\u00f3 de sus conferencias, dicho por el mismo, y seis a\u00f1os despu\u00e9s se reencuentra sin m\u00e1cula con AMLO.<\/p>\n<p><strong>2018-MORENA-MONREAL-.<\/strong> Migrante del PRD a Morena, Ricardo Monreal punteaba para jefe de Gobierno, AMLO dijo tener \u201cotros datos\u201d donde la primera en esos datos era Claudia Scheinbaum, el zacatecano se distancia, hizo p\u00fablicos ofrecimientos de otros partidos y\u2026<\/p>\n<p>D\u00edas despu\u00e9s hace p\u00fablico su encuentro con el tabasque\u00f1o \u2014como ahora sus desayunos\u2014, y despu\u00e9s le\u00a0 llega la senadur\u00eda plurinominal para encabezar m\u00e1s tarde la C\u00e1mara alta, premio nada despreciable, pues sab\u00eda que tendr\u00eda vigencia y reflectores por seis a\u00f1os\u2026 y para lo que pudiera ofrecerse, y parece ser que se va a ofrecer.<\/p>\n<p>Con los dem\u00e1s \u201cdestapados\u201d, parece no tener, a primera vista, tanto compromiso el \u201cdestapador\u201d.<\/p>\n<p><em><a href=\"mailto:elefa44@gmail.com\" target=\"_blank\" rel=\"noopener noreferrer\">elefa44@gmail.com<\/a><\/em><\/p>\n","protected":false},"excerpt":{"rendered":"<p><span style=\"color: #005497;\"><strong>Eleazar Flores<\/strong><\/span><\/p>\n","protected":false},"author":3,"featured_media":0,"comment_status":"open","ping_status":"open","sticky":false,"template":"","format":"standard","meta":{"_monsterinsights_skip_tracking":false,"_monsterinsights_sitenote_active":false,"_monsterinsights_sitenote_note":"","_monsterinsights_sitenote_category":0,"footnotes":""},"categories":[81743],"tags":[81744,81776,43674],"class_list":["post-513969","post","type-post","status-publish","format-standard","hentry","category-eleazar-flores","tag-eleazar-flores","tag-espacio-electoral","tag-opinion"],"_links":{"self":[{"href":"https:\/\/www.diarioimagen.net\/index.php?rest_route=\/wp\/v2\/posts\/513969","targetHints":{"allow":["GET"]}}],"collection":[{"href":"https:\/\/www.diarioimagen.net\/index.php?rest_route=\/wp\/v2\/posts"}],"about":[{"href":"https:\/\/www.diarioimagen.net\/index.php?rest_route=\/wp\/v2\/types\/post"}],"author":[{"embeddable":true,"href":"https:\/\/www.diarioimagen.net\/index.php?rest_route=\/wp\/v2\/users\/3"}],"replies":[{"embeddable":true,"href":"https:\/\/www.diarioimagen.net\/index.php?rest_route=%2Fwp%2Fv2%2Fcomments&post=513969"}],"version-history":[{"count":0,"href":"https:\/\/www.diarioimagen.net\/index.php?rest_route=\/wp\/v2\/posts\/513969\/revisions"}],"wp:attachment":[{"href":"https:\/\/www.diarioimagen.net\/index.php?rest_route=%2Fwp%2Fv2%2Fmedia&parent=513969"}],"wp:term":[{"taxonomy":"category","embeddable":true,"href":"https:\/\/www.diarioimagen.net\/index.php?rest_route=%2Fwp%2Fv2%2Fcategories&post=513969"},{"taxonomy":"post_tag","embeddable":true,"href":"https:\/\/www.diarioimagen.net\/index.php?rest_route=%2Fwp%2Fv2%2Ftags&post=513969"}],"curies":[{"name":"wp","href":"https:\/\/api.w.org\/{rel}","templated":true}]}}