{"id":513976,"date":"2021-07-15T00:08:51","date_gmt":"2021-07-15T05:08:51","guid":{"rendered":"https:\/\/www.diarioimagen.net\/?p=513976"},"modified":"2021-07-15T04:46:12","modified_gmt":"2021-07-15T09:46:12","slug":"la-terquedad-del-regreso-a-clases-presenciales","status":"publish","type":"post","link":"https:\/\/www.diarioimagen.net\/?p=513976","title":{"rendered":"La terquedad del regreso a clases presenciales"},"content":{"rendered":"<h2>Detr\u00e1s del Poder<\/h2>\n<h5>Jos\u00e9 Antonio L\u00f3pez Sosa<\/h5>\n<p>&nbsp;<\/p>\n<p>Entiendo que las escuelas privadas insistan y presionen por volver a clases presenciales, resulta una empresa irresponsable insistir en ello ante la inminente llegada de la tercera ola de contagios de SARS-CoV-2, as\u00ed como la imposibilidad de vacunar a ni\u00f1os y adolescentes.<\/p>\n<p>No entiendo por qu\u00e9 el gobierno federal se sube a la misma causa, insistiendo que el regreso a clases es un hecho para el siguiente ciclo escolar.<\/p>\n<p>No hay seguridad sanitaria para tal efecto, es imposible reducir o prevenir los contagios en aulas cerradas con alumnos no vacunados, cuando las variantes acechan y se conoce poco a\u00fan sobre sus efectos.<\/p>\n<p>Se trata, por supuesto, de una decisi\u00f3n coyuntural que implica muchas consecuencias, la educaci\u00f3n y formaci\u00f3n de toda una generaci\u00f3n que habr\u00eda perdido pr\u00e1cticamente dos ciclos escolares, sin embargo, ah\u00ed el gobierno debiera poner en la balanza qu\u00e9 afecta menos, suspender el regreso a clases o dar pie al aumento de contagios, no hay m\u00e1s, son dos opciones que la misma realidad producto de la pandemia nos ha impuesto como sociedad a nivel global.<\/p>\n<p>La seguridad sanitaria de ni\u00f1os y adolescentes no puede estar sujeta a una decisi\u00f3n pol\u00edtica con base en la terquedad, tampoco en una serie de presiones por parte de instituciones privadas que como todos, han visto caer sus ingresos por la pandemia, debe haber sensatez y veracidad, una determinaci\u00f3n conjunta entre la Secretar\u00eda de Salud y la Secretar\u00eda de Educaci\u00f3n P\u00fablica con base en datos y an\u00e1lisis t\u00e9cnicos y no pol\u00edticos, privilegiando la seguridad sanitaria por encima de cualquier otro inter\u00e9s.<\/p>\n<p>El regreso a clases hoy es un riesgo, es una condici\u00f3n de inseguridad para ni\u00f1os, adolescentes y sus familias, para maestros y trabajadores de la educaci\u00f3n, resulta un acto de irresponsabilidad frente a la realidad actual.<\/p>\n<p>\u00bfAlternativas?, que las proponga la SEP, para eso les pagan, para dise\u00f1ar otros mecanismos que no pongan en riesgo a la poblaci\u00f3n en general, con un aventurado regreso a clases presenciales el mes entrante.<\/p>\n<p><em><a href=\"http:\/\/www.lopezsosa.com\" target=\"_blank\" rel=\"noopener\">www.lopezsosa.com<\/a><\/em><br \/>\n<em><a href=\"mailto:joseantonio@lopezsosa.com\" target=\"_blank\" rel=\"noopener\">joseantonio@lopezsosa.com<\/a><\/em><br \/>\n<em><a href=\"http:\/\/twitter.com\/joseantonio1977\" target=\"_blank\" rel=\"noopener\">@joseantonio197<\/a><\/em><\/p>\n","protected":false},"excerpt":{"rendered":"<p><span style=\"color: #005497;\"><strong>Jos\u00e9 Antonio L\u00f3pez Sosa<\/strong><\/span><\/p>\n","protected":false},"author":3,"featured_media":0,"comment_status":"open","ping_status":"open","sticky":false,"template":"","format":"standard","meta":{"_monsterinsights_skip_tracking":false,"_monsterinsights_sitenote_active":false,"_monsterinsights_sitenote_note":"","_monsterinsights_sitenote_category":0,"footnotes":""},"categories":[637],"tags":[638,43690,43674],"class_list":["post-513976","post","type-post","status-publish","format-standard","hentry","category-jose-antonio-lopez-sosa","tag-detras-del-poder","tag-jose-antonio-lopez-sosa","tag-opinion"],"_links":{"self":[{"href":"https:\/\/www.diarioimagen.net\/index.php?rest_route=\/wp\/v2\/posts\/513976","targetHints":{"allow":["GET"]}}],"collection":[{"href":"https:\/\/www.diarioimagen.net\/index.php?rest_route=\/wp\/v2\/posts"}],"about":[{"href":"https:\/\/www.diarioimagen.net\/index.php?rest_route=\/wp\/v2\/types\/post"}],"author":[{"embeddable":true,"href":"https:\/\/www.diarioimagen.net\/index.php?rest_route=\/wp\/v2\/users\/3"}],"replies":[{"embeddable":true,"href":"https:\/\/www.diarioimagen.net\/index.php?rest_route=%2Fwp%2Fv2%2Fcomments&post=513976"}],"version-history":[{"count":0,"href":"https:\/\/www.diarioimagen.net\/index.php?rest_route=\/wp\/v2\/posts\/513976\/revisions"}],"wp:attachment":[{"href":"https:\/\/www.diarioimagen.net\/index.php?rest_route=%2Fwp%2Fv2%2Fmedia&parent=513976"}],"wp:term":[{"taxonomy":"category","embeddable":true,"href":"https:\/\/www.diarioimagen.net\/index.php?rest_route=%2Fwp%2Fv2%2Fcategories&post=513976"},{"taxonomy":"post_tag","embeddable":true,"href":"https:\/\/www.diarioimagen.net\/index.php?rest_route=%2Fwp%2Fv2%2Ftags&post=513976"}],"curies":[{"name":"wp","href":"https:\/\/api.w.org\/{rel}","templated":true}]}}