{"id":513984,"date":"2021-07-15T00:12:26","date_gmt":"2021-07-15T05:12:26","guid":{"rendered":"https:\/\/www.diarioimagen.net\/?p=513984"},"modified":"2021-07-15T04:54:22","modified_gmt":"2021-07-15T09:54:22","slug":"me-he-preparado-tengo-la-experiencia-y-los-meritos-participare-a-su-tiempo-monreal","status":"publish","type":"post","link":"https:\/\/www.diarioimagen.net\/?p=513984","title":{"rendered":"\u201cMe he preparado, tengo la experiencia y los m\u00e9ritos\u201d.\u00a1Participar\u00e9! a su tiempo: Monreal\u00a0"},"content":{"rendered":"<h2>Tras la puerta del poder<\/h2>\n<h5>Roberto Vizca\u00edno<\/h5>\n<p>&nbsp;<\/p>\n<p>Inmerso en la din\u00e1mica de una sucesi\u00f3n presidencial por dem\u00e1s adelantada -faltan casi 3 a\u00f1os-, <strong>Ricardo Monreal<\/strong> ni siquiera intenta eludir las preguntas y, reacio a responder algo que lo comprometa de m\u00e1s, termina por responder:<\/p>\n<p>\u201c&#8230; una aspiraci\u00f3n leg\u00edtima para participar <em>en lo que yo considero el proceso m\u00e1s importante de mi vida<\/em>, que <em>me he preparado<\/em>, que <em>estoy con plena lucidez<\/em>, me encuentro <em>en plena integraci\u00f3n de mi vida<\/em> en materia de salud, me siento muy bien <em>y la acumulaci\u00f3n de experiencia tambi\u00e9n son cartas de presentaci\u00f3n<\/em>&#8230; pero en todo caso la decisi\u00f3n popular es muy importante; en efecto, el pueblo decidir\u00e1\u201d, dice sin mayor alarde.<\/p>\n<p>Y agrega:<\/p>\n<p>\u201cTengo la experiencia acumulada de 45 a\u00f1os de actividad p\u00fablica. He visto muchas sucesiones y he visto tambi\u00e9n rupturas y divisiones. No voy a contribuir a ninguna y voy a actuar con mucha prudencia.<\/p>\n<p>\u201cFui regidor de mi pueblo, con mucho orgullo, de Fresnillo, Zacatecas. Luego fui Secretario de Gobierno municipal. Luego fui tres veces diputado federal, tres veces senador con \u00e9sta; gobernador de mi estado y alcalde de esta alcald\u00eda de la Ciudad de M\u00e9xico, el centro del coraz\u00f3n de M\u00e9xico.<\/p>\n<p>\u201cYo nunca he visto a un Presidente actuar con tanta honestidad como <strong>L\u00f3pez Obrador<\/strong>&#8230; con tanto desprendimiento de la parafernalia del poder&#8230; a un Presidente que viaje en aviones de l\u00ednea&#8230; que viva en un departamento modesto en su lugar de trabajo, donde atiende, donde vive y donde le resulta m\u00e1s econ\u00f3mico que los dispendios y el lujo con el que viv\u00edan los expresidentes de la Rep\u00fablica.<\/p>\n<p>\u201cPero tampoco no hab\u00eda visto a un Presidente tan heterodoxo. Es impensable que en el pasado r\u00e9gimen hubiese un Presidente que soltara o que promoviera o que declarara abierta la sucesi\u00f3n, como lo ha hecho el presidente <strong>L\u00f3pez Obrador<\/strong>.<\/p>\n<p>\u201cSiempre los Presidentes anteriores dec\u00edan que les restaba fuerza y autoridad o gobernabilidad y por eso todos esperaban que se cumpliera el quinto a\u00f1o del gobierno, con el Quinto Informe de Gobierno y entonces era como el banderazo de salida de los sucesores.<\/p>\n<p>\u201cSi hab\u00eda alg\u00fan candidato que osara en el tercero o cuarto a\u00f1o moverse, promoverse o hacer una reuni\u00f3n, aunque fuera en un departamento clandestino o alejado de la ciudad, el poder lo destru\u00eda y lo exclu\u00eda.<\/p>\n<p>\u201cAhora no, al contrario, quien se mueve lo promueve o se promueve.<\/p>\n<p>\u201cYo creo que el Presidente ha actuado en raz\u00f3n de sus principios y, como \u00e9l dijo, <strong><em>ha declarado extinto el tapadismo<\/em><\/strong>. \u00c9l ha prendido las velas de la exequia de este muerto llamado \u201ctapado\u201d.<\/p>\n<p>\u201cNo s\u00e9 si \u00e9se sea el camino; no lo s\u00e9, pero \u00e9l piensa que s\u00ed y yo no tengo por qu\u00e9 dudarlo.<\/p>\n<p>\u201cYo no voy a precipitarme, ser\u00eda una falta de respeto para los senadores porque es una C\u00e1mara plural, en donde convivimos todos los partidos pol\u00edticos, aunque en su momento lo he dicho, <strong>voy a participar<\/strong>.<\/p>\n<p>\u201cLo he afirmado y ahora lo reitero: Llegado el momento <strong>me voy a inscribir y voy a luchar por ser el sucesor,<\/strong> para continuar la transici\u00f3n pol\u00edtica que se inici\u00f3 en el 2018\u201d.<\/p>\n<p>Al igual que <strong>Ebrard,<\/strong> acept\u00f3 haberse reunido hace como un mes con sus colaboradores m\u00e1s cercanos a quienes dijo que s\u00ed ir\u00e1 por la Presidencia en 2024 y a quienes pidi\u00f3 no distraerse, no acelerarse y no hacer nada que los comprometa en este proceso de sucesi\u00f3n, por dem\u00e1s, adelantado.<\/p>\n<p>Mientras llega el tiempo, dice, su raz\u00f3n es avanzar con la agenda legislativa en el Senado. No otra que lo distraiga.<\/p>\n<p>Ni hay, pues, \u201ctapados\u201d en la 4T.<\/p>\n<p><em><a href=\"mailto:rvizcainoa@gmail.com\" target=\"_blank\" rel=\"noopener noreferrer\">rvizcainoa@gmail.com<\/a><br \/>\n<u><a href=\"http:\/\/endirecto.mx\" target=\"_blank\" rel=\"noopener noreferrer\">www.endirecto.mx<\/a><br \/>\n<a href=\"https:\/\/twitter.com\/_rvizcaino\" target=\"_blank\" rel=\"noopener noreferrer\">@_RVizcaino<\/a><br \/>\n<a href=\"https:\/\/www.facebook.com\/rvizcainoa\" target=\"_blank\" rel=\"noopener noreferrer\">facebook.com\/rvizcainoa<\/a><\/u><\/em><\/p>\n","protected":false},"excerpt":{"rendered":"<p><span style=\"color: #005497;\"><strong>Roberto Vizca\u00edno<\/strong><\/span><br \/>\n<br \/>\nInmerso en la din\u00e1mica de una sucesi\u00f3n presidencial por dem\u00e1s adelantada -faltan casi 3 a\u00f1os-, <strong>Ricardo Monreal<\/strong> ni siquiera intenta eludir las preguntas y, reacio a responder algo que lo comprometa de m\u00e1s, termina por responder:<\/p>\n","protected":false},"author":3,"featured_media":0,"comment_status":"open","ping_status":"open","sticky":false,"template":"","format":"standard","meta":{"_monsterinsights_skip_tracking":false,"_monsterinsights_sitenote_active":false,"_monsterinsights_sitenote_note":"","_monsterinsights_sitenote_category":0,"footnotes":""},"categories":[136],"tags":[43674,93,94],"class_list":["post-513984","post","type-post","status-publish","format-standard","hentry","category-roberto-vizcaino-opinion","tag-opinion","tag-roberto-vizcaino","tag-tras-la-puerta-del-poder"],"_links":{"self":[{"href":"https:\/\/www.diarioimagen.net\/index.php?rest_route=\/wp\/v2\/posts\/513984","targetHints":{"allow":["GET"]}}],"collection":[{"href":"https:\/\/www.diarioimagen.net\/index.php?rest_route=\/wp\/v2\/posts"}],"about":[{"href":"https:\/\/www.diarioimagen.net\/index.php?rest_route=\/wp\/v2\/types\/post"}],"author":[{"embeddable":true,"href":"https:\/\/www.diarioimagen.net\/index.php?rest_route=\/wp\/v2\/users\/3"}],"replies":[{"embeddable":true,"href":"https:\/\/www.diarioimagen.net\/index.php?rest_route=%2Fwp%2Fv2%2Fcomments&post=513984"}],"version-history":[{"count":0,"href":"https:\/\/www.diarioimagen.net\/index.php?rest_route=\/wp\/v2\/posts\/513984\/revisions"}],"wp:attachment":[{"href":"https:\/\/www.diarioimagen.net\/index.php?rest_route=%2Fwp%2Fv2%2Fmedia&parent=513984"}],"wp:term":[{"taxonomy":"category","embeddable":true,"href":"https:\/\/www.diarioimagen.net\/index.php?rest_route=%2Fwp%2Fv2%2Fcategories&post=513984"},{"taxonomy":"post_tag","embeddable":true,"href":"https:\/\/www.diarioimagen.net\/index.php?rest_route=%2Fwp%2Fv2%2Ftags&post=513984"}],"curies":[{"name":"wp","href":"https:\/\/api.w.org\/{rel}","templated":true}]}}