{"id":514091,"date":"2021-07-16T00:03:29","date_gmt":"2021-07-16T05:03:29","guid":{"rendered":"https:\/\/www.diarioimagen.net\/?p=514091"},"modified":"2021-07-16T10:15:49","modified_gmt":"2021-07-16T15:15:49","slug":"tultitlan-realiza-la-platica-una-responsabilidad-compartida","status":"publish","type":"post","link":"https:\/\/www.diarioimagen.net\/?p=514091","title":{"rendered":"Tultitl\u00e1n realiza la pl\u00e1tica \u201cUna responsabilidad compartida\u201d"},"content":{"rendered":"<p>&nbsp;<\/p>\n<p><a href=\"https:\/\/www.diarioimagen.net\/?attachment_id=514211\" rel=\"attachment wp-att-514211\"><img loading=\"lazy\" decoding=\"async\" class=\"aligncenter size-full wp-image-514211\" src=\"https:\/\/www.diarioimagen.net\/wp-content\/uploads\/2021\/07\/tultitlan-2.jpg\" alt=\"\" width=\"460\" height=\"270\" \/><\/a><\/p>\n<p>&nbsp;<\/p>\n<p><strong>Tultitl\u00e1n, Estado de M\u00e9xico<\/strong><strong>.- <\/strong>Con el objetivo de orientar a las mujeres en su periodo de lactancia, el Gobierno del Bienestar, a trav\u00e9s del Instituto Municipal de la Mujer de Tultitl\u00e1n, realiz\u00f3 la pl\u00e1tica \u201cUna responsabilidad compartida\u201d contribuyendo una vez m\u00e1s a la maternidad de las tultitlenses.<\/p>\n","protected":false},"excerpt":{"rendered":"<p>Con el objetivo de orientar a las mujeres en su periodo de lactancia, el Gobierno del Bienestar, a trav\u00e9s del Instituto Municipal de la Mujer de Tultitl\u00e1n, realiz\u00f3 la pl\u00e1tica \u201cUna responsabilidad compartida\u201d contribuyendo una vez m\u00e1s a la maternidad de las tultitlenses.<\/p>\n","protected":false},"author":3,"featured_media":514211,"comment_status":"open","ping_status":"open","sticky":false,"template":"","format":"standard","meta":{"_monsterinsights_skip_tracking":false,"_monsterinsights_sitenote_active":false,"_monsterinsights_sitenote_note":"","_monsterinsights_sitenote_category":0,"footnotes":""},"categories":[5],"tags":[43675,93351,578],"class_list":["post-514091","post","type-post","status-publish","format-standard","has-post-thumbnail","hentry","category-estado-de-mexico","tag-estado-de-mexico","tag-gobierno-del-bienestar","tag-tultitlan"],"_links":{"self":[{"href":"https:\/\/www.diarioimagen.net\/index.php?rest_route=\/wp\/v2\/posts\/514091","targetHints":{"allow":["GET"]}}],"collection":[{"href":"https:\/\/www.diarioimagen.net\/index.php?rest_route=\/wp\/v2\/posts"}],"about":[{"href":"https:\/\/www.diarioimagen.net\/index.php?rest_route=\/wp\/v2\/types\/post"}],"author":[{"embeddable":true,"href":"https:\/\/www.diarioimagen.net\/index.php?rest_route=\/wp\/v2\/users\/3"}],"replies":[{"embeddable":true,"href":"https:\/\/www.diarioimagen.net\/index.php?rest_route=%2Fwp%2Fv2%2Fcomments&post=514091"}],"version-history":[{"count":0,"href":"https:\/\/www.diarioimagen.net\/index.php?rest_route=\/wp\/v2\/posts\/514091\/revisions"}],"wp:featuredmedia":[{"embeddable":true,"href":"https:\/\/www.diarioimagen.net\/index.php?rest_route=\/wp\/v2\/media\/514211"}],"wp:attachment":[{"href":"https:\/\/www.diarioimagen.net\/index.php?rest_route=%2Fwp%2Fv2%2Fmedia&parent=514091"}],"wp:term":[{"taxonomy":"category","embeddable":true,"href":"https:\/\/www.diarioimagen.net\/index.php?rest_route=%2Fwp%2Fv2%2Fcategories&post=514091"},{"taxonomy":"post_tag","embeddable":true,"href":"https:\/\/www.diarioimagen.net\/index.php?rest_route=%2Fwp%2Fv2%2Ftags&post=514091"}],"curies":[{"name":"wp","href":"https:\/\/api.w.org\/{rel}","templated":true}]}}