{"id":514092,"date":"2021-07-16T00:02:44","date_gmt":"2021-07-16T05:02:44","guid":{"rendered":"https:\/\/www.diarioimagen.net\/?p=514092"},"modified":"2021-07-16T10:18:26","modified_gmt":"2021-07-16T15:18:26","slug":"equipamiento-de-carcamo-y-construccion-de-drenaje-sanitario-en-pueblos-de-c-izcalli","status":"publish","type":"post","link":"https:\/\/www.diarioimagen.net\/?p=514092","title":{"rendered":"Equipamiento de c\u00e1rcamo y construcci\u00f3n de drenaje sanitario en pueblos de C. Izcalli"},"content":{"rendered":"<p>&nbsp;<\/p>\n<ul>\n<li><strong><em>Avanza el Programa de Obra Anual 2021<\/em><\/strong><\/li>\n<\/ul>\n<p>&nbsp;<\/p>\n<div id=\"attachment_514216\" style=\"width: 470px\" class=\"wp-caption aligncenter\"><a href=\"https:\/\/www.diarioimagen.net\/?attachment_id=514216\" rel=\"attachment wp-att-514216\"><img loading=\"lazy\" decoding=\"async\" aria-describedby=\"caption-attachment-514216\" class=\"size-full wp-image-514216\" src=\"https:\/\/www.diarioimagen.net\/wp-content\/uploads\/2021\/07\/izcalli.jpg\" alt=\"\" width=\"460\" height=\"270\" \/><\/a><p id=\"caption-attachment-514216\" class=\"wp-caption-text\">El alcalde Ricardo N\u00fa\u00f1ez dio el banderazo de inicio oficial a la obra de \u201cEquipamiento de c\u00e1rcamo y la construcci\u00f3n de drenaje sanitario\u201d en San Mateo Ixtacalco y Santa B\u00e1rbara.<\/p><\/div>\n<p>&nbsp;<\/p>\n<p>&nbsp;<\/p>\n<p><strong>Cuautitl\u00e1n Izcalli, Estado de M\u00e9xico<\/strong>.- El presidente Municipal de Cuautitl\u00e1n Izcalli, Ricardo N\u00fa\u00f1ez Ayala, continu\u00f3 con el recorrido por los diferentes trabajos que conforman el Programa de Obra Anual (POA) 2021, acudi\u00f3 acompa\u00f1ado de autoridades Municipales y auxiliares de los pueblos de San Mateo Ixtacalco y Santa B\u00e1rbara para dar el banderazo de inicio oficial a la obra de \u201cEquipamiento de c\u00e1rcamo (primera etapa) y la construcci\u00f3n de drenaje sanitario\u201d.<\/p>\n<p>Dicha obra se realiza con Recursos Propios del municipio, lo que representa una inversi\u00f3n de 23 millones 998 mil 310 pesos, beneficiando a m\u00e1s de tres mil izcallenses.En el mismo sentido, pero con recursos del Fondo de Aportaciones para la Infraestructura Social Municipal y de las Demarcaciones Territoriales del Distrito Federal (FISMDF 2021), con un importe de cinco millones 686 mil 241 pesos, acudieron a los inicios de los trabajos para la \u201cConstrucci\u00f3n de pavimentaci\u00f3n con concreto hidr\u00e1ulico en la calle Dr. Atl\u201d, en el pueblo de Axotl\u00e1n, beneficiando aproximadamente a cuatro mil 250 habitantes.<\/p>\n<p>Por \u00faltimo, visitaron el pueblo de San Juan Atlamica para dar el banderazo de arranque oficial de la \u201cConstrucci\u00f3n y equipamiento de pozo profundo de agua potable\u201d, obra que beneficiar\u00e1 a m\u00e1s de cinco mil 600 vecinos izcallenses y que ser\u00e1 ejecutada con Recursos Propios, por un monto de nueve millones 497 mil 270 pesos.<\/p>\n<p>Cabe destacar que el alcalde reiter\u00f3 su compromiso de trabajar hasta el \u00faltimo d\u00eda de su Administraci\u00f3n de la mano de todas y todos los izcallenses, para garantizar una mejor infraestructura y mejor calidad de vida.<\/p>\n","protected":false},"excerpt":{"rendered":"<p>El presidente Municipal de Cuautitl\u00e1n Izcalli, Ricardo N\u00fa\u00f1ez Ayala, continu\u00f3 con el recorrido por los diferentes trabajos que conforman el Programa de Obra Anual (POA) 2021, acudi\u00f3 acompa\u00f1ado de autoridades Municipales y auxiliares de los pueblos de San Mateo Ixtacalco y Santa B\u00e1rbara para dar el banderazo de inicio oficial a la obra de \u201cEquipamiento de c\u00e1rcamo (primera etapa) y la construcci\u00f3n de drenaje sanitario\u201d.<\/p>\n","protected":false},"author":3,"featured_media":514216,"comment_status":"open","ping_status":"open","sticky":false,"template":"","format":"standard","meta":{"_monsterinsights_skip_tracking":false,"_monsterinsights_sitenote_active":false,"_monsterinsights_sitenote_note":"","_monsterinsights_sitenote_category":0,"footnotes":""},"categories":[5],"tags":[64914,971,43675],"class_list":["post-514092","post","type-post","status-publish","format-standard","has-post-thumbnail","hentry","category-estado-de-mexico","tag-carcamo","tag-cuautitlan-izcalli","tag-estado-de-mexico"],"_links":{"self":[{"href":"https:\/\/www.diarioimagen.net\/index.php?rest_route=\/wp\/v2\/posts\/514092","targetHints":{"allow":["GET"]}}],"collection":[{"href":"https:\/\/www.diarioimagen.net\/index.php?rest_route=\/wp\/v2\/posts"}],"about":[{"href":"https:\/\/www.diarioimagen.net\/index.php?rest_route=\/wp\/v2\/types\/post"}],"author":[{"embeddable":true,"href":"https:\/\/www.diarioimagen.net\/index.php?rest_route=\/wp\/v2\/users\/3"}],"replies":[{"embeddable":true,"href":"https:\/\/www.diarioimagen.net\/index.php?rest_route=%2Fwp%2Fv2%2Fcomments&post=514092"}],"version-history":[{"count":0,"href":"https:\/\/www.diarioimagen.net\/index.php?rest_route=\/wp\/v2\/posts\/514092\/revisions"}],"wp:featuredmedia":[{"embeddable":true,"href":"https:\/\/www.diarioimagen.net\/index.php?rest_route=\/wp\/v2\/media\/514216"}],"wp:attachment":[{"href":"https:\/\/www.diarioimagen.net\/index.php?rest_route=%2Fwp%2Fv2%2Fmedia&parent=514092"}],"wp:term":[{"taxonomy":"category","embeddable":true,"href":"https:\/\/www.diarioimagen.net\/index.php?rest_route=%2Fwp%2Fv2%2Fcategories&post=514092"},{"taxonomy":"post_tag","embeddable":true,"href":"https:\/\/www.diarioimagen.net\/index.php?rest_route=%2Fwp%2Fv2%2Ftags&post=514092"}],"curies":[{"name":"wp","href":"https:\/\/api.w.org\/{rel}","templated":true}]}}