{"id":514095,"date":"2021-07-16T00:01:02","date_gmt":"2021-07-16T05:01:02","guid":{"rendered":"https:\/\/www.diarioimagen.net\/?p=514095"},"modified":"2021-07-16T10:18:54","modified_gmt":"2021-07-16T15:18:54","slug":"inicia-curso-de-computacion-en-linea-para-ninos-y-adultos-en-cuautitlan","status":"publish","type":"post","link":"https:\/\/www.diarioimagen.net\/?p=514095","title":{"rendered":"Inicia curso de computaci\u00f3n en l\u00ednea para ni\u00f1os\u00a0 y adultos en Cuautitl\u00e1n"},"content":{"rendered":"<p>&nbsp;<\/p>\n<p><a href=\"https:\/\/www.diarioimagen.net\/?attachment_id=514215\" rel=\"attachment wp-att-514215\"><img loading=\"lazy\" decoding=\"async\" class=\"aligncenter size-full wp-image-514215\" src=\"https:\/\/www.diarioimagen.net\/wp-content\/uploads\/2021\/07\/cuautitlan-5.jpg\" alt=\"\" width=\"460\" height=\"460\" \/><\/a><\/p>\n<p>&nbsp;<\/p>\n<p><strong>Cuautitl\u00e1n, Estado de M\u00e9xico<\/strong><strong>.- <\/strong>Desarrollar una mejor pr\u00e1ctica diaria en el manejo de las nuevas tecnolog\u00edas es fundamental hoy en d\u00eda, as\u00ed lo dio a conocer la Coordinaci\u00f3n de Atenci\u00f3n a Centros Educativos de Cuautitl\u00e1n, al informar sobre la apertura de inscripciones del curso de computaci\u00f3n para ni\u00f1os y adultos de forma gratuita.<\/p>\n<p>Este Curso de Computaci\u00f3n de Verano con duraci\u00f3n de un mes, est\u00e1 dirigido a ni\u00f1os y adultos y forma parte de las actividades programadas por la dependencia municipal, destac\u00f3 la coordinaci\u00f3n.<\/p>\n","protected":false},"excerpt":{"rendered":"<p>Desarrollar una mejor pr\u00e1ctica diaria en el manejo de las nuevas tecnolog\u00edas es fundamental hoy en d\u00eda, as\u00ed lo dio a conocer la Coordinaci\u00f3n de Atenci\u00f3n a Centros Educativos de Cuautitl\u00e1n, al informar sobre la apertura de inscripciones del curso de computaci\u00f3n para ni\u00f1os y adultos de forma gratuita.<\/p>\n","protected":false},"author":3,"featured_media":514215,"comment_status":"open","ping_status":"open","sticky":false,"template":"","format":"standard","meta":{"_monsterinsights_skip_tracking":false,"_monsterinsights_sitenote_active":false,"_monsterinsights_sitenote_note":"","_monsterinsights_sitenote_category":0,"footnotes":""},"categories":[5],"tags":[93352,681,43390,43675],"class_list":["post-514095","post","type-post","status-publish","format-standard","has-post-thumbnail","hentry","category-estado-de-mexico","tag-computacion","tag-cuautitlan","tag-curso","tag-estado-de-mexico"],"_links":{"self":[{"href":"https:\/\/www.diarioimagen.net\/index.php?rest_route=\/wp\/v2\/posts\/514095","targetHints":{"allow":["GET"]}}],"collection":[{"href":"https:\/\/www.diarioimagen.net\/index.php?rest_route=\/wp\/v2\/posts"}],"about":[{"href":"https:\/\/www.diarioimagen.net\/index.php?rest_route=\/wp\/v2\/types\/post"}],"author":[{"embeddable":true,"href":"https:\/\/www.diarioimagen.net\/index.php?rest_route=\/wp\/v2\/users\/3"}],"replies":[{"embeddable":true,"href":"https:\/\/www.diarioimagen.net\/index.php?rest_route=%2Fwp%2Fv2%2Fcomments&post=514095"}],"version-history":[{"count":0,"href":"https:\/\/www.diarioimagen.net\/index.php?rest_route=\/wp\/v2\/posts\/514095\/revisions"}],"wp:featuredmedia":[{"embeddable":true,"href":"https:\/\/www.diarioimagen.net\/index.php?rest_route=\/wp\/v2\/media\/514215"}],"wp:attachment":[{"href":"https:\/\/www.diarioimagen.net\/index.php?rest_route=%2Fwp%2Fv2%2Fmedia&parent=514095"}],"wp:term":[{"taxonomy":"category","embeddable":true,"href":"https:\/\/www.diarioimagen.net\/index.php?rest_route=%2Fwp%2Fv2%2Fcategories&post=514095"},{"taxonomy":"post_tag","embeddable":true,"href":"https:\/\/www.diarioimagen.net\/index.php?rest_route=%2Fwp%2Fv2%2Ftags&post=514095"}],"curies":[{"name":"wp","href":"https:\/\/api.w.org\/{rel}","templated":true}]}}