{"id":514112,"date":"2021-07-16T00:15:19","date_gmt":"2021-07-16T05:15:19","guid":{"rendered":"https:\/\/www.diarioimagen.net\/?p=514112"},"modified":"2021-07-19T01:28:17","modified_gmt":"2021-07-19T06:28:17","slug":"open-season-adelantada","status":"publish","type":"post","link":"https:\/\/www.diarioimagen.net\/?p=514112","title":{"rendered":"<em>Open Season<\/em> adelantada"},"content":{"rendered":"<h2>Por la Derecha..!<\/h2>\n<h5>Luis \u00c1ngel Garc\u00eda<\/h5>\n<p>&nbsp;<\/p>\n<p>Se adelant\u00f3 la <em>open season<\/em> \u2014apertura de la temporada de caza\u2014, para 2024. La determin\u00f3 el propio Presidente, no con el \u201cdestape\u201d de sus seis \u201ccorcholatas\u201d, sino con el encubrimiento de sus dos alfiles luego del tr\u00e1gico accidente en la L\u00ednea 12 del Metro, diluyendo toda responsabilidad legal y pol\u00edtica de los funcionarios m\u00e1s culpables \u2014al menos para la opini\u00f3n p\u00fablica\u2014, por la muerte de 26 ciudadanos inocentes. La derrota de Morena en la CDMX durante las pasadas elecciones desdibuj\u00f3 a su puntera, pero no la elimin\u00f3.<\/p>\n<p>Dicen los de la 4T que no son como los de antes, claro que s\u00ed y en algunos casos hasta peores. En el tema sucesorio se mantiene el fen\u00f3meno del \u201ctapado\u201d, como en los buenos tiempos del priato. El Presidente no es tan obvio y sabe, por su cultura pol\u00edtica tricolor, que debe guardar su verdadera ficha hasta el final si no quiere perder el control o manejo del pa\u00eds. Sabe que, conocido o \u201cdestapado\u201d el nombre del ungido, autom\u00e1ticamente empieza a perder el poder. Nada m\u00e1s ajeno a su megaloman\u00eda.<\/p>\n<p>Cierto, una carta fuerte -ya no tanto despu\u00e9s del \u201cmetrazo\u201d y la debacle electoral-, es la Jefa de Gobierno, pero el dedazo no puede ser tan evidente. Adelantar la <em>open season<\/em> sucesoria s\u00f3lo es un distractor m\u00e1s para evadir los grandes problemas nacionales, es la argucia para no dar explicaciones, no enfrentar a los gobernados. Mientras tanto, los opinadores se engolosinan con el chisme pol\u00edtico, que, si la suspirante ya fue desbancada por el canciller, si aparecieron como relleno cuatro personajes m\u00e1s, como en los tiempos de Miguel de la Madrid, quien \u201cplace\u00f3\u201d a seis precandidatos y hasta pasarela les organizaron.<\/p>\n<p>El Presidente sab\u00eda desde el principio que el bueno era Salinas de Gortari, pero hab\u00eda que cuidarlo, hab\u00eda que \u201ctaparlo\u201d. Aqu\u00ed sucede lo mismo, el inquilino de Palacio Nacional sabe -si no le gana la tentaci\u00f3n reeleccionista-, qui\u00e9n ser\u00e1 el sucesor. Al que debe cuidar. Eventos coyunturales lo obligan a salir en defensa de los suyos, no se puede dar el lujo de reconocer qu\u00a0 sus muchachos han fallado, han fracasado , que son malos administradores y para gobernar a un pa\u00eds se requiere m\u00e1s que lealtad.<\/p>\n<p>La terca realidad forz\u00f3 al Presidente a adelantar este distractor para que la opini\u00f3n p\u00fablica se fuera con otros reflectores, entretenerlos con juegos pirot\u00e9cnicos. Hab\u00eda que reforzar a la jefa de Gobierno, no con la intenci\u00f3n de allanarle el camino hacia el despacho presidencial, sino evitar una cat\u00e1strofe mayor en la CDMX, donde el gobierno de la 4T tendr\u00e1 que aprender a cohabitar con nueve alcaldes opositores, los cuales establecer\u00e1n nuevas estrategias para atender los problemas de sus gobernados con pol\u00edticas p\u00fablicas contrarias\u00a0 al uso clientelar\u00a0 de los programas sociales..<\/p>\n<p>Por eso mandaron a Mart\u00ed Batres al Palacio del Ayuntamiento, va a gobernar, su misi\u00f3n ser\u00e1 rescatar lo perdido; arriba el ala dura del morenismo, entronizaron a un porro de la pol\u00edtica para frenar el avance de la nueva alianza. La jefa de Gobierno pasar\u00e1 a ser un florero m\u00e1s en la 4T.<\/p>\n<p>Faltan tres a\u00f1os para el cambio de gobierno, por lo que la pr\u00e1ctica del \u201ctapado\u201d est\u00e1 m\u00e1s vigente que nunca.<\/p>\n","protected":false},"excerpt":{"rendered":"<p><span style=\"color: #005497;\"><strong>Luis \u00c1ngel Garc\u00eda<\/strong><\/span><br \/>\n<br \/>\nSe adelant\u00f3 la <em>open season<\/em> \u2014apertura de la temporada de caza\u2014, para 2024. La determin\u00f3 el propio Presidente, no con el \u201cdestape\u201d de sus seis \u201ccorcholatas\u201d, sino con el encubrimiento de sus dos alfiles luego del tr\u00e1gico accidente en la L\u00ednea 12 del Metro, diluyendo toda responsabilidad legal y pol\u00edtica de los funcionarios m\u00e1s culpables \u2014al menos para la opini\u00f3n p\u00fablica\u2014, por la muerte de 26 ciudadanos inocentes. La derrota de Morena en la CDMX durante las pasadas elecciones desdibuj\u00f3 a su puntera, pero no la elimin\u00f3.<\/p>\n","protected":false},"author":3,"featured_media":0,"comment_status":"open","ping_status":"open","sticky":false,"template":"","format":"standard","meta":{"_monsterinsights_skip_tracking":false,"_monsterinsights_sitenote_active":false,"_monsterinsights_sitenote_note":"","_monsterinsights_sitenote_category":0,"footnotes":""},"categories":[92115],"tags":[92117,43674,92116],"class_list":["post-514112","post","type-post","status-publish","format-standard","hentry","category-luis-angel-garcia","tag-luis-angel-garcia","tag-opinion","tag-por-la-derecha"],"_links":{"self":[{"href":"https:\/\/www.diarioimagen.net\/index.php?rest_route=\/wp\/v2\/posts\/514112","targetHints":{"allow":["GET"]}}],"collection":[{"href":"https:\/\/www.diarioimagen.net\/index.php?rest_route=\/wp\/v2\/posts"}],"about":[{"href":"https:\/\/www.diarioimagen.net\/index.php?rest_route=\/wp\/v2\/types\/post"}],"author":[{"embeddable":true,"href":"https:\/\/www.diarioimagen.net\/index.php?rest_route=\/wp\/v2\/users\/3"}],"replies":[{"embeddable":true,"href":"https:\/\/www.diarioimagen.net\/index.php?rest_route=%2Fwp%2Fv2%2Fcomments&post=514112"}],"version-history":[{"count":0,"href":"https:\/\/www.diarioimagen.net\/index.php?rest_route=\/wp\/v2\/posts\/514112\/revisions"}],"wp:attachment":[{"href":"https:\/\/www.diarioimagen.net\/index.php?rest_route=%2Fwp%2Fv2%2Fmedia&parent=514112"}],"wp:term":[{"taxonomy":"category","embeddable":true,"href":"https:\/\/www.diarioimagen.net\/index.php?rest_route=%2Fwp%2Fv2%2Fcategories&post=514112"},{"taxonomy":"post_tag","embeddable":true,"href":"https:\/\/www.diarioimagen.net\/index.php?rest_route=%2Fwp%2Fv2%2Ftags&post=514112"}],"curies":[{"name":"wp","href":"https:\/\/api.w.org\/{rel}","templated":true}]}}