{"id":514143,"date":"2021-07-16T00:12:15","date_gmt":"2021-07-16T05:12:15","guid":{"rendered":"https:\/\/www.diarioimagen.net\/?p=514143"},"modified":"2021-07-16T04:30:08","modified_gmt":"2021-07-16T09:30:08","slug":"monreal-en-2024-estare-en-la-boleta-espero-que-con-morena","status":"publish","type":"post","link":"https:\/\/www.diarioimagen.net\/?p=514143","title":{"rendered":"Monreal: \u201cen 2024 estar\u00e9 en la boleta&#8230; espero que con Morena\u201d\u00a0"},"content":{"rendered":"<h2>Tras la puerta del poder<\/h2>\n<h5>Roberto Vizca\u00edno<\/h5>\n<p>&nbsp;<\/p>\n<p>Los punteros de la lista inicial de<strong> Andr\u00e9s Manuel L\u00f3pez Obrador<\/strong> del lunes 5 de julio \u2014<strong>Claudia Sheinbaum<\/strong> y <strong>Marcelo Ebrard<\/strong>\u2014 se negaron a hablar del tema. El \u00fanico que no le sac\u00f3 la vuelta al tema y quien por ello acapar\u00f3 los espacios preferentes de los noticiarios de la radio y la TV ayer, fue el excluido de esa nominaci\u00f3n presidencial, el senador <strong>Ricardo Monreal<\/strong>.<\/p>\n<p>En este <em>roll-show<\/em> medi\u00e1tico el zacatecano revel\u00f3 que hace quiz\u00e1 7 meses, a fines de 2020 o inicios de este 2021, habl\u00f3 con el Presidente de sus aspiraciones de sucesi\u00f3n y el tabasque\u00f1o le dijo que Morena lanzar\u00eda al mejor posicionado.<\/p>\n<p>As\u00ed se cerr\u00f3 la segunda semana de una sucesi\u00f3n presidencial at\u00edpica, adelantada por el propio Presidente, quien en este juego ver\u00e1 disminuido su espacio de gobernabilidad y de manejo de crisis.<\/p>\n<p>Como sea, el juego est\u00e1 abierto y los principales involucrados ya comenzaron a jugarlo.<\/p>\n<p><strong>Ebrard<\/strong> pidi\u00f3 permiso a AMLO, y se fue a reunir al Estado de M\u00e9xico con sus colaboradores m\u00e1s cercanos y sus amigos pol\u00edticos. Fue un encuentro, dijeron las cr\u00f3nicas, de unos 150 ebrardistas. Ah\u00ed les confes\u00f3 que ir\u00e1 por la candidatura de Morena para ser el sucesor de L\u00f3pez Obrador.<\/p>\n<p>Claudia Sheinbaum, la preferida de AMLO -dicen-, fue \u201cdestapada\u201d con el grito masivo de \u201cpresidenta, presidenta, presidenta\u201d en el Auditorio Nacional durante un evento convocado para festejar el tercer a\u00f1o del triunfo electoral de L\u00f3pez Obrador.<\/p>\n<p>Excluido por AMLO de su lista de aspirantes, <strong>Monreal<\/strong> particip\u00f3 ayer en los principales espacios noticiosos de la radio y la TV y ah\u00ed dej\u00f3 en claro que:<\/p>\n<p>\u00ac En las elecciones presidenciales del 2024 estar\u00e1 en la boleta&#8230; \u201cespero que con Morena\u201d.<\/p>\n<p>\u00ac Que no cree que <strong>AMLO<\/strong> quiera o pueda imponer candidato, y menos heredero en la Presidencia, porque la sociedad mexicana y el pa\u00eds ya no lo permitir\u00edan.<\/p>\n<p>\u00ac Me he preparado para esto muchos a\u00f1os&#8230;<\/p>\n<p>\u00ac Admiti\u00f3 que en el proceso de selecci\u00f3n de 2018,\u00a0 en donde AMLO opt\u00f3 por Claudia Sheinbaum, \u201cfue una etapa en donde yo pude haberme ido de Morena, lo reconozco&#8230;\u201d<\/p>\n<p>\u00ac L\u00f3pez Obrador, concede, \u201cle tiene una deferencia especial a ella\u201d&#8230; pero eso no la hace candidata presidencial de facto&#8230;<\/p>\n<p>\u00ac Considera que adelantar la sucesi\u00f3n como se ha hecho, \u201cva generar una etapa muy complicada&#8230; yo no coincido; prefiero mantener las reglas cl\u00e1sicas, no del <em>tapadismo<\/em>, s\u00ed de la espera de tiempos, del reloj electoral para que no se generen confrontaciones, divisiones, rupturas al interior de Morena o al interior de los partidos, incluso entre los equipos de uno y otro aspirante. Lo m\u00e1s conveniente es observar las reglas, esperar las reglas y participar conforme a las reglas\u201d. no simpatizo con esta sucesi\u00f3n adelantada porque te genera un problema de desgaste, de confrontaci\u00f3n\u201d.<\/p>\n<p>\u00ac Dijo que no admitir\u00eda que el candidato presidencial surgiera de una encuesta, como lo ha adelantado Mario Delgado, porque ese m\u00e9todo est\u00e1 muy desgastado y cuestionado y sugiere que sea una consulta a los militantes.<\/p>\n<p>En fin, hasta ahora por ah\u00ed van las cosas. Por lo que se ve no habr\u00e1 sorpresas. <strong>Ricardo<\/strong> va con o sin Morena.<\/p>\n<p style=\"text-align: center;\"><strong>Mier repite en San L\u00e1zaro <\/strong><\/p>\n<p>El ex pri\u00edsta<strong> Ignacio Mier Velazco<\/strong> fue ratificado como coordinador de los diputados federales de Morena en San L\u00e1zaro para la siguiente Legislatura y <strong>Sergio Gutierrez Luna<\/strong> ser\u00e1 propuesto para presidir el primer a\u00f1o de la LXV Legislatura.<\/p>\n<p>Durante el encuentro encabezado por <strong>Mario Delgado<\/strong>, l\u00edder formal de Morena. No pint\u00f3 ni habl\u00f3, y menos sali\u00f3 en la foto,<strong>Yeidckol Polevnsky<\/strong> quien buscaba liderar a los morenistas.<\/p>\n<p>Ahora a ver si le toca presidir alguna comisi\u00f3n.<\/p>\n<p><em><a href=\"mailto:rvizcainoa@gmail.com\" target=\"_blank\" rel=\"noopener noreferrer\">rvizcainoa@gmail.com<\/a><br \/>\n<u><a href=\"http:\/\/endirecto.mx\" target=\"_blank\" rel=\"noopener noreferrer\">www.endirecto.mx<\/a><br \/>\n<a href=\"https:\/\/twitter.com\/_rvizcaino\" target=\"_blank\" rel=\"noopener noreferrer\">@_RVizcaino<\/a><br \/>\n<a href=\"https:\/\/www.facebook.com\/rvizcainoa\" target=\"_blank\" rel=\"noopener noreferrer\">facebook.com\/rvizcainoa<\/a><\/u><\/em><\/p>\n","protected":false},"excerpt":{"rendered":"<p><span style=\"color: #005497;\"><strong>Roberto Vizca\u00edno<\/strong><\/span><br \/>\n<br \/>\nLos punteros de la lista inicial de<strong> Andr\u00e9s Manuel L\u00f3pez Obrador<\/strong> del lunes 5 de julio \u2014<strong>Claudia Sheinbaum<\/strong> y <strong>Marcelo Ebrard<\/strong>\u2014 se negaron a hablar del tema. El \u00fanico que no le sac\u00f3 la vuelta al tema y quien por ello acapar\u00f3 los espacios preferentes de los noticiarios de la radio y la TV ayer, fue el excluido de esa nominaci\u00f3n presidencial, el senador <strong>Ricardo Monreal<\/strong>.<\/p>\n","protected":false},"author":3,"featured_media":0,"comment_status":"open","ping_status":"open","sticky":false,"template":"","format":"standard","meta":{"_monsterinsights_skip_tracking":false,"_monsterinsights_sitenote_active":false,"_monsterinsights_sitenote_note":"","_monsterinsights_sitenote_category":0,"footnotes":""},"categories":[136],"tags":[43674,93,94],"class_list":["post-514143","post","type-post","status-publish","format-standard","hentry","category-roberto-vizcaino-opinion","tag-opinion","tag-roberto-vizcaino","tag-tras-la-puerta-del-poder"],"_links":{"self":[{"href":"https:\/\/www.diarioimagen.net\/index.php?rest_route=\/wp\/v2\/posts\/514143","targetHints":{"allow":["GET"]}}],"collection":[{"href":"https:\/\/www.diarioimagen.net\/index.php?rest_route=\/wp\/v2\/posts"}],"about":[{"href":"https:\/\/www.diarioimagen.net\/index.php?rest_route=\/wp\/v2\/types\/post"}],"author":[{"embeddable":true,"href":"https:\/\/www.diarioimagen.net\/index.php?rest_route=\/wp\/v2\/users\/3"}],"replies":[{"embeddable":true,"href":"https:\/\/www.diarioimagen.net\/index.php?rest_route=%2Fwp%2Fv2%2Fcomments&post=514143"}],"version-history":[{"count":0,"href":"https:\/\/www.diarioimagen.net\/index.php?rest_route=\/wp\/v2\/posts\/514143\/revisions"}],"wp:attachment":[{"href":"https:\/\/www.diarioimagen.net\/index.php?rest_route=%2Fwp%2Fv2%2Fmedia&parent=514143"}],"wp:term":[{"taxonomy":"category","embeddable":true,"href":"https:\/\/www.diarioimagen.net\/index.php?rest_route=%2Fwp%2Fv2%2Fcategories&post=514143"},{"taxonomy":"post_tag","embeddable":true,"href":"https:\/\/www.diarioimagen.net\/index.php?rest_route=%2Fwp%2Fv2%2Ftags&post=514143"}],"curies":[{"name":"wp","href":"https:\/\/api.w.org\/{rel}","templated":true}]}}