{"id":514246,"date":"2021-07-19T00:04:46","date_gmt":"2021-07-19T05:04:46","guid":{"rendered":"https:\/\/www.diarioimagen.net\/?p=514246"},"modified":"2021-07-19T10:32:15","modified_gmt":"2021-07-19T15:32:15","slug":"hoy-arranca-en-atizapan-la-inmunizacion-contra-covid-a-personas-del-rango-30-39","status":"publish","type":"post","link":"https:\/\/www.diarioimagen.net\/?p=514246","title":{"rendered":"Hoy arranca en Atizap\u00e1n la inmunizaci\u00f3n contra Covid a personas del rango 30-39"},"content":{"rendered":"<p>&nbsp;<\/p>\n<ul>\n<li><strong><em>En los cuatro m\u00f3dulos instalados<\/em><\/strong><\/li>\n<\/ul>\n<p>&nbsp;<\/p>\n<div id=\"attachment_514356\" style=\"width: 470px\" class=\"wp-caption aligncenter\"><a href=\"https:\/\/www.diarioimagen.net\/?attachment_id=514356\" rel=\"attachment wp-att-514356\"><img loading=\"lazy\" decoding=\"async\" aria-describedby=\"caption-attachment-514356\" class=\"size-full wp-image-514356\" src=\"https:\/\/www.diarioimagen.net\/wp-content\/uploads\/2021\/07\/atizapan-1.jpg\" alt=\"\" width=\"460\" height=\"270\" \/><\/a><p id=\"caption-attachment-514356\" class=\"wp-caption-text\">Se les aplicar\u00e1 la primera dosis contra el SARS-CoV-2 a los habitantes de 30 a 39 a\u00f1os de edad de Atizap\u00e1n en las cuatro sedes instaladas en el municipio.<\/p><\/div>\n<p>&nbsp;<\/p>\n<p><strong>Atizap\u00e1n de Zaragoza, Estado de M\u00e9xico.-<\/strong> Desde este lunes 19 de julio al jueves 22 de julio, habitantes de 30 a 39 a\u00f1os de edad de Atizap\u00e1n de Zaragoza, podr\u00e1n aplicarse la primera dosis contra el SARS COV 2 en las cuatro sedes instaladas en el municipio.<\/p>\n<p>De acuerdo a los gobiernos federal y estatal, la jornada se realizar\u00e1 en la demarcaci\u00f3n durante cuatro d\u00edas y est\u00e1 programada de acuerdo a la letra inicial del apellido:\u00a0 A B C D E, para el 19 de julio; F G H I J K, para el d\u00eda 20; L M N \u00d1 O P Q, el 21; y R S T U V W X Y Z, el 22 de julio.<\/p>\n<p>La vacunaci\u00f3n se llevar\u00e1 a cabo de 9 a 17 horas en el Teatro Zaragoza, Centro Comercial Deportivo Ana Gabriela Guevara (Gimnasio Soraya M\u00e9ndez), DIF Central (Cancha Deportiva) y en Galer\u00edas Atizap\u00e1n (\u00fanico sitio para acceder en autom\u00f3vil). En estos centros tambi\u00e9n aplicar\u00e1n la vacuna a mujeres embarazadas mayores de edad con m\u00e1s de nueve semanas de gestaci\u00f3n.<\/p>\n<p>Los interesados deben asistir con una identificaci\u00f3n oficial, CURP, comprobante de domicilio original y el formato de registro de vacunaci\u00f3n que deber\u00e1n llenar e imprimir en el portal https:\/\/mivacuna.salud.gob.mx.<\/p>\n<p>Adem\u00e1s deben acudir desayunados y en caso de estar en tratamiento por alguna enfermedad, tomar debidamente sus medicamentos.<\/p>\n<p>No es necesario pernoctar en el lugar o llegar de madrugada a las sedes, y se exhorta a la poblaci\u00f3n a seguir con las medidas sanitarias preventivas, como mantener la sana distancia, lavado frecuente de manos y el uso de cubrebocas y gel desinfectante.<\/p>\n","protected":false},"excerpt":{"rendered":"<p>Desde este lunes 19 de julio al jueves 22 de julio, habitantes de 30 a 39 a\u00f1os de edad de Atizap\u00e1n de Zaragoza, podr\u00e1n aplicarse la primera dosis contra el SARS COV 2 en las cuatro sedes instaladas en el municipio.<\/p>\n","protected":false},"author":3,"featured_media":514356,"comment_status":"open","ping_status":"open","sticky":false,"template":"","format":"standard","meta":{"_monsterinsights_skip_tracking":false,"_monsterinsights_sitenote_active":false,"_monsterinsights_sitenote_note":"","_monsterinsights_sitenote_category":0,"footnotes":""},"categories":[5],"tags":[3561,90021,43675,92043],"class_list":["post-514246","post","type-post","status-publish","format-standard","has-post-thumbnail","hentry","category-estado-de-mexico","tag-atizapan-de-zaragoza","tag-covid-19","tag-estado-de-mexico","tag-inmunizacion"],"_links":{"self":[{"href":"https:\/\/www.diarioimagen.net\/index.php?rest_route=\/wp\/v2\/posts\/514246","targetHints":{"allow":["GET"]}}],"collection":[{"href":"https:\/\/www.diarioimagen.net\/index.php?rest_route=\/wp\/v2\/posts"}],"about":[{"href":"https:\/\/www.diarioimagen.net\/index.php?rest_route=\/wp\/v2\/types\/post"}],"author":[{"embeddable":true,"href":"https:\/\/www.diarioimagen.net\/index.php?rest_route=\/wp\/v2\/users\/3"}],"replies":[{"embeddable":true,"href":"https:\/\/www.diarioimagen.net\/index.php?rest_route=%2Fwp%2Fv2%2Fcomments&post=514246"}],"version-history":[{"count":0,"href":"https:\/\/www.diarioimagen.net\/index.php?rest_route=\/wp\/v2\/posts\/514246\/revisions"}],"wp:featuredmedia":[{"embeddable":true,"href":"https:\/\/www.diarioimagen.net\/index.php?rest_route=\/wp\/v2\/media\/514356"}],"wp:attachment":[{"href":"https:\/\/www.diarioimagen.net\/index.php?rest_route=%2Fwp%2Fv2%2Fmedia&parent=514246"}],"wp:term":[{"taxonomy":"category","embeddable":true,"href":"https:\/\/www.diarioimagen.net\/index.php?rest_route=%2Fwp%2Fv2%2Fcategories&post=514246"},{"taxonomy":"post_tag","embeddable":true,"href":"https:\/\/www.diarioimagen.net\/index.php?rest_route=%2Fwp%2Fv2%2Ftags&post=514246"}],"curies":[{"name":"wp","href":"https:\/\/api.w.org\/{rel}","templated":true}]}}