{"id":514283,"date":"2021-07-19T00:03:14","date_gmt":"2021-07-19T05:03:14","guid":{"rendered":"https:\/\/www.diarioimagen.net\/?p=514283"},"modified":"2021-07-19T01:53:14","modified_gmt":"2021-07-19T06:53:14","slug":"claudia-segunda-voz","status":"publish","type":"post","link":"https:\/\/www.diarioimagen.net\/?p=514283","title":{"rendered":"Claudia, segunda voz"},"content":{"rendered":"<h2>Espacio Electoral<\/h2>\n<h5>Eleazar Flores<\/h5>\n<p>&nbsp;<\/p>\n<p><strong>D\u00d3CIL AL JEFE-.<\/strong> De pena ajena, la postura de la jefa de Gobierno de la Ciudad de M\u00e9xico, Claudia Sheinbaum, al apoyar en todo al Presidente de la Rep\u00fablica Andr\u00e9s Manuel L\u00f3pez Obrador, sabedora que as\u00ed asegura su candidatura.<\/p>\n<p>Desde luego que el apoyo incondicional es lo que gusta quien busca 90 por ciento de lealtad y 10 por ciento de eficiencia. Cubre con creces el requisito.<\/p>\n<p><strong>PRUEBAS-.<\/strong> Cuando menos en lo que se refiere a puntos de vista de los\u00a0 medios de comunicaci\u00f3n acerca de los resultados electorales del pasado seis de junio, adversos en buena parte de la capital del pa\u00eds al partido gobernante, al padre de la Cuarta Transformaci\u00f3n se le hac\u00eda tarde buscar culpables.<\/p>\n<p>Los encontr\u00f3 y los denunci\u00f3 en su p\u00falpito ma\u00f1anero, se\u00f1alando las cr\u00edticas medi\u00e1ticas como factor de baja preferencia hacia Morena. Calific\u00f3 como injustificadas las cr\u00edticas por el desplome de la L\u00ednea 12 del Metro, -a cuya zona y afectados jam\u00e1s visit\u00f3-, y a otros factores.<\/p>\n<p>Al d\u00eda siguiente, la jefa de Gobierno parec\u00eda tener en sus manos el libreto presidencial de la ma\u00f1anera anterior, lanz\u00e1ndose tambi\u00e9n contra los medios, mejor dicho contra los medios cr\u00edticos que a estas alturas del sexenio ya son mayor\u00eda.<\/p>\n<p>La de la segunda voz, o sea Claudia, apoy\u00f3 en un tuit la postura presidencial contra las cr\u00edticas a los medios y periodistas cr\u00edticos, se\u00f1alando que en ocasiones se usa la libertad de expresi\u00f3n para negociar. L\u00e1stima que la jefa de Gobierno generaliza sin la m\u00ednima prueba contra alguien en espec\u00edfico.<\/p>\n<p>Despu\u00e9s de la \u201cba\u00f1ada\u201d al Presidente por parte del reportero del diario Cr\u00f3nica, Daniel Blancas, do\u00f1a Claudia volvi\u00f3 a hacerle de segunda voz, sin el menor asomo de dignidad. Aguas, pues ella nos podr\u00eda gobernar en los seis \u00faltimos a\u00f1os de esta d\u00e9cada, con todo y su falta de personalidad propia.<\/p>\n<p><strong>EBRARD-MONREAL-.<\/strong> En una aut\u00e9ntica y anticipada carrera presidencial por culpa de ya sabe qui\u00e9n, el secretario de Relaciones Exteriores, Marcelo Ebrard Casaubon, y el l\u00edder senatorial, Ricardo Monreal \u00c1vila, han fijado sus posturas en distintos d\u00edas de la semana pasada. Muy precisas por cierto.<\/p>\n<p>SENADOR-.Para variar, el zacatecano Monreal usa los medios para mandar recado a quien \u00e9l sabe, advirtiendo que est\u00e1 seguro de que su nombre aparezca en las boletas electorales de 2024, \u201cesperando que sea por Morena\u201d. Si no fuera as\u00ed, \u00bfpor qu\u00e9 otro partido mi querido Richard?.<\/p>\n<p><strong>CANCILLER-.<\/strong> Descubiertas sus aspiraciones, luego de ricas carnitas dominicales y haci\u00e9ndolas p\u00fablicas en la ma\u00f1anera inmediata al \u201cdescubrimiento\u201d estando presente el creador de las mismas, Ebrard declar\u00f3 el viernes que buscar\u00e1 la candidatura presidencial, pero s\u00f3lo por Morena.<\/p>\n<p>Ante esta seguridad \u00bfqu\u00e9 pensar\u00e1 la preferida?<\/p>\n<p><em><a href=\"mailto:elefa44@gmail.com\" target=\"_blank\" rel=\"noopener noreferrer\">elefa44@gmail.com<\/a><\/em><\/p>\n","protected":false},"excerpt":{"rendered":"<p><span style=\"color: #005497;\"><strong>Eleazar Flores<\/strong><\/span><\/p>\n","protected":false},"author":3,"featured_media":0,"comment_status":"open","ping_status":"open","sticky":false,"template":"","format":"standard","meta":{"_monsterinsights_skip_tracking":false,"_monsterinsights_sitenote_active":false,"_monsterinsights_sitenote_note":"","_monsterinsights_sitenote_category":0,"footnotes":""},"categories":[81743],"tags":[81744,81776,43674],"class_list":["post-514283","post","type-post","status-publish","format-standard","hentry","category-eleazar-flores","tag-eleazar-flores","tag-espacio-electoral","tag-opinion"],"_links":{"self":[{"href":"https:\/\/www.diarioimagen.net\/index.php?rest_route=\/wp\/v2\/posts\/514283","targetHints":{"allow":["GET"]}}],"collection":[{"href":"https:\/\/www.diarioimagen.net\/index.php?rest_route=\/wp\/v2\/posts"}],"about":[{"href":"https:\/\/www.diarioimagen.net\/index.php?rest_route=\/wp\/v2\/types\/post"}],"author":[{"embeddable":true,"href":"https:\/\/www.diarioimagen.net\/index.php?rest_route=\/wp\/v2\/users\/3"}],"replies":[{"embeddable":true,"href":"https:\/\/www.diarioimagen.net\/index.php?rest_route=%2Fwp%2Fv2%2Fcomments&post=514283"}],"version-history":[{"count":0,"href":"https:\/\/www.diarioimagen.net\/index.php?rest_route=\/wp\/v2\/posts\/514283\/revisions"}],"wp:attachment":[{"href":"https:\/\/www.diarioimagen.net\/index.php?rest_route=%2Fwp%2Fv2%2Fmedia&parent=514283"}],"wp:term":[{"taxonomy":"category","embeddable":true,"href":"https:\/\/www.diarioimagen.net\/index.php?rest_route=%2Fwp%2Fv2%2Fcategories&post=514283"},{"taxonomy":"post_tag","embeddable":true,"href":"https:\/\/www.diarioimagen.net\/index.php?rest_route=%2Fwp%2Fv2%2Ftags&post=514283"}],"curies":[{"name":"wp","href":"https:\/\/api.w.org\/{rel}","templated":true}]}}