{"id":514291,"date":"2021-07-19T00:06:17","date_gmt":"2021-07-19T05:06:17","guid":{"rendered":"https:\/\/www.diarioimagen.net\/?p=514291"},"modified":"2021-07-19T01:55:51","modified_gmt":"2021-07-19T06:55:51","slug":"la-otra-consulta-entre-el-5-y-el-12-de-agosto","status":"publish","type":"post","link":"https:\/\/www.diarioimagen.net\/?p=514291","title":{"rendered":"La otra consulta, entre\u00a0 el 5 y el 12 de agosto"},"content":{"rendered":"<h2>Como veo, doy<\/h2>\n<h5>Jorge Luis Galicia Palacios<\/h5>\n<p>&nbsp;<\/p>\n<ul>\n<li><strong><em>Proyectos de Desarrollo y Ordenamiento Territorial en CDMX<\/em><\/strong><\/li>\n<\/ul>\n<p>&nbsp;<\/p>\n<p>\u00bfConoce o ha o\u00eddo hablar de una consulta que, en el marco de la democracia directa, se llevar\u00e1 a cabo en los pr\u00f3ximos d\u00edas en la Ciudad de M\u00e9xico?, si su respuesta es s\u00ed, seguramente se referir\u00e1 al supuesto ejercicio que en apariencia llevar\u00e1 a juicio pol\u00edtico a los ex presidentes, desde Carlos Salinas hasta Enrique Pe\u00f1a, pero si su respuesta es no, aqu\u00ed le informamos que pr\u00f3ximamente, seg\u00fan gaceta oficial de la CDMX, los capitalinos tendr\u00e1n la oportunidad de opinar sobre temas torales que a las autoridades les permitan planear o vislumbrar el futuro de la capital del pa\u00eds para los pr\u00f3ximos 20 a\u00f1os.<\/p>\n<p>De la primera consulta no hablaremos por la profusa difusi\u00f3n que ya tiene y que por cierto una cosa es lo que plantea su pregunta a la ciudadan\u00eda y otra lo que se promete en su difusi\u00f3n, en fin. De ah\u00ed que nos vamos a centrar en la otra consulta, la que llama a opinar y plantear proyectos de planeaci\u00f3n para el mejor desarrollo de los habitantes de la gran urbe y con crecimiento ordenado.<\/p>\n<p>El objetivo, plantea la convocatoria, es conocer la opini\u00f3n ciudadana \u201crespecto de cualquier tema espec\u00edfico que impacte en su \u00e1mbito territorial, tales como: la elaboraci\u00f3n de los programas, planes de desarrollo; ejecuci\u00f3n de pol\u00edticas y acciones p\u00fablicas territoriales; uso del suelo, obras p\u00fablicas y la realizaci\u00f3n de todo proyecto de impacto territorial, social, cultural y ambiental en la demarcaci\u00f3n\u201d.<\/p>\n<p>En otras ocasiones, en este espacio de opini\u00f3n, hemos hablado de la carencia de agua en la ciudad; del rescate de las barrancas por su importancia en la alimentaci\u00f3n de los mantos fre\u00e1ticos; de la importancia de una cultura del ahorro del agua; de la energ\u00eda solar como alternativa ante sistemas energ\u00e9ticos contaminantes y de los programas para captar agua de lluvia, por eso y por otros temas que aquejan a la capital de la Rep\u00fablica y al pa\u00eds en general, es nuestra obligaci\u00f3n insistir en la problem\u00e1tica citadina asociada a la carencia del agua, porque es grave y requiere de una atenci\u00f3n inmediata.<\/p>\n<p>Es de insistir en la importancia que tiene la captaci\u00f3n del agua de lluvia y su reutilizaci\u00f3n despu\u00e9s de procesos de tratamiento, porque, por ejemplo, seg\u00fan datos de especialistas en la materia, m\u00e1s del 90% del agua que se origina en \u00e9poca de lluvias en el Valle de M\u00e9xico \u00e9sta va a dar a ductos de drenaje, es decir se desperdicia por falta de sistemas de captaci\u00f3n pluvial.<\/p>\n<p>Y como se trata de planear, tambi\u00e9n hay que propiciar programas encaminados al verdadero rescate de las barrancas que a\u00fan existen en la capital del pa\u00eds, mismas que por descuido gubernamental e irresponsabilidad vecinal hoy lucen llenas de basura, sirven como dep\u00f3sitos de aguas negras y poco a poco han ido desapareciendo por el crecimiento habitacional desordenado que se ha dado en esos espacios. Dicen que en esos lugares lo que hace falta son la instalaci\u00f3n de infraestructura, como pozos de absorci\u00f3n, para recuperar la captaci\u00f3n de millones de litros de agua que servir\u00eda para el consumo humano y tambi\u00e9n dicen que el deterioro de la barrancas obedece en gran parte a que ese tipo de obras debieron haberse hecho hace m\u00e1s de 30 a\u00f1os. A\u00fan es tiempo.<\/p>\n<p>En fin, en materia de planeaci\u00f3n hay mucha tela de d\u00f3nde cortar, ojal\u00e1 que la consulta en la materia tenga el inter\u00e9s ciudadano y que este tipo de ejercicios en verdad sirvan para atender problemas reales. Ah\u00ed se dejan algunas ideas.<\/p>\n<p><strong>LAS CARTAS HABLAN.-<\/strong> La convocatoria a la que nos hemos referido se\u00f1ala, en uno de los p\u00e1rrafos, que \u201cla consulta p\u00fablica es el instrumento de participaci\u00f3n ciudadana mediante el cual la autoridad titular de la jefatura de Gobierno o de las alcald\u00edas consulta de manera directa a las personas habitantes o vecinas de una determinada \u00e1rea geogr\u00e1fica a efectos de conocer su opini\u00f3n respecto de cualquier tema espec\u00edfico que impacte en su \u00e1mbito territorial, tales como: la elaboraci\u00f3n de los programas, planes de desarrollo; ejecuci\u00f3n de pol\u00edticas y acciones p\u00fablicas territoriales; uso del suelo, obras p\u00fablicas y la realizaci\u00f3n de todo proyecto de impacto territorial, social, cultural y ambiental en la demarcaci\u00f3n\u201d.<\/p>\n<p>Aclara que el proceso de consulta p\u00fablica se realizar\u00e1 entre el 5 y el 12 de agosto de 2021 y que las opiniones y propuestas se podr\u00e1n recibir a trav\u00e9s del correo electr\u00f3nico atencion. ipdp@cdmx. gob.mx, y a trav\u00e9s de la Plataforma del Gobierno de la Ciudad de M\u00e9xico \u201cPlaza P\u00fablica\u201d, en la siguiente direcci\u00f3n electr\u00f3nica: https:\/\/plazapublica.cdmx.gob.mx\/processes\/consulta-ipdp<\/p>\n<p><strong>VA MI RESTO.-<\/strong> Consultas como la que hay en materia de planeaci\u00f3n para la CDMX son dignas de tomarse en serio, por eso la aplaudimos desde este espacio y ojal\u00e1, por el bien de la ciudad capital, los resultados los empecemos a ver muy pronto, y hasta ah\u00ed porque como veo doy.<\/p>\n<p><em><a href=\"mailto:jorgelgalicia@yahoo.com.mx\" target=\"_blank\" rel=\"noopener noreferrer\">jorgelgalicia@yahoo.com.mx<\/a><\/em><\/p>\n","protected":false},"excerpt":{"rendered":"<p><span style=\"color: #005497;\"><strong>Jorge Luis Galicia Palacios<\/strong><\/span><\/p>\n","protected":false},"author":3,"featured_media":0,"comment_status":"open","ping_status":"open","sticky":false,"template":"","format":"standard","meta":{"_monsterinsights_skip_tracking":false,"_monsterinsights_sitenote_active":false,"_monsterinsights_sitenote_note":"","_monsterinsights_sitenote_category":0,"footnotes":""},"categories":[63916],"tags":[28722,63917,43674],"class_list":["post-514291","post","type-post","status-publish","format-standard","hentry","category-jorge-luis-galicia-palacios","tag-como-veo-doy","tag-jorge-luis-galicia-palacios","tag-opinion"],"_links":{"self":[{"href":"https:\/\/www.diarioimagen.net\/index.php?rest_route=\/wp\/v2\/posts\/514291","targetHints":{"allow":["GET"]}}],"collection":[{"href":"https:\/\/www.diarioimagen.net\/index.php?rest_route=\/wp\/v2\/posts"}],"about":[{"href":"https:\/\/www.diarioimagen.net\/index.php?rest_route=\/wp\/v2\/types\/post"}],"author":[{"embeddable":true,"href":"https:\/\/www.diarioimagen.net\/index.php?rest_route=\/wp\/v2\/users\/3"}],"replies":[{"embeddable":true,"href":"https:\/\/www.diarioimagen.net\/index.php?rest_route=%2Fwp%2Fv2%2Fcomments&post=514291"}],"version-history":[{"count":0,"href":"https:\/\/www.diarioimagen.net\/index.php?rest_route=\/wp\/v2\/posts\/514291\/revisions"}],"wp:attachment":[{"href":"https:\/\/www.diarioimagen.net\/index.php?rest_route=%2Fwp%2Fv2%2Fmedia&parent=514291"}],"wp:term":[{"taxonomy":"category","embeddable":true,"href":"https:\/\/www.diarioimagen.net\/index.php?rest_route=%2Fwp%2Fv2%2Fcategories&post=514291"},{"taxonomy":"post_tag","embeddable":true,"href":"https:\/\/www.diarioimagen.net\/index.php?rest_route=%2Fwp%2Fv2%2Ftags&post=514291"}],"curies":[{"name":"wp","href":"https:\/\/api.w.org\/{rel}","templated":true}]}}