{"id":514395,"date":"2021-07-20T00:04:48","date_gmt":"2021-07-20T05:04:48","guid":{"rendered":"https:\/\/www.diarioimagen.net\/?p=514395"},"modified":"2021-07-20T12:02:20","modified_gmt":"2021-07-20T17:02:20","slug":"inmunizados-114-mil-890-naucalpenses-de-30-a-39-anos","status":"publish","type":"post","link":"https:\/\/www.diarioimagen.net\/?p=514395","title":{"rendered":"Inmunizados,\u00a0114 mil 890 naucalpenses de 30 a 39 a\u00f1os"},"content":{"rendered":"<p><strong>\u00a0<\/strong><\/p>\n<p><a href=\"https:\/\/www.diarioimagen.net\/?attachment_id=514481\" rel=\"attachment wp-att-514481\"><img loading=\"lazy\" decoding=\"async\" class=\"aligncenter size-full wp-image-514481\" src=\"https:\/\/www.diarioimagen.net\/wp-content\/uploads\/2021\/07\/naucalpan-7.jpg\" alt=\"\" width=\"460\" height=\"270\" \/><\/a><\/p>\n<p>&nbsp;<\/p>\n<p><strong>Naucalpan, Estado de M\u00e9xico.- <\/strong>En cinco d\u00edas de vacunaci\u00f3n a la poblaci\u00f3n de 30 a 39 a\u00f1os de edad, en Naucalpan fueron inoculadas 114 mil 890 personas.<\/p>\n<p>Adem\u00e1s de la aplicaci\u00f3n de dosis programada, el pasado viernes se realiz\u00f3 una actividad extraordinaria, pues en coordinaci\u00f3n con la iniciativa privada recibieron la inyecci\u00f3n 4 mil 949 trabajadores, quienes laboran en 176 empresas del sector poniente del Valle de M\u00e9xico.<\/p>\n<p>Sin importar su lugar de residencia, los empleados acudieron en grupos, para recibir la primera dosis del biol\u00f3gico AstraZeneca.<\/p>\n","protected":false},"excerpt":{"rendered":"<p>En cinco d\u00edas de vacunaci\u00f3n a la poblaci\u00f3n de 30 a 39 a\u00f1os de edad, en Naucalpan fueron inoculadas 114 mil 890 personas.<\/p>\n","protected":false},"author":3,"featured_media":514481,"comment_status":"open","ping_status":"open","sticky":false,"template":"","format":"standard","meta":{"_monsterinsights_skip_tracking":false,"_monsterinsights_sitenote_active":false,"_monsterinsights_sitenote_note":"","_monsterinsights_sitenote_category":0,"footnotes":""},"categories":[5],"tags":[43675,93359,970],"class_list":["post-514395","post","type-post","status-publish","format-standard","has-post-thumbnail","hentry","category-estado-de-mexico","tag-estado-de-mexico","tag-inmunizados","tag-naucalpan"],"_links":{"self":[{"href":"https:\/\/www.diarioimagen.net\/index.php?rest_route=\/wp\/v2\/posts\/514395","targetHints":{"allow":["GET"]}}],"collection":[{"href":"https:\/\/www.diarioimagen.net\/index.php?rest_route=\/wp\/v2\/posts"}],"about":[{"href":"https:\/\/www.diarioimagen.net\/index.php?rest_route=\/wp\/v2\/types\/post"}],"author":[{"embeddable":true,"href":"https:\/\/www.diarioimagen.net\/index.php?rest_route=\/wp\/v2\/users\/3"}],"replies":[{"embeddable":true,"href":"https:\/\/www.diarioimagen.net\/index.php?rest_route=%2Fwp%2Fv2%2Fcomments&post=514395"}],"version-history":[{"count":0,"href":"https:\/\/www.diarioimagen.net\/index.php?rest_route=\/wp\/v2\/posts\/514395\/revisions"}],"wp:featuredmedia":[{"embeddable":true,"href":"https:\/\/www.diarioimagen.net\/index.php?rest_route=\/wp\/v2\/media\/514481"}],"wp:attachment":[{"href":"https:\/\/www.diarioimagen.net\/index.php?rest_route=%2Fwp%2Fv2%2Fmedia&parent=514395"}],"wp:term":[{"taxonomy":"category","embeddable":true,"href":"https:\/\/www.diarioimagen.net\/index.php?rest_route=%2Fwp%2Fv2%2Fcategories&post=514395"},{"taxonomy":"post_tag","embeddable":true,"href":"https:\/\/www.diarioimagen.net\/index.php?rest_route=%2Fwp%2Fv2%2Ftags&post=514395"}],"curies":[{"name":"wp","href":"https:\/\/api.w.org\/{rel}","templated":true}]}}