{"id":514398,"date":"2021-07-20T00:03:00","date_gmt":"2021-07-20T05:03:00","guid":{"rendered":"https:\/\/www.diarioimagen.net\/?p=514398"},"modified":"2021-07-20T11:55:34","modified_gmt":"2021-07-20T16:55:34","slug":"atizapenses-promueven-la-consulta-popular-para-enjuiciar-a-ex-presidentes","status":"publish","type":"post","link":"https:\/\/www.diarioimagen.net\/?p=514398","title":{"rendered":"Atizapenses promueven la consulta popular para enjuiciar a ex presidentes"},"content":{"rendered":"<p>&nbsp;<\/p>\n<ul>\n<li><strong><em>Se efectuar\u00e1 el pr\u00f3ximo 1 de agosto<\/em><\/strong><\/li>\n<\/ul>\n<p>&nbsp;<\/p>\n<div id=\"attachment_514476\" style=\"width: 470px\" class=\"wp-caption aligncenter\"><a href=\"https:\/\/www.diarioimagen.net\/?attachment_id=514476\" rel=\"attachment wp-att-514476\"><img loading=\"lazy\" decoding=\"async\" aria-describedby=\"caption-attachment-514476\" class=\"size-full wp-image-514476\" src=\"https:\/\/www.diarioimagen.net\/wp-content\/uploads\/2021\/07\/atizapan-2.jpg\" alt=\"\" width=\"460\" height=\"270\" \/><\/a><p id=\"caption-attachment-514476\" class=\"wp-caption-text\">Activistas sociales instalan m\u00f3dulos de informaci\u00f3n sobre la consulta de manera itinerante en varias comunidades de Atizap\u00e1n de Zaragoza.<\/p><\/div>\n<p>&nbsp;<\/p>\n<p><strong>Atizap\u00e1n de Zaragoza, Estado de M\u00e9xico.-<\/strong> Ciudadanos atizapenses contin\u00faan informando a la poblaci\u00f3n en general sobre los pormenores de la consulta popular para enjuiciar a expresidentes que se efectuar\u00e1 el pr\u00f3ximo 1 de agosto en todo el pa\u00eds.<\/p>\n<p>Sin descanso, un grupo de activistas sociales encabezados por \u00d3scar Pineda y Alma Hern\u00e1ndez instalan m\u00f3dulos de informaci\u00f3n de manera itinerante en varias comunidades de Atizap\u00e1n de Zaragoza.<\/p>\n<p>Cabe mencionar que esta actividad de informaci\u00f3n es voluntaria y con recursos propios, por lo que es de reconocer la intensa labor que realiza este grupo de ciudadanos atizapenses en aras de construir un M\u00e9xico mejor para todos.<\/p>\n","protected":false},"excerpt":{"rendered":"<p>Ciudadanos atizapenses contin\u00faan informando a la poblaci\u00f3n en general sobre los pormenores de la consulta popular para enjuiciar a expresidentes que se efectuar\u00e1 el pr\u00f3ximo 1 de agosto en todo el pa\u00eds.<\/p>\n","protected":false},"author":3,"featured_media":514476,"comment_status":"open","ping_status":"open","sticky":false,"template":"","format":"standard","meta":{"_monsterinsights_skip_tracking":false,"_monsterinsights_sitenote_active":false,"_monsterinsights_sitenote_note":"","_monsterinsights_sitenote_category":0,"footnotes":""},"categories":[5],"tags":[3561,93360,43675],"class_list":["post-514398","post","type-post","status-publish","format-standard","has-post-thumbnail","hentry","category-estado-de-mexico","tag-atizapan-de-zaragoza","tag-enjuiciiar","tag-estado-de-mexico"],"_links":{"self":[{"href":"https:\/\/www.diarioimagen.net\/index.php?rest_route=\/wp\/v2\/posts\/514398","targetHints":{"allow":["GET"]}}],"collection":[{"href":"https:\/\/www.diarioimagen.net\/index.php?rest_route=\/wp\/v2\/posts"}],"about":[{"href":"https:\/\/www.diarioimagen.net\/index.php?rest_route=\/wp\/v2\/types\/post"}],"author":[{"embeddable":true,"href":"https:\/\/www.diarioimagen.net\/index.php?rest_route=\/wp\/v2\/users\/3"}],"replies":[{"embeddable":true,"href":"https:\/\/www.diarioimagen.net\/index.php?rest_route=%2Fwp%2Fv2%2Fcomments&post=514398"}],"version-history":[{"count":0,"href":"https:\/\/www.diarioimagen.net\/index.php?rest_route=\/wp\/v2\/posts\/514398\/revisions"}],"wp:featuredmedia":[{"embeddable":true,"href":"https:\/\/www.diarioimagen.net\/index.php?rest_route=\/wp\/v2\/media\/514476"}],"wp:attachment":[{"href":"https:\/\/www.diarioimagen.net\/index.php?rest_route=%2Fwp%2Fv2%2Fmedia&parent=514398"}],"wp:term":[{"taxonomy":"category","embeddable":true,"href":"https:\/\/www.diarioimagen.net\/index.php?rest_route=%2Fwp%2Fv2%2Fcategories&post=514398"},{"taxonomy":"post_tag","embeddable":true,"href":"https:\/\/www.diarioimagen.net\/index.php?rest_route=%2Fwp%2Fv2%2Ftags&post=514398"}],"curies":[{"name":"wp","href":"https:\/\/api.w.org\/{rel}","templated":true}]}}