{"id":514512,"date":"2021-07-21T00:04:08","date_gmt":"2021-07-21T05:04:08","guid":{"rendered":"https:\/\/www.diarioimagen.net\/?p=514512"},"modified":"2021-07-21T16:26:38","modified_gmt":"2021-07-21T21:26:38","slug":"mas-de-14-mil-personas-de-40-a-49-anos-de-san-mateo-atenco-con-esquema-completo","status":"publish","type":"post","link":"https:\/\/www.diarioimagen.net\/?p=514512","title":{"rendered":"M\u00e1s de 14 mil personas de 40 a 49 a\u00f1os de San Mateo Atenco, con esquema completo"},"content":{"rendered":"<p>&nbsp;<\/p>\n<ul>\n<li><strong><em>En tres d\u00edas de vacunaci\u00f3n<\/em><\/strong><\/li>\n<\/ul>\n<p>&nbsp;<\/p>\n<div id=\"attachment_514613\" style=\"width: 470px\" class=\"wp-caption aligncenter\"><a href=\"https:\/\/www.diarioimagen.net\/?attachment_id=514613\" rel=\"attachment wp-att-514613\"><img loading=\"lazy\" decoding=\"async\" aria-describedby=\"caption-attachment-514613\" class=\"size-full wp-image-514613\" src=\"https:\/\/www.diarioimagen.net\/wp-content\/uploads\/2021\/07\/san-mateo.jpg\" alt=\"\" width=\"460\" height=\"270\" \/><\/a><p id=\"caption-attachment-514613\" class=\"wp-caption-text\">M\u00e1s de 14 mil personas de 40 a 49 a\u00f1os y embarazadas recibieron la segunda dosis contra Covid-19 en el municipio de San Mateo Atenco.<\/p><\/div>\n<p>&nbsp;<\/p>\n<p><strong>San Mateo Atenco, Estado de M\u00e9xico<\/strong>.- 14 mil personas entre los 40 y 49 a\u00f1os de edad y mujeres embarazadas a partir de la novena semana de gestaci\u00f3n recibieron la segunda dosis anti-Covid-19 en el municipio de San Mateo Atenco, como resultado de tres intensos d\u00edas de la jornada prevista para este municipio.<\/p>\n<p>Con apoyo de servidores p\u00fablicos federales y municipales, as\u00ed como los m\u00e9dicos y enfermeras del Instituto del Salud del Estado de M\u00e9xico del s\u00e1bado 17 al lunes 19 de julio se realiz\u00f3 con gran \u00e9xito esta jornada de vacunaci\u00f3n en la explanada municipal Benito Ju\u00e1rez Garc\u00eda, misma que se realiz\u00f3 de forma \u00e1gil y r\u00e1pida.<\/p>\n<p>Con gran entusiasmo, el presidente municipal de San Mateo Atenco complet\u00f3 su esquema de vacunaci\u00f3n Covid-19 e invit\u00f3 a la poblaci\u00f3n que a\u00fan no ha recibido la segunda dosis a vacunarse para potencializar la vacuna.<\/p>\n<p>El alcalde afirm\u00f3 que antes de esta jornada en el municipio ya se ten\u00eda registro de m\u00e1s de 39 mil dosis aplicadas entre adultos mayores y adultos de 40 a 59 a\u00f1os de edad, quienes han recibido la vacuna Pfizer.<\/p>\n<p>El edil destac\u00f3 que en esta pandemia se entregaron m\u00e1s de 636 mil pesos para apoyos en la compra de medicamentos y 132 pesos para gastos funerarios por fallecimiento Covid, adem\u00e1s de traslados a pacientes, renta de concentradores de oxigeno, descuentos en impuestos, inspecciones sanitarias, etc\u00e9tera.<\/p>\n","protected":false},"excerpt":{"rendered":"<p>14 mil personas entre los 40 y 49 a\u00f1os de edad y mujeres embarazadas a partir de la novena semana de gestaci\u00f3n recibieron la segunda dosis anti-Covid-19 en el municipio de San Mateo Atenco, como resultado de tres intensos d\u00edas de la jornada prevista para este municipio.\u00a0<\/p>\n","protected":false},"author":3,"featured_media":514613,"comment_status":"open","ping_status":"open","sticky":false,"template":"","format":"standard","meta":{"_monsterinsights_skip_tracking":false,"_monsterinsights_sitenote_active":false,"_monsterinsights_sitenote_note":"","_monsterinsights_sitenote_category":0,"footnotes":""},"categories":[5],"tags":[93365,43675,6776],"class_list":["post-514512","post","type-post","status-publish","format-standard","has-post-thumbnail","hentry","category-estado-de-mexico","tag-esquema-completo","tag-estado-de-mexico","tag-san-mateo-atenco"],"_links":{"self":[{"href":"https:\/\/www.diarioimagen.net\/index.php?rest_route=\/wp\/v2\/posts\/514512","targetHints":{"allow":["GET"]}}],"collection":[{"href":"https:\/\/www.diarioimagen.net\/index.php?rest_route=\/wp\/v2\/posts"}],"about":[{"href":"https:\/\/www.diarioimagen.net\/index.php?rest_route=\/wp\/v2\/types\/post"}],"author":[{"embeddable":true,"href":"https:\/\/www.diarioimagen.net\/index.php?rest_route=\/wp\/v2\/users\/3"}],"replies":[{"embeddable":true,"href":"https:\/\/www.diarioimagen.net\/index.php?rest_route=%2Fwp%2Fv2%2Fcomments&post=514512"}],"version-history":[{"count":0,"href":"https:\/\/www.diarioimagen.net\/index.php?rest_route=\/wp\/v2\/posts\/514512\/revisions"}],"wp:featuredmedia":[{"embeddable":true,"href":"https:\/\/www.diarioimagen.net\/index.php?rest_route=\/wp\/v2\/media\/514613"}],"wp:attachment":[{"href":"https:\/\/www.diarioimagen.net\/index.php?rest_route=%2Fwp%2Fv2%2Fmedia&parent=514512"}],"wp:term":[{"taxonomy":"category","embeddable":true,"href":"https:\/\/www.diarioimagen.net\/index.php?rest_route=%2Fwp%2Fv2%2Fcategories&post=514512"},{"taxonomy":"post_tag","embeddable":true,"href":"https:\/\/www.diarioimagen.net\/index.php?rest_route=%2Fwp%2Fv2%2Ftags&post=514512"}],"curies":[{"name":"wp","href":"https:\/\/api.w.org\/{rel}","templated":true}]}}