{"id":514513,"date":"2021-07-21T00:03:16","date_gmt":"2021-07-21T05:03:16","guid":{"rendered":"https:\/\/www.diarioimagen.net\/?p=514513"},"modified":"2021-07-21T16:27:43","modified_gmt":"2021-07-21T21:27:43","slug":"aplicacion-de-primera-dosis-anti-covid-a-los-de-30-a-39-anos-en-tlalnepantla","status":"publish","type":"post","link":"https:\/\/www.diarioimagen.net\/?p=514513","title":{"rendered":"Aplicaci\u00f3n de primera dosis anti-Covid a los de 30 a 39 a\u00f1os, en Tlalnepantla"},"content":{"rendered":"<p>&nbsp;<\/p>\n<p><a href=\"https:\/\/www.diarioimagen.net\/?attachment_id=514615\" rel=\"attachment wp-att-514615\"><img loading=\"lazy\" decoding=\"async\" class=\"aligncenter size-full wp-image-514615\" src=\"https:\/\/www.diarioimagen.net\/wp-content\/uploads\/2021\/07\/tlalnepantla-10.jpg\" alt=\"\" width=\"460\" height=\"270\" \/><\/a><\/p>\n<p>&nbsp;<\/p>\n<p><strong>Tlalnepantla, Estado de M\u00e9xico<\/strong><strong>.-<\/strong> Concluy\u00f3 el primer d\u00eda de aplicaci\u00f3n de la primera dosis de la vacuna contra Covid-19 a personas de 30 a 39 a\u00f1os que habitan en Tlalnepantla.<\/p>\n<p>La vacunaci\u00f3n contin\u00faa hasta el viernes 23 de julio. Recuerda que debes presentar identificaci\u00f3n oficial con copia, CURP, folio de registro en mivacuna.salud.gob.mx y llevar bol\u00edgrafo de tinta azul. No olvides acudir con cubrebocas.<\/p>\n","protected":false},"excerpt":{"rendered":"<p>Concluy\u00f3 el primer d\u00eda de aplicaci\u00f3n de la primera dosis de la vacuna contra Covid-19 a personas de 30 a 39 a\u00f1os que habitan en Tlalnepantla.<\/p>\n","protected":false},"author":3,"featured_media":514615,"comment_status":"open","ping_status":"open","sticky":false,"template":"","format":"standard","meta":{"_monsterinsights_skip_tracking":false,"_monsterinsights_sitenote_active":false,"_monsterinsights_sitenote_note":"","_monsterinsights_sitenote_category":0,"footnotes":""},"categories":[5],"tags":[65897,43675,169,4713],"class_list":["post-514513","post","type-post","status-publish","format-standard","has-post-thumbnail","hentry","category-estado-de-mexico","tag-concluye","tag-estado-de-mexico","tag-tlalnepantla","tag-vacuna"],"_links":{"self":[{"href":"https:\/\/www.diarioimagen.net\/index.php?rest_route=\/wp\/v2\/posts\/514513","targetHints":{"allow":["GET"]}}],"collection":[{"href":"https:\/\/www.diarioimagen.net\/index.php?rest_route=\/wp\/v2\/posts"}],"about":[{"href":"https:\/\/www.diarioimagen.net\/index.php?rest_route=\/wp\/v2\/types\/post"}],"author":[{"embeddable":true,"href":"https:\/\/www.diarioimagen.net\/index.php?rest_route=\/wp\/v2\/users\/3"}],"replies":[{"embeddable":true,"href":"https:\/\/www.diarioimagen.net\/index.php?rest_route=%2Fwp%2Fv2%2Fcomments&post=514513"}],"version-history":[{"count":0,"href":"https:\/\/www.diarioimagen.net\/index.php?rest_route=\/wp\/v2\/posts\/514513\/revisions"}],"wp:featuredmedia":[{"embeddable":true,"href":"https:\/\/www.diarioimagen.net\/index.php?rest_route=\/wp\/v2\/media\/514615"}],"wp:attachment":[{"href":"https:\/\/www.diarioimagen.net\/index.php?rest_route=%2Fwp%2Fv2%2Fmedia&parent=514513"}],"wp:term":[{"taxonomy":"category","embeddable":true,"href":"https:\/\/www.diarioimagen.net\/index.php?rest_route=%2Fwp%2Fv2%2Fcategories&post=514513"},{"taxonomy":"post_tag","embeddable":true,"href":"https:\/\/www.diarioimagen.net\/index.php?rest_route=%2Fwp%2Fv2%2Ftags&post=514513"}],"curies":[{"name":"wp","href":"https:\/\/api.w.org\/{rel}","templated":true}]}}