{"id":514515,"date":"2021-07-21T00:02:57","date_gmt":"2021-07-21T05:02:57","guid":{"rendered":"https:\/\/www.diarioimagen.net\/?p=514515"},"modified":"2021-07-21T16:35:37","modified_gmt":"2021-07-21T21:35:37","slug":"llama-el-gobierno-de-cuautitlan-a-comercios-a-mantener-medidas-de-prevencion-sanitaria","status":"publish","type":"post","link":"https:\/\/www.diarioimagen.net\/?p=514515","title":{"rendered":"Llama el gobierno de Cuautitl\u00e1n a comercios a mantener medidas de prevenci\u00f3n sanitaria"},"content":{"rendered":"<p>&nbsp;<\/p>\n<ul>\n<li><strong><em>Por sem\u00e1foro color amarillo<\/em><\/strong><\/li>\n<\/ul>\n<p>&nbsp;<\/p>\n<p><a href=\"https:\/\/www.diarioimagen.net\/?attachment_id=514621\" rel=\"attachment wp-att-514621\"><img loading=\"lazy\" decoding=\"async\" class=\"aligncenter size-full wp-image-514621\" src=\"https:\/\/www.diarioimagen.net\/wp-content\/uploads\/2021\/07\/cuautitlan-6.jpg\" alt=\"\" width=\"460\" height=\"442\" \/><\/a><\/p>\n<p>&nbsp;<\/p>\n<p><strong>Cuautitl\u00e1n, Estado de M\u00e9xico<\/strong>.- Para el cuidado de la salud en la poblaci\u00f3n el gobierno de Cuautitl\u00e1n informa que se establecen modificaciones las medidas sanitarias para la operaci\u00f3n de las unidades econ\u00f3micas en Cuautitl\u00e1n, por lo que se pide mantener las medidas vigentes preventivas anunciadas por las autoridades sanitarias, desde esta semana, al pasar a la etapa de riesgo intermedio (sem\u00e1foro color amarillo). En este sentido se informa que los comercios al por menor y al por mayor deber\u00e1n operar hasta las 21:00 horas, de lunes a domingo, limitando en todos los casos su aforo a un 70 por ciento de su capacidad.<\/p>\n<p>Los negocios dedicados a la venta de alimentos preparados, podr\u00e1n operar de lunes a domingo hasta las 0:00 horas. A partir de ese horario podr\u00e1n continuar prestando el servicio a domicilio o para llevar. Los cines y teatros podr\u00e1n operar con un aforo m\u00e1ximo del 70 por ciento las farmacias seguir\u00e1n operando en horario regular. Con estas medidas se pretende contener el n\u00famero de contagios, si que ello implique el cierre total de las actividades comerciales.<\/p>\n<p>Las unidades econ\u00f3micas cuya actividad sea la renta de espacios para llevar a cabo eventos particulares, deber\u00e1n trabajar con un aforo del 30 por ciento en interiores y un 60 por ciento en exteriores, en un horario hasta las 22:00 horas, sin venta de bebidas alcoh\u00f3licas y no permitir\u00e1 la m\u00fasica en vivo, ni la instalaci\u00f3n de pista de baile. En el caso de servicio de transporte p\u00fablico se informa que los concesionarios deber\u00e1n cumplir con las medidas de sanitizaci\u00f3n de las unidades, mantener la sana distancia y el uso obligatorio de cubrebocas, as\u00ed como procurar la ventilaci\u00f3n natural durante los trayectos, adem\u00e1s de operar a un 50 por ciento de su capacidad.<\/p>\n<p>Es importante atender estas medidas para continuar con las actividades para el desarrollo econ\u00f3mico y seguir reduciendo el riesgo de contagio con motivo del Virus SARS-CoV2 en el Estado de M\u00e9xico.<\/p>\n","protected":false},"excerpt":{"rendered":"<p>Para el cuidado de la salud en la poblaci\u00f3n el gobierno de Cuautitl\u00e1n informa que se establecen modificaciones las medidas sanitarias para la operaci\u00f3n de las unidades econ\u00f3micas en Cuautitl\u00e1n, por lo que se pide mantener las medidas vigentes preventivas anunciadas por las autoridades sanitarias, desde esta semana, al pasar a la etapa de riesgo intermedio (sem\u00e1foro color amarillo).<\/p>\n","protected":false},"author":3,"featured_media":514621,"comment_status":"open","ping_status":"open","sticky":false,"template":"","format":"standard","meta":{"_monsterinsights_skip_tracking":false,"_monsterinsights_sitenote_active":false,"_monsterinsights_sitenote_note":"","_monsterinsights_sitenote_category":0,"footnotes":""},"categories":[5],"tags":[681,43675,93366],"class_list":["post-514515","post","type-post","status-publish","format-standard","has-post-thumbnail","hentry","category-estado-de-mexico","tag-cuautitlan","tag-estado-de-mexico","tag-prevencion-sanitaria"],"_links":{"self":[{"href":"https:\/\/www.diarioimagen.net\/index.php?rest_route=\/wp\/v2\/posts\/514515","targetHints":{"allow":["GET"]}}],"collection":[{"href":"https:\/\/www.diarioimagen.net\/index.php?rest_route=\/wp\/v2\/posts"}],"about":[{"href":"https:\/\/www.diarioimagen.net\/index.php?rest_route=\/wp\/v2\/types\/post"}],"author":[{"embeddable":true,"href":"https:\/\/www.diarioimagen.net\/index.php?rest_route=\/wp\/v2\/users\/3"}],"replies":[{"embeddable":true,"href":"https:\/\/www.diarioimagen.net\/index.php?rest_route=%2Fwp%2Fv2%2Fcomments&post=514515"}],"version-history":[{"count":0,"href":"https:\/\/www.diarioimagen.net\/index.php?rest_route=\/wp\/v2\/posts\/514515\/revisions"}],"wp:featuredmedia":[{"embeddable":true,"href":"https:\/\/www.diarioimagen.net\/index.php?rest_route=\/wp\/v2\/media\/514621"}],"wp:attachment":[{"href":"https:\/\/www.diarioimagen.net\/index.php?rest_route=%2Fwp%2Fv2%2Fmedia&parent=514515"}],"wp:term":[{"taxonomy":"category","embeddable":true,"href":"https:\/\/www.diarioimagen.net\/index.php?rest_route=%2Fwp%2Fv2%2Fcategories&post=514515"},{"taxonomy":"post_tag","embeddable":true,"href":"https:\/\/www.diarioimagen.net\/index.php?rest_route=%2Fwp%2Fv2%2Ftags&post=514515"}],"curies":[{"name":"wp","href":"https:\/\/api.w.org\/{rel}","templated":true}]}}