{"id":514518,"date":"2021-07-21T00:01:15","date_gmt":"2021-07-21T05:01:15","guid":{"rendered":"https:\/\/www.diarioimagen.net\/?p=514518"},"modified":"2021-07-21T16:30:09","modified_gmt":"2021-07-21T21:30:09","slug":"concluye-en-huixquilucan-jornada-de-inmunizacion-para-adultos-de-40-a-49-anos","status":"publish","type":"post","link":"https:\/\/www.diarioimagen.net\/?p=514518","title":{"rendered":"Concluye en Huixquilucan jornada de inmunizaci\u00f3n para adultos de 40 a 49 a\u00f1os"},"content":{"rendered":"<p>&nbsp;<\/p>\n<ul>\n<li><strong><em>Segunda dosis contra SARS-CoV-2<\/em><\/strong><\/li>\n<\/ul>\n<p>&nbsp;<\/p>\n<div id=\"attachment_514619\" style=\"width: 470px\" class=\"wp-caption aligncenter\"><a href=\"https:\/\/www.diarioimagen.net\/?attachment_id=514619\" rel=\"attachment wp-att-514619\"><img loading=\"lazy\" decoding=\"async\" aria-describedby=\"caption-attachment-514619\" class=\"size-full wp-image-514619\" src=\"https:\/\/www.diarioimagen.net\/wp-content\/uploads\/2021\/07\/huix-4.jpg\" alt=\"\" width=\"460\" height=\"270\" \/><\/a><p id=\"caption-attachment-514619\" class=\"wp-caption-text\">En Huixquilucan dispusieron de dos centros de vacunaci\u00f3n, uno ubicado en las instalaciones de la Universidad An\u00e1huac Norte y el otro en el Complejo de salud Rosa M\u00edstica.<\/p><\/div>\n<p>&nbsp;<\/p>\n<p><strong>Huixquilucan, Estado de M\u00e9xico<\/strong>.- En Huixquilucan concluy\u00f3 la aplicaci\u00f3n de la segunda dosis de la vacuna contra el SARS-Cov-2 para los adultos de 40 a 49 a\u00f1os, as\u00ed como para mujeres embarazadas. \u00a0Desde el pasado s\u00e1bado 17 y hasta este lunes 19 de julio, las y los huixquiluquenses en este rango de edad completaron su esquema de vacunaci\u00f3n contra el coronavirus.<\/p>\n<p>Autoridades municipales dispusieron de dos centros de vacunaci\u00f3n, uno ubicado en las instalaciones de la Universidad An\u00e1huac Norte y el otro en el Complejo de salud Rosa M\u00edstica, en donde la ciudadan\u00eda se dio cita desde temprana hora para recibir la inoculaci\u00f3n.\u00a0 Con esta jornada de vacunaci\u00f3n, las y los huixquiluquenses de 40 a 49 a\u00f1os, as\u00ed como mujeres embarazadas terminaron su proceso de vacunaci\u00f3n, por lo que las autoridades municipales estar\u00e1n atentas a las disposiciones del gobierno Federal para iniciar con la inoculaci\u00f3n del resto de la poblaci\u00f3n. \u00a0El gobierno municipal de Huixquilucan hizo un atento llamado a la ciudadan\u00eda para seguir reforzando las medidas, como es el uso de cubrebocas, el lavado constante de manos, conservar la sana distancia y, en la medida de lo posible, quedarse en casa.<\/p>\n","protected":false},"excerpt":{"rendered":"<p>En Huixquilucan concluy\u00f3 la aplicaci\u00f3n de la segunda dosis de la vacuna contra el SARS-Cov-2 para los adultos de 40 a 49 a\u00f1os, as\u00ed como para mujeres embarazadas. \u00a0Desde el pasado s\u00e1bado 17 y hasta este lunes 19 de julio, las y los huixquiluquenses en este rango de edad completaron su esquema de vacunaci\u00f3n contra el coronavirus.<\/p>\n","protected":false},"author":3,"featured_media":514619,"comment_status":"open","ping_status":"open","sticky":false,"template":"","format":"standard","meta":{"_monsterinsights_skip_tracking":false,"_monsterinsights_sitenote_active":false,"_monsterinsights_sitenote_note":"","_monsterinsights_sitenote_category":0,"footnotes":""},"categories":[5],"tags":[43675,1097],"class_list":["post-514518","post","type-post","status-publish","format-standard","has-post-thumbnail","hentry","category-estado-de-mexico","tag-estado-de-mexico","tag-huixquilucan"],"_links":{"self":[{"href":"https:\/\/www.diarioimagen.net\/index.php?rest_route=\/wp\/v2\/posts\/514518","targetHints":{"allow":["GET"]}}],"collection":[{"href":"https:\/\/www.diarioimagen.net\/index.php?rest_route=\/wp\/v2\/posts"}],"about":[{"href":"https:\/\/www.diarioimagen.net\/index.php?rest_route=\/wp\/v2\/types\/post"}],"author":[{"embeddable":true,"href":"https:\/\/www.diarioimagen.net\/index.php?rest_route=\/wp\/v2\/users\/3"}],"replies":[{"embeddable":true,"href":"https:\/\/www.diarioimagen.net\/index.php?rest_route=%2Fwp%2Fv2%2Fcomments&post=514518"}],"version-history":[{"count":0,"href":"https:\/\/www.diarioimagen.net\/index.php?rest_route=\/wp\/v2\/posts\/514518\/revisions"}],"wp:featuredmedia":[{"embeddable":true,"href":"https:\/\/www.diarioimagen.net\/index.php?rest_route=\/wp\/v2\/media\/514619"}],"wp:attachment":[{"href":"https:\/\/www.diarioimagen.net\/index.php?rest_route=%2Fwp%2Fv2%2Fmedia&parent=514518"}],"wp:term":[{"taxonomy":"category","embeddable":true,"href":"https:\/\/www.diarioimagen.net\/index.php?rest_route=%2Fwp%2Fv2%2Fcategories&post=514518"},{"taxonomy":"post_tag","embeddable":true,"href":"https:\/\/www.diarioimagen.net\/index.php?rest_route=%2Fwp%2Fv2%2Ftags&post=514518"}],"curies":[{"name":"wp","href":"https:\/\/api.w.org\/{rel}","templated":true}]}}