{"id":514534,"date":"2021-07-21T00:02:34","date_gmt":"2021-07-21T05:02:34","guid":{"rendered":"https:\/\/www.diarioimagen.net\/?p=514534"},"modified":"2021-07-21T04:33:41","modified_gmt":"2021-07-21T09:33:41","slug":"jorge-alcocer-es-menos-peor-callado","status":"publish","type":"post","link":"https:\/\/www.diarioimagen.net\/?p=514534","title":{"rendered":"Jorge Alcocer es \u201cmenos peor\u201d, callado"},"content":{"rendered":"<h2>La Retaguardia<\/h2>\n<h5>Adriana Moreno Cordero<\/h5>\n<p>&nbsp;<\/p>\n<ul>\n<li><strong><em>C<\/em><em>on fines pol\u00edtico-electorales, 4T maneja pandemia; <\/em><em>Morena y PT protegen a Sa\u00fal Huerta y a Mauricio Toledo<\/em><\/strong><\/li>\n<\/ul>\n<p>&nbsp;<\/p>\n<p>Con raz\u00f3n el flamante secretario de Salud, <strong>Jorge Alcocer,<\/strong> se volvi\u00f3 el m\u00e1s silente de todo el gabinete del presidente <strong>Andr\u00e9s Manuel L\u00f3pez Obrador<\/strong>, especialmente cuando inici\u00f3 la pandemia de Covid-19 y de ah\u00ed se sigui\u00f3, limit\u00e1ndose a enviar por delante -como se recordar\u00e1-, al subsecretario de Prevenci\u00f3n y Promoci\u00f3n de la Salud, <strong>Hugo L\u00f3pez-Gatell<\/strong>. A casi a\u00f1o y medio de iniciada la contingencia sanitaria en nuestro pa\u00eds, este par de funcionarios de la dependencia de referencia, se han dedicado a repetir cuanta sandez se les ocurre, desde luego, con la aprobaci\u00f3n y respaldo del inquilino de Palacio Nacional.<\/p>\n<p>Y se reitera, el secretario Alcocer es menos peor, callado, porque eso de calificar a los padres y madres de los ni\u00f1os con c\u00e1ncer de que tienen una preocupaci\u00f3n e inter\u00e9s \u201cv\u00e1lido, pero exagerado y utilizado con otros fines\u201d, es de un desatino desproporcionado, por decir lo menos. Si el se\u00f1or secretario de Salud quiere ejemplos de cuestiones que la administraci\u00f3n que representa ha manejado con \u201cotros fines\u201d, l\u00e9ase, pol\u00edtico-electorales, que se remita al p\u00e9simo y pat\u00e9tico manejo de la pandemia de Covid-19 de esta errada y llamada Cuarta Transformaci\u00f3n, as\u00ed como al del sem\u00e1foro epidemiol\u00f3gico, por ejemplo la v\u00edspera de las elecciones del pasado 6 de junio.<\/p>\n<p>En fin, que en un intento de cubrirse de gloria, el silente se\u00f1or Alcocer inform\u00f3 que\u00a0 se logr\u00f3 un acuerdo entre la Federaci\u00f3n y Organismos P\u00fablicos Descentralizados de Salud, (OPD, para la compra de un 93% de medicinas que requiere el pa\u00eds por lo que se supone que ya no habr\u00e1 problemas de abasto y sin gesto alguno, el rostro totalmente imp\u00e1vido, inform\u00f3 que hubo ahorros de 19 mil millones de pesos e incluso asegur\u00f3 que ya se distribuyeron estas medicinas, con lo que cae en otra falsedad porque los padres y madres de ni\u00f1os con c\u00e1ncer anunciaron una marcha para el pr\u00f3ximo s\u00e1bado en la Ciudad de M\u00e9xico, en demanda de que se ponga fin al desabasto.<\/p>\n<p>Pero aqu\u00ed la duda es muy v\u00e1lida. Si con una facilidad incre\u00edble, esta llamada cuarta transformaci\u00f3n no puede explicar d\u00f3nde est\u00e1n algo as\u00ed como 19 millones de vacunas contra el Covid-19, resulta hasta obvio que tampoco puede hacer lo propio con los medicamentos contra el c\u00e1ncer.<\/p>\n<p>Ah\u00ed est\u00e1n las explicaciones \u201ccantinflescas\u201d -ahora que ese estilo est\u00e1 tan de moda en Palacio Nacional-, como aquella de que la actual epidemia de Covid \u201cya no es tan virulenta\u201d que intent\u00f3 dar el subsecretario L\u00f3pez-Gatell y termin\u00f3 enoj\u00e1ndose y diciendo que era un <em>fake news<\/em> con oscuros fines.<\/p>\n<p>Llam\u00f3 la atenci\u00f3n que el subsecretario hiciera hincapi\u00e9 en que \u201ca\u00fan con los rebrotes el confinamiento no implicar\u00e1 cierre total de actividades\u201d. Con esto tambi\u00e9n se exhibe que la administraci\u00f3n lopezobradorista no ha podido con los efectos econ\u00f3micos derivados de dicha pandemia, ni podr\u00e1.<\/p>\n<p style=\"text-align: center;\"><strong>Municiones<\/strong><\/p>\n<p>*** Muy ufano, el presidente L\u00f3pez Obrador dijo que en su administraci\u00f3n ya no hay corrupci\u00f3n, torturas, represi\u00f3n, asesinatos y que esta errada y llamada Cuarta Transformaci\u00f3n ya no esp\u00eda a nadie. \u00a1\u00a1Ahh!!, \u00bfno?, pues se nota que el inquilino de Palacio Nacional no se ha dado una vueltecita por Michoac\u00e1n. Bueno, de hecho, en d\u00edas pasados, desesperados, los habitantes de Aguililla, le pidieron que los visitara, pero m\u00e1s pudo el miedo y el Presidente se resisti\u00f3 a ver la dram\u00e1tica realidad que vive la entidad. Adem\u00e1s, lo que resulta pat\u00e9tico, es que en su gustad\u00edsimo \u201cstand-up\u201d ma\u00f1anero, el Presidente se contradiga una y otra vez, lo que pone a pensar sobre el estado de salud que tenga el mandatario. El caso es que al referirse a la creaci\u00f3n en Chiapas del grupo armado \u201cLos Machetes\u201d, -que argumentan haberse armado para que los sicarios no sigan controlando la zona-, descart\u00f3 que en otro municipio tambi\u00e9n olvidado por su administraci\u00f3n, Panthel\u00f3, sus habitantes se hayan armado \u201cpara enfrentar una supuesta situaci\u00f3n de inseguridad\u2026 que no usen eso como excusa\u201d, por lo que ese expediente ya lo tiene en sus manos ni m\u00e1s ni menos que la flamante secretaria de Gobernaci\u00f3n, <strong>Olga S\u00e1nchez Cordero<\/strong>. No, pues s\u00ed.<\/p>\n<p>*** Y en el tenor de la inseguridad, por cierto, el coordinador de las senadoras y los senadores del PAN, <strong>Julen Rementer\u00eda del Puerto<\/strong>, urgi\u00f3 al gobierno federal a dar resultados ante la alarmante violencia que enfrenta el pa\u00eds, y afirm\u00f3 que su incompetencia tanto en salud como en seguridad est\u00e1 convirtiendo a M\u00e9xico en un cementerio. Espec\u00edficamente, el senador veracruzano subray\u00f3: \u201cEl Gobierno federal ha sido incapaz de pacificar el pa\u00eds como prometi\u00f3. Ni la Guardia Nacional, ni la estrategia de abrazos, no balazos, ni la de acusar a los delincuentes con sus mam\u00e1s, ni la militarizaci\u00f3n del pa\u00eds han funcionado. Nada de eso\u201d. Asimismo, Rementer\u00eda del Puerto sostuvo que el presidente L\u00f3pez Obrador ha tenido el inicio de gobierno m\u00e1s violento en la historia reciente. \u00bfNo que ya viv\u00edamos en <em>AMLOlandia<\/em>?<\/p>\n<p>*** Con la novedad de que hoy en la sesi\u00f3n de la Comisi\u00f3n Permanente no se aprobar\u00e1 el per\u00edodo extraordinario para sacar adelante el desafuero de <strong>Sa\u00fal Huerta<\/strong>, de Morena, y el petista <strong>Mauricio Toledo<\/strong>, \u00e9ste \u00faltimo result\u00f3 reelecto, porque de acuerdo al reglamento, a este tipo de sesi\u00f3n se requiere de la presencia de los 37 legisladores que conforman la Permanente y en una de sus tantas maromas, se cit\u00f3 de manera virtual. Qu\u00e9 caros est\u00e1n saliendo los \u201cjaloneos\u201d entre la bancada del partido oficial y la de su r\u00e9mora, el PT.<\/p>\n<p>*** Eso de tratar de resurgir de sus cenizas, est\u00e1 siendo una tarea m\u00e1s que tit\u00e1nica en el PRI. Resulta que ayer, un grupo de militantes de este partido, comandados por <strong>Fernando Lerdo de Tejada<\/strong>, presentaron oficialmente una nueva corriente en ese partido que busca \u201cuna dirigencia nacional de tiempo completo\u201d, porque con eso de que el actual dirigente nacional, <strong>Alejandro Moreno,<\/strong> y su secretaria general, <strong>Carolina Viggiano<\/strong>, fueron electos diputados por la v\u00eda plurinominal, lo m\u00e1s probable es que no les quede tiempo para dedicarse al Comit\u00e9 Ejecutivo Nacional de un partido m\u00e1s que fracturado. Tambi\u00e9n hay que tomar nota en el m\u00e1s reciente mensaje de <em>Alito<\/em> Moreno C\u00e1rdenas, respecto a que el Revolucionario Institucional se prepara para regresar a la presidencia de la Rep\u00fablica en el 2024. \u00bfDe veras se la cre\u00e9?<\/p>\n<p>*** Pues parece que la reconciliaci\u00f3n entre el gobernador de Jalisco, <strong>Enrique Alfaro,<\/strong> y el presidente L\u00f3pez Obrador iba sobre ruedas porque en muy poco tiempo, el mandatario jalisciense ha visitado en dos ocasiones Palacio Nacional, pero que se le ocurre acusar, y con toda raz\u00f3n, por cierto, al subsecretario \u201cestrella\u201d L\u00f3pez-Gatell de cerraz\u00f3n en el manejo de la pandemia y que el Presidente se hizo como aquella m\u00e1xima salinista, \u201cni los veo ni los oigo\u201d.<\/p>\n<p><u><a href=\"mailto:morcora@gmail.com\" target=\"_blank\" rel=\"noopener noreferrer\"><em>morcora@gmail.com<\/em><\/a><\/u><\/p>\n","protected":false},"excerpt":{"rendered":"<p><span style=\"color: #005497;\"><strong>Adriana Moreno Cordero<\/strong><\/span><\/p>\n","protected":false},"author":3,"featured_media":0,"comment_status":"open","ping_status":"open","sticky":false,"template":"","format":"standard","meta":{"_monsterinsights_skip_tracking":false,"_monsterinsights_sitenote_active":false,"_monsterinsights_sitenote_note":"","_monsterinsights_sitenote_category":0,"footnotes":""},"categories":[69370],"tags":[69369,69368,43674],"class_list":["post-514534","post","type-post","status-publish","format-standard","hentry","category-adriana-moreno-cordero","tag-adriana-moreno-cordero","tag-la-retaguardia","tag-opinion"],"_links":{"self":[{"href":"https:\/\/www.diarioimagen.net\/index.php?rest_route=\/wp\/v2\/posts\/514534","targetHints":{"allow":["GET"]}}],"collection":[{"href":"https:\/\/www.diarioimagen.net\/index.php?rest_route=\/wp\/v2\/posts"}],"about":[{"href":"https:\/\/www.diarioimagen.net\/index.php?rest_route=\/wp\/v2\/types\/post"}],"author":[{"embeddable":true,"href":"https:\/\/www.diarioimagen.net\/index.php?rest_route=\/wp\/v2\/users\/3"}],"replies":[{"embeddable":true,"href":"https:\/\/www.diarioimagen.net\/index.php?rest_route=%2Fwp%2Fv2%2Fcomments&post=514534"}],"version-history":[{"count":0,"href":"https:\/\/www.diarioimagen.net\/index.php?rest_route=\/wp\/v2\/posts\/514534\/revisions"}],"wp:attachment":[{"href":"https:\/\/www.diarioimagen.net\/index.php?rest_route=%2Fwp%2Fv2%2Fmedia&parent=514534"}],"wp:term":[{"taxonomy":"category","embeddable":true,"href":"https:\/\/www.diarioimagen.net\/index.php?rest_route=%2Fwp%2Fv2%2Fcategories&post=514534"},{"taxonomy":"post_tag","embeddable":true,"href":"https:\/\/www.diarioimagen.net\/index.php?rest_route=%2Fwp%2Fv2%2Ftags&post=514534"}],"curies":[{"name":"wp","href":"https:\/\/api.w.org\/{rel}","templated":true}]}}