{"id":514567,"date":"2021-07-21T00:10:53","date_gmt":"2021-07-21T05:10:53","guid":{"rendered":"https:\/\/www.diarioimagen.net\/?p=514567"},"modified":"2021-07-28T04:33:42","modified_gmt":"2021-07-28T09:33:42","slug":"esperaron-decadas-para-ser-gobernadores","status":"publish","type":"post","link":"https:\/\/www.diarioimagen.net\/?p=514567","title":{"rendered":"Esperaron d\u00e9cadas para ser gobernadores"},"content":{"rendered":"<h2>De frente y de perfil<\/h2>\n<h5>Ram\u00f3n Zurita Sahag\u00fan<\/h5>\n<p>&nbsp;<\/p>\n<p>Tres pol\u00edticos que buscaron en forma incesante gobernar su entidad natal, llegar\u00e1n, por fin, a la meta propuesta, aunque el tr\u00edo rebasa los 70 a\u00f1os de edad.<\/p>\n<p>Se tardaron, pero con base en tes\u00f3n y participar una y otra vez en procesos electorales, los gobernadores de Campeche, Nayarit y Sinaloa se aprestan a gobernar sus respectivos estados.<\/p>\n<p>Una mujer y dos hombres se presentaron cuatro veces, la primera y tres, los segundos en busca de convencer al electorado para que sufragara a su favor, consigui\u00e9ndolo hasta 2021.<\/p>\n<p>Layda Sansores ser\u00e1 la gobernadora con mayor edad cuando asuma la administraci\u00f3n estatal, al contar con 76 a\u00f1os de edad y una larga carrera pol\u00edtica que la llev\u00f3 al Senado en un par de ocasiones y a la C\u00e1mara de Diputados otras veces, adem\u00e1s de ser la primera alcaldesa de \u00c1lvaro Obreg\u00f3n en la CDMX.<\/p>\n<p>Titulada como Psic\u00f3loga por la UNAM, Layda termin\u00f3 con la presencia priista de 92 a\u00f1os en una de las cinco entidades que continuaban siendo reducto priista. Ascender\u00e1 a un estado donde el petr\u00f3leo, la agricultura y el turismo, como actividad econ\u00f3mica prioritaria el petr\u00f3leo Campeche no diversific\u00f3 actividades alternas, ni cuentan con infraestructura para desarrollar otras tareas.<\/p>\n<p>Sinaloa tendr\u00e1 un gobernador que tard\u00f3 35 a\u00f1os en conquistar el respaldo de los ciudadanos y lo alcanz\u00f3 hasta su tercera participaci\u00f3n como candidato. Rub\u00e9n Rocha Moya fungi\u00f3 como rector de la UAS durante un par de per\u00edodos y siempre ha sido un militante de la izquierda. Doctorado en ciencias sociales y senador con licencia, asumir\u00e1 la gubernatura a los 72 a\u00f1os de edad y habiendo desarrollado una prol\u00edfica carrera acad\u00e9mica y vinculaci\u00f3n pol\u00edtica en algunas actividades de gobiernos estatales.<\/p>\n<p>Rocha Moya contendi\u00f3 contra Francisco Labastida Ochoa en el lejano 1986, cuando antes de los 40 a\u00f1os pretendi\u00f3 gobernar esa entidad. Ahora con el respaldo ciudadano logr\u00f3 superar la barrera de los 50 puntos porcentuales de la votaci\u00f3n total y tendr\u00e1 que asumir la administraci\u00f3n en una entidad que aparentemente respira prosperidad. Sinaloa es uno de los estados agr\u00edcolas m\u00e1s pr\u00f3speros del pa\u00eds, aunque su principal problema son los sembrad\u00edos de amapola y mariguana que siguen pululando en diversas partes del estado, as\u00ed como la existencia de grupos delincuenciales, cuyo principal referente es que el dio nombre al C\u00e1rtel de Sinaloa.<\/p>\n<p>Sinaloa se distingue tambi\u00e9n por sus zonas tur\u00edsticas, encabezadas por Mazatl\u00e1n. Su principal problema es la inseguridad y violencia que se vive en varias regiones de la entidad y los comunes que existen en todo el pa\u00eds, la falta de acceso de la poblaci\u00f3n a la seguridad social.<\/p>\n<p>Sinaloa ser\u00e1 gobernada por segunda ocasi\u00f3n por un partido ajeno al PRI.<\/p>\n<p>El tercer pol\u00edtico que asumir\u00e1 pr\u00f3ximamente la gubernatura de su estado, con siete d\u00e9cadas encima es Miguel \u00c1ngel Navarro, un m\u00e9dico que se tard\u00f3 16 a\u00f1os y dos elecciones perdidas, para recibir el respaldo de los ciudadanos de Nayarit.<\/p>\n<p>Navarro era militante del PRI cuando intent\u00f3 por vez primera competir por el gobierno estatal, siendo desplazado por Ney Gonz\u00e1lez, hijo del viejo cacique del estado, Emilio M. Gonz\u00e1lez, por lo que busc\u00f3 la nominaci\u00f3n por otro partido, recibiendo el aval del PRD, con el que perdi\u00f3 su primer intento. En 2016, regres\u00f3 a la contienda abanderando a Morena y volvi\u00f3 a perder, hasta que ahora recibi\u00f3 el abierto respaldo ciudadano.<\/p>\n<p>Nayarit es uno de los estados con mayores posibilidades de crecimiento econ\u00f3mico basado en el turismo, aunque tambi\u00e9n de ah\u00ed derivan varios de sus problemas, ya que esos sitios tienen una gran contaminaci\u00f3n y carecen de servicios b\u00e1sicos en algunas zonas, problemas de medio ambiente e inseguridad tambi\u00e9n resaltan en Nayarit una entidad que ya ha sido gobernada por dos administraciones ajenas al priismo y que fueron encabezadas por padre e hijo, Antonio Echevarr\u00eda Dom\u00ednguez y Antonio Echevarr\u00eda Garc\u00eda, aunque la madre del segundo no pudo seguir los pasos de su ex pareja y de su hijo, ya que Martha Elena Garc\u00eda perdi\u00f3 en las urnas, en su oportunidad.<\/p>\n<p><a href=\"mailto:ramonzurita44@hotmail.com\" target=\"_blank\" rel=\"noopener noreferrer\"><em>ramonzurita44@hotmail.com<\/em><\/a><\/p>\n","protected":false},"excerpt":{"rendered":"<p><span style=\"color: #005497;\"><strong>Ram\u00f3n Zurita Sahag\u00fan<\/strong><\/span><br \/>\n<br \/>\nTres pol\u00edticos que buscaron en forma incesante gobernar su entidad natal, llegar\u00e1n, por fin, a la meta propuesta, aunque el tr\u00edo rebasa los 70 a\u00f1os de edad.\u00a0<\/p>\n","protected":false},"author":3,"featured_media":0,"comment_status":"open","ping_status":"open","sticky":false,"template":"","format":"standard","meta":{"_monsterinsights_skip_tracking":false,"_monsterinsights_sitenote_active":false,"_monsterinsights_sitenote_note":"","_monsterinsights_sitenote_category":0,"footnotes":""},"categories":[234],"tags":[304,43674,43687],"class_list":["post-514567","post","type-post","status-publish","format-standard","hentry","category-ramon-zurita-sahagun","tag-de-frente-y-de-perfil","tag-opinion","tag-ramon-zurita-sahagun"],"_links":{"self":[{"href":"https:\/\/www.diarioimagen.net\/index.php?rest_route=\/wp\/v2\/posts\/514567","targetHints":{"allow":["GET"]}}],"collection":[{"href":"https:\/\/www.diarioimagen.net\/index.php?rest_route=\/wp\/v2\/posts"}],"about":[{"href":"https:\/\/www.diarioimagen.net\/index.php?rest_route=\/wp\/v2\/types\/post"}],"author":[{"embeddable":true,"href":"https:\/\/www.diarioimagen.net\/index.php?rest_route=\/wp\/v2\/users\/3"}],"replies":[{"embeddable":true,"href":"https:\/\/www.diarioimagen.net\/index.php?rest_route=%2Fwp%2Fv2%2Fcomments&post=514567"}],"version-history":[{"count":0,"href":"https:\/\/www.diarioimagen.net\/index.php?rest_route=\/wp\/v2\/posts\/514567\/revisions"}],"wp:attachment":[{"href":"https:\/\/www.diarioimagen.net\/index.php?rest_route=%2Fwp%2Fv2%2Fmedia&parent=514567"}],"wp:term":[{"taxonomy":"category","embeddable":true,"href":"https:\/\/www.diarioimagen.net\/index.php?rest_route=%2Fwp%2Fv2%2Fcategories&post=514567"},{"taxonomy":"post_tag","embeddable":true,"href":"https:\/\/www.diarioimagen.net\/index.php?rest_route=%2Fwp%2Fv2%2Ftags&post=514567"}],"curies":[{"name":"wp","href":"https:\/\/api.w.org\/{rel}","templated":true}]}}