{"id":514575,"date":"2021-07-21T00:08:09","date_gmt":"2021-07-21T05:08:09","guid":{"rendered":"https:\/\/www.diarioimagen.net\/?p=514575"},"modified":"2021-07-21T06:10:37","modified_gmt":"2021-07-21T11:10:37","slug":"periodista-asesinado-5","status":"publish","type":"post","link":"https:\/\/www.diarioimagen.net\/?p=514575","title":{"rendered":"Periodista asesinado"},"content":{"rendered":"<h2>Punto por punto<\/h2>\n<h5>Augusto Corro<\/h5>\n<p>&nbsp;<\/p>\n<p>El periodista y locutor, Abraham Mendoza Mendoza, de 38 a\u00f1os, fue asesinado a balazos a plena luz del d\u00eda en Morelia, Michoac\u00e1n.<\/p>\n<p>El lunes, a las 13.30 horas, el comunicador fue ultimado cuando sal\u00eda de un gimnasio, en la c\u00e9ntrica avenida Madero de la capital michoacana.<\/p>\n<p>Mendoza Mendoza conduc\u00eda un autom\u00f3vil Mercedes Benz A200, color blanco al momento de la agresi\u00f3n. Tambi\u00e9n result\u00f3 herido un vendedor ambulante alcanzado por una bala perdida.<\/p>\n<p>Fueron detenidos tres presuntos responsables del asesinato cuando hu\u00edan en un autom\u00f3vil. Iban armados.<\/p>\n<p>Mendoza Mendoza era periodista y conductor de medios electr\u00f3nicos desde 2002 y condujo hasta mayo del presente a\u00f1o un programa de noticias.<\/p>\n<p>\u00daltimamente laboraba para la estaci\u00f3n Exa FM Morelia. Tambi\u00e9n ten\u00eda a su cargo la Revista Informativa, hasta 2013.<\/p>\n<p>En 2021 van ya 6 periodistas asesinados. En junio mataron a dos comunicadores: Gustavo S\u00e1nchez Cabrera, en Oaxaca, y Enrique Garc\u00eda Garc\u00eda, en el Estado de M\u00e9xico. S\u00e1nchez Cabrera fue asesinado cuando transitaba junto con su hijo por un camino en la poblaci\u00f3n de Morro Mazat\u00e1n, en Santo Domingo Tehuantepec, Oaxaca.<\/p>\n<p>Garc\u00eda Garc\u00eda fue privado de la vida en Metepec, Estado de M\u00e9xico. Estaba herido de muerte en el interior de su auto.<\/p>\n<p style=\"text-align: center;\"><strong>Escenario de violencia<\/strong><\/p>\n<p>Los asesinatos de los periodistas se registraron en diferentes sitios de M\u00e9xico. Durante la espiral de violencia que padece la sociedad mexicana aumentaron la cifra de comunicadores agredidos.<\/p>\n<p>El n\u00famero de v\u00edctimas s\u00f3lo se compara con los cr\u00edmenes que ocurren en pa\u00edses en guerra.<\/p>\n<p>En M\u00e9xico la pr\u00e1ctica del periodismo es peligrosa, principalmente aquellas zonas controladas por la delincuencia organizada.<\/p>\n<p>La muerte de Mendoza Mendoza se dio en uno de los estados m\u00e1s violentos.<\/p>\n<p>En Michoac\u00e1n se viven momentos de angustia e incertidumbre ante la presencia de los c\u00e1rteles de la droga. En la entidad se encuentran zonas en las que el dominio de la delincuencia es total. Las autoridades dejaron de intervenir para llevar la paz.<\/p>\n<p>Por ejemplo, la poblaci\u00f3n de Aguililla, Michoac\u00e1n, vive, desde hace meses, un ambiente de terror constante. Pelean la plaza al menos seis organizaciones criminales, entre otros elementos del C\u00e1rtel Jalisco Nueva Generaci\u00f3n (CJNG) contra los narcos encabezados por Nicol\u00e1s Sierra Santana (a) <em>El Gordo<\/em>, l\u00edder del C\u00e1rtel de Los Viagras.<\/p>\n<p>En fin, se dio cita en esa regi\u00f3n el conglomerado de los c\u00e1rteles de Tepalcatepec, de Los Reyes, de <em>Camale\u00f3n<\/em> y de La Nueva Familia Michoacana.<\/p>\n<p>\u00bfY el gobernador Silvano Aureoles Conejo? Pues el mandatario michoacano se decidi\u00f3 a ir por todos lados a tocar puertas en busca de ayuda.<\/p>\n<p>Que alguien le eche la mano para luchar contra la delincuencia organizada de su estado.<\/p>\n<p>En Palacio Nacional no lo recibieron. Y lo \u00faltimo que se supo fue la noticia de que iba a Washington a quejarse de la participaci\u00f3n del narco en las elecciones para gobernador.<\/p>\n<p style=\"text-align: center;\"><strong>Contra los \u201cdestapes\u201d prematuros<\/strong><\/p>\n<p>Nora Arias, la dirigente del PRD capitalino, manifest\u00f3 que es prematura que, a mitad de sexenio, inicien los \u201cdestapes\u201d y los actos anticipados de campa\u00f1a, pues hacerlo viola la Ley General en Materia de Delitos Electorales.<\/p>\n<p>Dijo tambi\u00e9n que todo actor pol\u00edtico tiene derecho a votar y ser votado, conforme a las leyes en la materia, pero es inadmisible que, a semanas de haberse celebrado la elecci\u00f3n del 6 de junio, haya quienes ya piensan en los comicios de 2024.<\/p>\n<p>Sostuvo que \u201cen la oposici\u00f3n no podemos seguirles el juego a los gobiernos federal y de la Ciudad de M\u00e9xico, quienes han recurrido a la estrategia de la sucesi\u00f3n para distraer la atenci\u00f3n de los problemas m\u00e1s sensibles de la sociedad\u201d.<\/p>\n<p>Finalmente consider\u00f3 que es lamentable que se fomente la \u201cfiebre sucesoria\u2019\u2019, cuando falta mucho por hacer en materia de salud, econom\u00eda y seguridad p\u00fablica.<\/p>\n<p>\u00bfUsted qu\u00e9 opina amable lector?<\/p>\n<p><a href=\"mailto:aco2742@hotmail.com\" target=\"_blank\" rel=\"noopener noreferrer\"><em>aco2742@hotmail.com<\/em><\/a><\/p>\n","protected":false},"excerpt":{"rendered":"<p><span style=\"color: #005497;\"><strong>Augusto Corro<\/strong><\/span><\/p>\n","protected":false},"author":3,"featured_media":0,"comment_status":"open","ping_status":"open","sticky":false,"template":"","format":"standard","meta":{"_monsterinsights_skip_tracking":false,"_monsterinsights_sitenote_active":false,"_monsterinsights_sitenote_note":"","_monsterinsights_sitenote_category":0,"footnotes":""},"categories":[157],"tags":[43686,43674,11515],"class_list":["post-514575","post","type-post","status-publish","format-standard","hentry","category-augusto-corro","tag-augusto-corro","tag-opinion","tag-punto-por-punto"],"_links":{"self":[{"href":"https:\/\/www.diarioimagen.net\/index.php?rest_route=\/wp\/v2\/posts\/514575","targetHints":{"allow":["GET"]}}],"collection":[{"href":"https:\/\/www.diarioimagen.net\/index.php?rest_route=\/wp\/v2\/posts"}],"about":[{"href":"https:\/\/www.diarioimagen.net\/index.php?rest_route=\/wp\/v2\/types\/post"}],"author":[{"embeddable":true,"href":"https:\/\/www.diarioimagen.net\/index.php?rest_route=\/wp\/v2\/users\/3"}],"replies":[{"embeddable":true,"href":"https:\/\/www.diarioimagen.net\/index.php?rest_route=%2Fwp%2Fv2%2Fcomments&post=514575"}],"version-history":[{"count":0,"href":"https:\/\/www.diarioimagen.net\/index.php?rest_route=\/wp\/v2\/posts\/514575\/revisions"}],"wp:attachment":[{"href":"https:\/\/www.diarioimagen.net\/index.php?rest_route=%2Fwp%2Fv2%2Fmedia&parent=514575"}],"wp:term":[{"taxonomy":"category","embeddable":true,"href":"https:\/\/www.diarioimagen.net\/index.php?rest_route=%2Fwp%2Fv2%2Fcategories&post=514575"},{"taxonomy":"post_tag","embeddable":true,"href":"https:\/\/www.diarioimagen.net\/index.php?rest_route=%2Fwp%2Fv2%2Ftags&post=514575"}],"curies":[{"name":"wp","href":"https:\/\/api.w.org\/{rel}","templated":true}]}}