{"id":514629,"date":"2021-07-22T00:13:05","date_gmt":"2021-07-22T05:13:05","guid":{"rendered":"https:\/\/www.diarioimagen.net\/?p=514629"},"modified":"2021-07-23T00:43:08","modified_gmt":"2021-07-23T05:43:08","slug":"colonia-villas-del-mar-en-cancun-epicentro-de-contagios-por-coronavirus","status":"publish","type":"post","link":"https:\/\/www.diarioimagen.net\/?p=514629","title":{"rendered":"Colonia Villas del Mar, en Canc\u00fan, epicentro de contagios por coronavirus"},"content":{"rendered":"<h2>Derecho de r\u00e9plica<\/h2>\n<h5>Jos\u00e9 Luis Monta\u00f1ez<\/h5>\n<p>&nbsp;<\/p>\n<ul>\n<li><strong><em>Detectan 5 casos graves en 10 minutos en hospital del IMSS<\/em><\/strong><\/li>\n<\/ul>\n<p>&nbsp;<\/p>\n<div id=\"attachment_514680\" style=\"width: 470px\" class=\"wp-caption aligncenter\"><a href=\"https:\/\/www.diarioimagen.net\/?attachment_id=514680\" rel=\"attachment wp-att-514680\"><img loading=\"lazy\" decoding=\"async\" aria-describedby=\"caption-attachment-514680\" class=\"size-full wp-image-514680\" src=\"https:\/\/www.diarioimagen.net\/wp-content\/uploads\/2021\/07\/derecho-3.jpg\" alt=\"\" width=\"460\" height=\"270\" \/><\/a><p id=\"caption-attachment-514680\" class=\"wp-caption-text\">Con 24 casos activos, Villas del Mar, en Canc\u00fan, es la colonia que encabeza el ranking estatal con m\u00e1s pacientes Covid-19.<\/p><\/div>\n<p>&nbsp;<\/p>\n<p>En medio de esta nueva ola de contagios, es Benito Ju\u00e1rez (Canc\u00fan), uno de los municipios m\u00e1s afectados, por su alto flujo de turistas, m\u00e1s ahora que se enfrenta la temporada vacacional de verano en el marco del sem\u00e1foro naranja y con el reporte de hasta m\u00e1s de 400 nuevos contagios cada 24 horas.<\/p>\n<p>En este escenario, con 24 casos activos, Villas del Mar, en esta ciudad, es la colonia que encabeza el ranking estatal con m\u00e1s pacientes Covid-19, seg\u00fan inform\u00f3 el gobernador Carlos Joaqu\u00edn Gonz\u00e1lez en el reporte m\u00e1s reciente, por lo que hizo un llamado a seguir los protocolos necesarios para revertir la situaci\u00f3n, no s\u00f3lo en este punto, sino en todo el territorio quintanarroense.<\/p>\n<p>En la actualizaci\u00f3n del listado de los puntos m\u00e1s \u00e1lgidos en el tenor de los casos activos de la enfermedad, nuevamente aparece dicha colonia cancunense, que una semana antes tambi\u00e9n lider\u00f3 el puntaje, con 13 casos, es decir, que ya completaron una quincena, sin poder salir de ese ranking y no s\u00f3lo eso, sino que ahora lo hacen con casi el doble de pacientes enfermos.<\/p>\n<p>El segundo lugar es ocupado por la colonia Luis Donaldo Colosio, de Playa del Carmen, con 17 contagios; seguida de la Adolfo L\u00f3pez Mateos, en Chetumal, con 15; asimismo, las colonias 20 de Noviembre, en Chetumal; y Villas del Sol, en Playa del Carmen, mantienen 14 casos activos cada una, cabe recalcar que en todos los puntos, los casos han ido al alza de una semana a otra.<\/p>\n<p>Por otra parte, la colonia Emiliano Zapata, en Cozumel, y Proterritorio, en Chetumal, con 13 pacientes cada una, se ubican en el n\u00famero seis y siete respectivamente. Mientras que el centro de Kantunilk\u00edn, en L\u00e1zaro C\u00e1rdenas, tiene 11 casos activos, Paseos del Mar en Canc\u00fan tiene 10 y el \u00faltimo puesto corresponde al centro de Chetumal, en Oth\u00f3n P. Blanco, con nueve pacientes activos con coronavirus.<\/p>\n<p>Seg\u00fan el gobernador Carlos Joaqu\u00edn Gonz\u00e1lez, el conteo corresponde a la semana del 11 al 17 de julio.<\/p>\n<p style=\"text-align: center;\"><strong>Hay m\u00e1s de 3 mil pacientes en aislamiento<\/strong><\/p>\n<p>Por su parte, la Secretar\u00eda de Salud estatal (Sesa) dio a conocer que hay m\u00e1s de 3 mil personas en aislamiento social por coronavirus, de las que poco m\u00e1s de 300 se encuentran hospitalizadas, es decir, que por la gravedad de sus s\u00edntomas requieren atenci\u00f3n constante de personal profesional y capacitado para resolver una emergencia o crisis respiratoria.<\/p>\n<p>Con base en los \u00faltimos comunicados t\u00e9cnicos de la dependencia estatal, la velocidad de crecimiento del virus, as\u00ed como la ocupaci\u00f3n hospitalaria, se mantuvieron en el mismo nivel del lunes 19 al martes 20 de julio, no obstante, en durante su mensaje, el Ejecutivo quintanarroense, advirti\u00f3 que debido a la presencia de nuevas cepas y movilidad del virus, una sola persona podr\u00eda contagiar a otras 64.<\/p>\n<p>\u201cPor eso hay n\u00fameros tan fuertes en el n\u00famero de contagios, porque las nuevas cepas son m\u00e1s f\u00e1ciles de propagar\u201d. En ese marco, hizo un llamado a la poblaci\u00f3n en general a que se apeguen a los protocolos de salud ahora m\u00e1s que nunca, pues de lo contrario la temporada vacacional de verano cobrar\u00e1 una factura muy cara al estado, en cuesti\u00f3n de contagios, hospitalizaciones y muertes.<\/p>\n<p style=\"text-align: center;\"><strong>Van 3 meses con reportes de entre 100<br \/>\ny m\u00e1s de 400 casos diarios en el estado<\/strong><\/p>\n<p>Peligrosamente, los contagios a Covid-19 contin\u00faan con cifras exageradas en Quintana Roo durante esta tercera ola y es que cuando las autoridades han reforzado los protocolos de seguridad sanitaria, tanto los due\u00f1os de negocios, como turistas y los mismos habitantes se han dedicado a pasarlas por alto, asimismo; se ha apostado a nivel nacional por la vacunaci\u00f3n masiva para combatir la pandemia, sin embargo, hay que recordar que aun estando vacunados se deben seguir las normas de salud al pie de la letra, pues de lo contrario no estamos exentos de un contagio, incluso grave.<\/p>\n<p>Al menos en Quintana Roo, ya se han cumplido m\u00e1s de tres meses con reportes de entre 100 y m\u00e1s de 400 contagios diarios, que si bien, al principio se trataba de casos no graves, poco a poco han comenzado a incrementar los enfermos que necesitan hospitalizaci\u00f3n y no s\u00f3lo eso, sino que muchos ya han tenido que ser intubados. Lo alarmante de la situaci\u00f3n es que ahora no se trata de adultos mayores, sino que las afectaciones se han ensa\u00f1ado con j\u00f3venes de entre 20 y 39 a\u00f1os, asimismo, algunos menores de edad, de los cuales uno de 11 a\u00f1os falleci\u00f3 recientemente en el hospital general de Chetumal.<\/p>\n<p>En este marco, debemos entender que nadie est\u00e1 exento de la enfermedad, ni siquiera con el avance de la vacunaci\u00f3n en el mundo y que los protocolos de prevenci\u00f3n frente a la Covid-19 llegaron para quedarse, tales como el uso del cubrebocas, la sana distancia, el higiene constante, tanto personal, como de los espacios p\u00fablicos y algo muy importante, evitar aglomeraciones, puesto que es en ese entorno, cuando m\u00e1s peligro hay de contagiarse.<\/p>\n<p>Y para quienes a\u00fan dudan que exista la Covid-19 o que son renuentes a aplicarse la vacuna (por incre\u00edble que parezca, hay quienes no quieren vacunarse), hay que recordarles que se trata de una emergencia mundial que ha acabado con millones de vidas en el mundo, es una cuesti\u00f3n de responsabilidad social, \u00e9tica y humanitaria el sumarse a las acciones para contener el virus.<\/p>\n<p>Si alguna duda les queda, de la gravedad de la tercera ola de coronavirus en el mundo, tan s\u00f3lo en Canc\u00fan, se han llegado a reportar hasta 5 casos graves de la enfermedad, pues en apenas 10 minutos, como en el \u00e1rea de Urgencias de Enfermedades Respiratorias del IMSS de la Regi\u00f3n 510 de Canc\u00fan, hasta donde arribaron cinco personas con s\u00edntomas cr\u00edticos de coronavirus en ese periodo de tiempo, de nuevo se confirm\u00f3 que los j\u00f3venes son quienes est\u00e1n sufriendo m\u00e1s estragos, pues del total de esos casos, s\u00f3lo uno era una persona de la tercera edad y los cuatro restantes eran hombres entre los 25 a 39 a\u00f1os.<\/p>\n<p>Algo que debemos recalcar es que, lamentablemente, el segmento de poblaci\u00f3n entre los 30 y 39 a\u00f1os, fue de los que menos acudieron a la campa\u00f1a de vacunaci\u00f3n anti-Covid en los diversos destinos de Quintana Roo. Incluso se debieron extender las jornadas de vacunaci\u00f3n invitando a la poblaci\u00f3n en ese marco de edades a que no dejaran pasar la oportunidad de inmunizarse, sin embargo, no todos acudieron al llamado, argumentando que el virus no existe y muchas otras teor\u00edas conspirativas.<\/p>\n<p>Cabe mencionar, que la imprudencia de las personas que no han querido vacunarse, se refleja en m\u00e1s contagios, incluso entre sus familiares, tanto adultos mayores como ni\u00f1os, pues \u00e9stos \u00faltimos est\u00e1n registrando hospitalizaci\u00f3n a causa de las nuevas cepas de Covid.<\/p>\n<p>Recordemos que por ahora es la variante Gamma, la que predomina en Quintana Roo, aunque tambi\u00e9n ya se han confirmado casos de Delta, una de las m\u00e1s peligrosas por su facilidad y rapidez de propagaci\u00f3n.<\/p>\n<p style=\"text-align: center;\"><strong>Arranca vacunaci\u00f3n para personas de 18 a 29 a\u00f1os<\/strong><\/p>\n<p>Para revertir la situaci\u00f3n tan cr\u00edtica que se vive de nuevos contagios, est\u00e1n priorizando la vacunaci\u00f3n en Quintana Roo, tan es as\u00ed, que mientras en otros estados apenas comienzan con la inmunizaci\u00f3n de los <em>millennials<\/em>, es decir personas entre 30 y 39 a\u00f1os; en el Caribe mexicano, ayer 21 julio ya iniciaron con la vacunaci\u00f3n contra el coronavirus para los mayores de 18 y hasta los 29 a\u00f1os, quienes reciben la primera dosis de AstraZeneca.<\/p>\n<p>La jornada de vacunaci\u00f3n en Benito Ju\u00e1rez\u00a0 (Canc\u00fan) contar\u00e1 con cinco m\u00f3dulos disponibles, seg\u00fan la confirmaci\u00f3n en redes sociales, de Alejandra Aguirre, secretaria de Salud del estado de Quintana Roo, donde explic\u00f3 los horarios y lugar de vacunaci\u00f3n para cada persona seg\u00fan su apellido.<\/p>\n<p>De tal manera, que la inoculaci\u00f3n para la generaci\u00f3n z y millennials se realizar\u00e1 en el horario de las 8:00 de la ma\u00f1ana a 6:00 de la tarde.<\/p>\n<p>Los m\u00f3dulos son: Domo regi\u00f3n 94 (DIF), domo regi\u00f3n 96 (CFE), domo Jacinto Canek, domo \u201cToro Valenzuela\u201d y en el Hospital General Jes\u00fas Kumate Rodr\u00edguez.<\/p>\n<p>Las fechas de aplicaci\u00f3n son las siguientes:<\/p>\n<p><strong>Semana 1<\/strong><\/p>\n<p>\u00ac Jueves 22 de julio: apellido con la letra C.<br \/>\n\u00ac Viernes 23 de julio: apellidos D, E, y F.<\/p>\n<p><strong>Semana 2<\/strong><\/p>\n<p>\u00ac Lunes 26 de julio: apellidos G, H e I.<br \/>\n\u00ac Martes 27 de julio: apellidos J, K y L.<br \/>\n\u00ac Mi\u00e9rcoles 29 de julio: apellidos M, N y \u00d1.<br \/>\n\u00ac Jueves 30 de julio: R y S.<\/p>\n<p><strong>Semana 3<\/strong><\/p>\n<p>\u00ac Lunes 2 de agosto: apellidos T, U y V.<br \/>\n\u00ac Martes 3 de agosto: Apellidos W, X, Y, Z.<br \/>\n\u00ac Mi\u00e9rcoles 4 de agosto: Rezagos 18 a\u00f1os y m\u00e1s.<\/p>\n<p>Mientras que los requisitos que deben presentar para recibir la vacuna, al acudir al m\u00f3dulo son: Identificaci\u00f3n oficial, expediente de Vacunaci\u00f3n con c\u00f3digo QR, generado en la p\u00e1gina , una copia del CURP (Copia) y el comprobante de domicilio.<\/p>\n<p><em>Escr\u00edbame a mi mail: <\/em><em><a href=\"mailto:montanezaguilar@gmail.com\" target=\"_blank\" rel=\"noopener noreferrer\">montanezaguilar@gmail.com<\/a><\/em><\/p>\n","protected":false},"excerpt":{"rendered":"<p><span style=\"color: #005497;\"><strong>Jos\u00e9 Luis Monta\u00f1ez<\/strong><\/span><br \/>\n<br \/>\nEn medio de esta nueva ola de contagios, es Benito Ju\u00e1rez (Canc\u00fan), uno de los municipios m\u00e1s afectados, por su alto flujo de turistas, m\u00e1s ahora que se enfrenta la temporada vacacional de verano en el marco del sem\u00e1foro naranja y con el reporte de hasta m\u00e1s de 400 nuevos contagios cada 24 horas.<\/p>\n","protected":false},"author":3,"featured_media":514680,"comment_status":"open","ping_status":"open","sticky":false,"template":"","format":"standard","meta":{"_monsterinsights_skip_tracking":false,"_monsterinsights_sitenote_active":false,"_monsterinsights_sitenote_note":"","_monsterinsights_sitenote_category":0,"footnotes":""},"categories":[11622,25512],"tags":[47840,54579,43674],"class_list":["post-514629","post","type-post","status-publish","format-standard","has-post-thumbnail","hentry","category-jose-luis-montanez-aguilar","category-nacional-nacional","tag-derecho-de-replica","tag-jose-luis-montanez","tag-opinion"],"_links":{"self":[{"href":"https:\/\/www.diarioimagen.net\/index.php?rest_route=\/wp\/v2\/posts\/514629","targetHints":{"allow":["GET"]}}],"collection":[{"href":"https:\/\/www.diarioimagen.net\/index.php?rest_route=\/wp\/v2\/posts"}],"about":[{"href":"https:\/\/www.diarioimagen.net\/index.php?rest_route=\/wp\/v2\/types\/post"}],"author":[{"embeddable":true,"href":"https:\/\/www.diarioimagen.net\/index.php?rest_route=\/wp\/v2\/users\/3"}],"replies":[{"embeddable":true,"href":"https:\/\/www.diarioimagen.net\/index.php?rest_route=%2Fwp%2Fv2%2Fcomments&post=514629"}],"version-history":[{"count":0,"href":"https:\/\/www.diarioimagen.net\/index.php?rest_route=\/wp\/v2\/posts\/514629\/revisions"}],"wp:featuredmedia":[{"embeddable":true,"href":"https:\/\/www.diarioimagen.net\/index.php?rest_route=\/wp\/v2\/media\/514680"}],"wp:attachment":[{"href":"https:\/\/www.diarioimagen.net\/index.php?rest_route=%2Fwp%2Fv2%2Fmedia&parent=514629"}],"wp:term":[{"taxonomy":"category","embeddable":true,"href":"https:\/\/www.diarioimagen.net\/index.php?rest_route=%2Fwp%2Fv2%2Fcategories&post=514629"},{"taxonomy":"post_tag","embeddable":true,"href":"https:\/\/www.diarioimagen.net\/index.php?rest_route=%2Fwp%2Fv2%2Ftags&post=514629"}],"curies":[{"name":"wp","href":"https:\/\/api.w.org\/{rel}","templated":true}]}}