{"id":514664,"date":"2021-07-22T00:02:46","date_gmt":"2021-07-22T05:02:46","guid":{"rendered":"https:\/\/www.diarioimagen.net\/?p=514664"},"modified":"2021-07-22T06:35:57","modified_gmt":"2021-07-22T11:35:57","slug":"gobierno-de-san-mateo-atenco-entrega-unidad-y-equipo-de-rescate-a-proteccion-civil-y-bomberos","status":"publish","type":"post","link":"https:\/\/www.diarioimagen.net\/?p=514664","title":{"rendered":"Gobierno de San Mateo Atenco entrega unidad\u00a0y equipo de rescate a Protecci\u00f3n Civil y Bomberos"},"content":{"rendered":"<p>&nbsp;<\/p>\n<ul>\n<li><strong><em>Reconocimiento al personal por su labor<\/em><\/strong><\/li>\n<\/ul>\n<p>&nbsp;<\/p>\n<div id=\"attachment_514740\" style=\"width: 470px\" class=\"wp-caption aligncenter\"><a href=\"https:\/\/www.diarioimagen.net\/?attachment_id=514740\" rel=\"attachment wp-att-514740\"><img loading=\"lazy\" decoding=\"async\" aria-describedby=\"caption-attachment-514740\" class=\"size-full wp-image-514740\" src=\"https:\/\/www.diarioimagen.net\/wp-content\/uploads\/2021\/07\/san-mateo-1.jpg\" alt=\"\" width=\"460\" height=\"270\" \/><\/a><p id=\"caption-attachment-514740\" class=\"wp-caption-text\">El alcalde de San Mateo Atenco dot\u00f3 de una unidad de ataque r\u00e1pido, equipo y uniformes a la Coordinaci\u00f3n de Protecci\u00f3n Civil y Bomberos.<\/p><\/div>\n<p>&nbsp;<\/p>\n<p>San Mateo Atenco, Estado de M\u00e9xico.- Con una inversi\u00f3n superior a los dos millones de pesos y en presencia del representante del gobernador del Estado de M\u00e9xico, el alcalde de San Mateo Atenco dot\u00f3 de una unidad de ataque r\u00e1pido, equipo y uniformes a la Coordinaci\u00f3n de Protecci\u00f3n Civil y Bomberos, con el objetivo de mejorar las actividades de rescate y salvar m\u00e1s vidas en caso de siniestros dentro y fuera de territorio municipal.<\/p>\n<p>El coordinador de Protecci\u00f3n Civil y Cuerpo de Bomberos, asegur\u00f3 que la unidad de ataque r\u00e1pido, mejorar\u00e1 los trabajos necesarios en los accidentes de tr\u00e1fico, derrumbes y el rescate de altura y que ser\u00e1 de gran ayuda en los trabajos de esta direcci\u00f3n, que no solo trabaja en el municipio, sino en coordinaci\u00f3n con municipios aleda\u00f1os en emergencias.<\/p>\n<p>En cuanto al equipamiento de rescate, el edil hizo entrega de un set hidr\u00e1ulico que const\u00f3 de un separador para crear espacio sin esfuerzo y una cizalla dise\u00f1ada para cortar material duro de forma precisa, ambas eficientando el rescate de personas, adem\u00e1s de uniformes para los integrantes de dicha coordinaci\u00f3n.<\/p>\n<p>El alcalde expres\u00f3 el respeto y agradecimiento a todo el personal por el trabajo realizado especialmente en esta pandemia y se comprometi\u00f3 a seguir dignificando la labor de los elementos de protecci\u00f3n civil, el cuerpo de bomberos, rescatistas y param\u00e9dicos a quienes dentro de su administraci\u00f3n entreg\u00f3 una estaci\u00f3n de bomberos y sum\u00f3 con gesti\u00f3n y una buena administraci\u00f3n de los recursos, una flotilla de veh\u00edculos de emergencia para el apoyo a la comunidad.<\/p>\n<p>Destac\u00f3, que seguir\u00e1 trabajando hasta el \u00faltimo d\u00eda de su encomienda con los atenquenses, asegurando que \u201cla \u00fanica forma de dar resultados es con hechos\u201d.<\/p>\n","protected":false},"excerpt":{"rendered":"<p>Con una inversi\u00f3n superior a los dos millones de pesos y en presencia del representante del gobernador del Estado de M\u00e9xico, el alcalde de San Mateo Atenco dot\u00f3 de una unidad de ataque r\u00e1pido, equipo y uniformes a la Coordinaci\u00f3n de Protecci\u00f3n Civil y Bomberos, con el objetivo de mejorar las actividades de rescate y salvar m\u00e1s vidas en caso de siniestros dentro y fuera de territorio municipal.<\/p>\n","protected":false},"author":3,"featured_media":514740,"comment_status":"open","ping_status":"open","sticky":false,"template":"","format":"standard","meta":{"_monsterinsights_skip_tracking":false,"_monsterinsights_sitenote_active":false,"_monsterinsights_sitenote_note":"","_monsterinsights_sitenote_category":0,"footnotes":""},"categories":[5],"tags":[43675,6776],"class_list":["post-514664","post","type-post","status-publish","format-standard","has-post-thumbnail","hentry","category-estado-de-mexico","tag-estado-de-mexico","tag-san-mateo-atenco"],"_links":{"self":[{"href":"https:\/\/www.diarioimagen.net\/index.php?rest_route=\/wp\/v2\/posts\/514664","targetHints":{"allow":["GET"]}}],"collection":[{"href":"https:\/\/www.diarioimagen.net\/index.php?rest_route=\/wp\/v2\/posts"}],"about":[{"href":"https:\/\/www.diarioimagen.net\/index.php?rest_route=\/wp\/v2\/types\/post"}],"author":[{"embeddable":true,"href":"https:\/\/www.diarioimagen.net\/index.php?rest_route=\/wp\/v2\/users\/3"}],"replies":[{"embeddable":true,"href":"https:\/\/www.diarioimagen.net\/index.php?rest_route=%2Fwp%2Fv2%2Fcomments&post=514664"}],"version-history":[{"count":0,"href":"https:\/\/www.diarioimagen.net\/index.php?rest_route=\/wp\/v2\/posts\/514664\/revisions"}],"wp:featuredmedia":[{"embeddable":true,"href":"https:\/\/www.diarioimagen.net\/index.php?rest_route=\/wp\/v2\/media\/514740"}],"wp:attachment":[{"href":"https:\/\/www.diarioimagen.net\/index.php?rest_route=%2Fwp%2Fv2%2Fmedia&parent=514664"}],"wp:term":[{"taxonomy":"category","embeddable":true,"href":"https:\/\/www.diarioimagen.net\/index.php?rest_route=%2Fwp%2Fv2%2Fcategories&post=514664"},{"taxonomy":"post_tag","embeddable":true,"href":"https:\/\/www.diarioimagen.net\/index.php?rest_route=%2Fwp%2Fv2%2Ftags&post=514664"}],"curies":[{"name":"wp","href":"https:\/\/api.w.org\/{rel}","templated":true}]}}