{"id":514778,"date":"2021-07-23T00:05:30","date_gmt":"2021-07-23T05:05:30","guid":{"rendered":"https:\/\/www.diarioimagen.net\/?p=514778"},"modified":"2021-07-26T00:33:35","modified_gmt":"2021-07-26T05:33:35","slug":"la-pandemia-marcara-a-los-juegos-olimpicos-de-tokio-margarita-hernandez","status":"publish","type":"post","link":"https:\/\/www.diarioimagen.net\/?p=514778","title":{"rendered":"La pandemia marcar\u00e1 a los Juegos Ol\u00edmpicos de Tokio: Margarita Hern\u00e1ndez"},"content":{"rendered":"<p><em>\u00a0<\/em><\/p>\n<ul>\n<li><strong><em>La atleta de la Universidad Aut\u00f3noma del Estado de M\u00e9xico afirm\u00f3 que \u201cde M\u00e9xico se puede esperar siempre lo mejor en los Juegos Ol\u00edmpicos\u201d<\/em><\/strong><\/li>\n<\/ul>\n<p>&nbsp;<\/p>\n<div id=\"attachment_514868\" style=\"width: 470px\" class=\"wp-caption aligncenter\"><a href=\"https:\/\/www.diarioimagen.net\/?attachment_id=514868\" rel=\"attachment wp-att-514868\"><img loading=\"lazy\" decoding=\"async\" aria-describedby=\"caption-attachment-514868\" class=\"size-full wp-image-514868\" src=\"https:\/\/www.diarioimagen.net\/wp-content\/uploads\/2021\/07\/uaem-10.jpg\" alt=\"\" width=\"460\" height=\"270\" \/><\/a><p id=\"caption-attachment-514868\" class=\"wp-caption-text\">Margarita Hern\u00e1ndez form\u00f3 parte de la delegaci\u00f3n mexicana en los Juegos Ol\u00edmpicos de R\u00edo de Janeiro, en el a\u00f1o 2016, en la disciplina de atletismo, como corredora de fondo<\/p><\/div>\n<p>&nbsp;<\/p>\n<p><strong>Toluca, Estado de M\u00e9xico.\u2013 <\/strong>La pandemia marcar\u00e1 los Juegos Ol\u00edmpicos que se desarrollar\u00e1n este a\u00f1o en Tokio, Jap\u00f3n ya que se realizar\u00e1n sin p\u00fablico y las delegaciones deber\u00e1n mantener en todo momento las medidas sanitarias pertinentes, destac\u00f3 la atleta de la Universidad Aut\u00f3noma del Estado de M\u00e9xico, Margarita Hern\u00e1ndez Flores.<\/p>\n<p>Recordemos que Hern\u00e1ndez Flores form\u00f3 parte de la delegaci\u00f3n mexicana en los Juegos Ol\u00edmpicos de R\u00edo de Janeiro, en el a\u00f1o 2016, en la disciplina de atletismo, como corredora de fondo, con su entrenador, el tambi\u00e9n profesor de la Universidad Estatal, Jos\u00e9 Socorro Neri Valenzuela.<\/p>\n<p>\u201cDe M\u00e9xico se puede esperar siempre lo mejor en los Juegos Ol\u00edmpicos. Debemos tener la mentalidad de que vamos a dar siempre lo mejor, no nos quedamos con nada\u201d, manifest\u00f3 la deportista universitaria.<\/p>\n<p>En esta ocasi\u00f3n, precis\u00f3, debido a la pandemia de la Covid-19, no se podr\u00e1 contar con p\u00fablico en las tribunas. \u201cSiempre es bonito correr con p\u00fablico, porque pone el ambiente, pero que no influye en el resultado final. Los espectadores siempre son importantes. Es bonito correr y verlos en las tribunas; sin embargo, no determinan el resultado\u201d, detall\u00f3.<\/p>\n<p>Coment\u00f3 que en torno a la disciplina del atletismo, se estima que los deportistas nacionales obtengan varias medallas en los Juegos Ol\u00edmpicos de Tokio.<\/p>\n<p>La atleta universitaria envi\u00f3 un mensaje a la delegaci\u00f3n mexicana en los Juegos Ol\u00edmpicos de Tokio. \u201cDisfr\u00fatenlo, cu\u00eddense, respeten todas las medidas sanitarias. Vayan comprometidos y por los buenos resultados. Les mando buenas vibras\u201d.<\/p>\n<p>La justa iniciar\u00e1 este 23 de julio y concluir\u00e1 el 8 de agosto. M\u00e9xico participar\u00e1 con un contingente de 162 deportistas, 97 hombres y 65 mujeres.<\/p>\n<p>Competir\u00e1n en las disciplinas de atletismo, b\u00e1dminton, beisbol, softbol, boxeo, canotaje, ciclismo, ecuestre, esgrima, futbol, gimnasia art\u00edstica, golf, judo, levantamiento de pesas, lucha, nataci\u00f3n, nataci\u00f3n aguas abiertas, clavados, nataci\u00f3n art\u00edstica, pentatl\u00f3n moderno, remo, tae kwon do, tiro, tiro con arco, triatl\u00f3n, vela y voleibol de playa.<\/p>\n<p>Margarita Hern\u00e1ndez Flores ha participado, entre otros eventos, en universiadas nacionales, en campeonatos nacionales de campo traviesa, en el Campeonato Nacional de Atletismo y en los XXII Juegos Centroamericanos y del Caribe realizados en 2014 en Veracruz, donde gan\u00f3 medalla de oro en el marat\u00f3n femenil y rompi\u00f3 r\u00e9cord centroamericano, con un tiempo de 2.41.16, marca que ten\u00eda cerca de 20 a\u00f1os de no romperse.<\/p>\n","protected":false},"excerpt":{"rendered":"<p>La pandemia marcar\u00e1 los Juegos Ol\u00edmpicos que se desarrollar\u00e1n este a\u00f1o en Tokio, Jap\u00f3n ya que se realizar\u00e1n sin p\u00fablico y las delegaciones deber\u00e1n mantener en todo momento las medidas sanitarias pertinentes, destac\u00f3 la atleta de la Universidad Aut\u00f3noma del Estado de M\u00e9xico, Margarita Hern\u00e1ndez Flores.<\/p>\n","protected":false},"author":3,"featured_media":514868,"comment_status":"open","ping_status":"open","sticky":false,"template":"","format":"standard","meta":{"_monsterinsights_skip_tracking":false,"_monsterinsights_sitenote_active":false,"_monsterinsights_sitenote_note":"","_monsterinsights_sitenote_category":0,"footnotes":""},"categories":[5],"tags":[43675,93382,452],"class_list":["post-514778","post","type-post","status-publish","format-standard","has-post-thumbnail","hentry","category-estado-de-mexico","tag-estado-de-mexico","tag-juegos-olimpicos-de-tokio","tag-toluca"],"_links":{"self":[{"href":"https:\/\/www.diarioimagen.net\/index.php?rest_route=\/wp\/v2\/posts\/514778","targetHints":{"allow":["GET"]}}],"collection":[{"href":"https:\/\/www.diarioimagen.net\/index.php?rest_route=\/wp\/v2\/posts"}],"about":[{"href":"https:\/\/www.diarioimagen.net\/index.php?rest_route=\/wp\/v2\/types\/post"}],"author":[{"embeddable":true,"href":"https:\/\/www.diarioimagen.net\/index.php?rest_route=\/wp\/v2\/users\/3"}],"replies":[{"embeddable":true,"href":"https:\/\/www.diarioimagen.net\/index.php?rest_route=%2Fwp%2Fv2%2Fcomments&post=514778"}],"version-history":[{"count":0,"href":"https:\/\/www.diarioimagen.net\/index.php?rest_route=\/wp\/v2\/posts\/514778\/revisions"}],"wp:featuredmedia":[{"embeddable":true,"href":"https:\/\/www.diarioimagen.net\/index.php?rest_route=\/wp\/v2\/media\/514868"}],"wp:attachment":[{"href":"https:\/\/www.diarioimagen.net\/index.php?rest_route=%2Fwp%2Fv2%2Fmedia&parent=514778"}],"wp:term":[{"taxonomy":"category","embeddable":true,"href":"https:\/\/www.diarioimagen.net\/index.php?rest_route=%2Fwp%2Fv2%2Fcategories&post=514778"},{"taxonomy":"post_tag","embeddable":true,"href":"https:\/\/www.diarioimagen.net\/index.php?rest_route=%2Fwp%2Fv2%2Ftags&post=514778"}],"curies":[{"name":"wp","href":"https:\/\/api.w.org\/{rel}","templated":true}]}}