{"id":514788,"date":"2021-07-23T00:04:14","date_gmt":"2021-07-23T05:04:14","guid":{"rendered":"https:\/\/www.diarioimagen.net\/?p=514788"},"modified":"2021-07-23T05:01:41","modified_gmt":"2021-07-23T10:01:41","slug":"inicia-vacunacion-anti-coronavirus-para-personas-de-30-a-39-anos-en-cuautitlan","status":"publish","type":"post","link":"https:\/\/www.diarioimagen.net\/?p=514788","title":{"rendered":"Inicia vacunaci\u00f3n anti-coronavirus para personas de 30 a 39 a\u00f1os, en Cuautitl\u00e1n"},"content":{"rendered":"<p>&nbsp;<\/p>\n<ul>\n<li><strong><em>En las instalaciones de la FES<\/em><\/strong><\/li>\n<\/ul>\n<p>&nbsp;<\/p>\n<div id=\"attachment_514879\" style=\"width: 470px\" class=\"wp-caption aligncenter\"><a href=\"https:\/\/www.diarioimagen.net\/?attachment_id=514879\" rel=\"attachment wp-att-514879\"><img loading=\"lazy\" decoding=\"async\" aria-describedby=\"caption-attachment-514879\" class=\"size-full wp-image-514879\" src=\"https:\/\/www.diarioimagen.net\/wp-content\/uploads\/2021\/07\/cuautitlan-7.jpg\" alt=\"\" width=\"460\" height=\"270\" \/><\/a><p id=\"caption-attachment-514879\" class=\"wp-caption-text\">La vacunaci\u00f3n se realizar\u00e1 en las instalaciones de la Facultad de Estudios Superiores Cuautitl\u00e1n, UNAM Campo 4, ubicadas sobre la carretera Cuautitl\u00e1n-Teoloyucan.<\/p><\/div>\n<p>&nbsp;<\/p>\n<p><strong>Cuautitl\u00e1n, Estado de M\u00e9xico<\/strong>.- Las autoridades de salud dieron a conocer el calendario de vacunaci\u00f3n contra Covid-19 para adultos de 30 a 39 a\u00f1os, residentes del municipio de Cuautitl\u00e1n de acuerdo al Plan Nacional de Vacunaci\u00f3n que se realiza en todo el pa\u00eds.<\/p>\n<p>De forma programada se realizar\u00e1 en las instalaciones de la Facultad de Estudios Superiores Cuautitl\u00e1n, UNAM Campo 4, ubicadas sobre la carretera Cuautitl\u00e1n-Teoloyucan, donde acudir\u00e1n las personas conforme a las iniciales de su apellido paterno y siguiendo las medidas sanitarias correspondientes.<\/p>\n<p>Las personas cuyo apellido comience de la letra A a la E deber\u00e1n acudir este jueves 22 de julio; de la letra F a la K, el d\u00eda viernes 23; de la L a la Q, el s\u00e1bado 24 y de la R a la Z el domingo 25, en un horario de 09:00 a las 17:00 horas.\u00a0 Los interesados deber\u00e1n llevar el formulario de vacunaci\u00f3n (llenarlo con tinta azul), y lo pueden descargar de la p\u00e1gina oficial: www.mivacuna.salud.gob.mx, una identificaci\u00f3n INE y CURP.<\/p>\n<p>En veh\u00edculo podr\u00e1n accesar sobre la avenida Jes\u00fas Jim\u00e9nez Gallardo y a pie sobre el acceso peatonal (bah\u00eda de autobuses) sobre la carretera Cuautitl\u00e1n-Teoloyucan. En caso de necesitar alg\u00fan apoyo podr\u00e1n acudir con acompa\u00f1ante para facilitar su movilidad dentro del recinto.<\/p>\n<p>Para las personas que acudir\u00e1n se recomienda asistir desayunado y bien hidratado, si toma medicamentos, realizarlo en su horario habitual, acudir con cubre bocas y careta; las\u00a0 autoridades de salud informaron que se cuenta con las dosis suficientes, por lo que no es necesario realizar filas durante la noche previa, ni aglomeraciones durante la jornada.<\/p>\n","protected":false},"excerpt":{"rendered":"<p>Las autoridades de salud dieron a conocer el calendario de vacunaci\u00f3n contra Covid-19 para adultos de 30 a 39 a\u00f1os, residentes del municipio de Cuautitl\u00e1n de acuerdo al Plan Nacional de Vacunaci\u00f3n que se realiza en todo el pa\u00eds.<\/p>\n","protected":false},"author":3,"featured_media":514879,"comment_status":"open","ping_status":"open","sticky":false,"template":"","format":"standard","meta":{"_monsterinsights_skip_tracking":false,"_monsterinsights_sitenote_active":false,"_monsterinsights_sitenote_note":"","_monsterinsights_sitenote_category":0,"footnotes":""},"categories":[5],"tags":[681,43675,2643],"class_list":["post-514788","post","type-post","status-publish","format-standard","has-post-thumbnail","hentry","category-estado-de-mexico","tag-cuautitlan","tag-estado-de-mexico","tag-vacunacion"],"_links":{"self":[{"href":"https:\/\/www.diarioimagen.net\/index.php?rest_route=\/wp\/v2\/posts\/514788","targetHints":{"allow":["GET"]}}],"collection":[{"href":"https:\/\/www.diarioimagen.net\/index.php?rest_route=\/wp\/v2\/posts"}],"about":[{"href":"https:\/\/www.diarioimagen.net\/index.php?rest_route=\/wp\/v2\/types\/post"}],"author":[{"embeddable":true,"href":"https:\/\/www.diarioimagen.net\/index.php?rest_route=\/wp\/v2\/users\/3"}],"replies":[{"embeddable":true,"href":"https:\/\/www.diarioimagen.net\/index.php?rest_route=%2Fwp%2Fv2%2Fcomments&post=514788"}],"version-history":[{"count":0,"href":"https:\/\/www.diarioimagen.net\/index.php?rest_route=\/wp\/v2\/posts\/514788\/revisions"}],"wp:featuredmedia":[{"embeddable":true,"href":"https:\/\/www.diarioimagen.net\/index.php?rest_route=\/wp\/v2\/media\/514879"}],"wp:attachment":[{"href":"https:\/\/www.diarioimagen.net\/index.php?rest_route=%2Fwp%2Fv2%2Fmedia&parent=514788"}],"wp:term":[{"taxonomy":"category","embeddable":true,"href":"https:\/\/www.diarioimagen.net\/index.php?rest_route=%2Fwp%2Fv2%2Fcategories&post=514788"},{"taxonomy":"post_tag","embeddable":true,"href":"https:\/\/www.diarioimagen.net\/index.php?rest_route=%2Fwp%2Fv2%2Ftags&post=514788"}],"curies":[{"name":"wp","href":"https:\/\/api.w.org\/{rel}","templated":true}]}}