{"id":514789,"date":"2021-07-23T00:03:25","date_gmt":"2021-07-23T05:03:25","guid":{"rendered":"https:\/\/www.diarioimagen.net\/?p=514789"},"modified":"2021-07-23T05:10:57","modified_gmt":"2021-07-23T10:10:57","slug":"el-alcalde-electo-pedro-rodriguez-apoya-a-damnificados-de-inundaciones-en-atizapan","status":"publish","type":"post","link":"https:\/\/www.diarioimagen.net\/?p=514789","title":{"rendered":"El alcalde electo Pedro Rodr\u00edguez apoya a damnificados de inundaciones, en Atizap\u00e1n"},"content":{"rendered":"<p>&nbsp;<\/p>\n<ul>\n<li><strong><em>Entrega despensas y enseres dom\u00e9sticos<\/em><\/strong><\/li>\n<\/ul>\n<p>&nbsp;<\/p>\n<div id=\"attachment_514881\" style=\"width: 470px\" class=\"wp-caption aligncenter\"><a href=\"https:\/\/www.diarioimagen.net\/?attachment_id=514881\" rel=\"attachment wp-att-514881\"><img loading=\"lazy\" decoding=\"async\" aria-describedby=\"caption-attachment-514881\" class=\"size-full wp-image-514881\" src=\"https:\/\/www.diarioimagen.net\/wp-content\/uploads\/2021\/07\/atizapan-3.jpg\" alt=\"\" width=\"460\" height=\"270\" \/><\/a><p id=\"caption-attachment-514881\" class=\"wp-caption-text\">El alcalde electo Pedro Rodr\u00edguez entreg\u00f3 despensas, ropa, colchones y enseres dom\u00e9sticos en las colonias San Jos\u00e9 el Jaral y El Potrero, Calacoaya, Pocitos, El Capul\u00edn, entre otras.<\/p><\/div>\n<p>&nbsp;<\/p>\n<p><strong>Atizap\u00e1n de Zaragoza, Estado de M\u00e9xico<\/strong>.- El alcalde electo de Atizap\u00e1n de Zaragoza, Pedro Rodr\u00edguez Villegas, no pod\u00eda quedarse con los brazos cruzados ante los requerimientos de los damnificados de las recientes inundaciones que afectaron territorio de esta localidad, y dio marcha a una jornada de apoyo a quienes padecieron da\u00f1os en sus hogares.<\/p>\n<p>Rodr\u00edguez, as\u00ed como personal del Consejo C\u00edvico que fund\u00f3 hace un par de d\u00e9cadas, dispuso la entrega, primeramente, de materiales de limpieza y diversos art\u00edculos, para contribuir a la restauraci\u00f3n de actividades en el Hospital \u201cSalvador Gonz\u00e1lez Herrej\u00f3n\u201d.<\/p>\n<p>En este mismo sentido, y posteriormente la ayuda lleg\u00f3 al Hospital Materno-Infantil, en donde tambi\u00e9n se entregaron insumos para la limpieza y hacer expeditas las labores para reanudar las actividades del nosocomio lo m\u00e1s pronto posible.<\/p>\n<p>En decenas de casas-habitaci\u00f3n, donde el agua rebas\u00f3 m\u00e1s de un metro de altura, el presidente municipal electo, llev\u00f3 con su equipo de trabajo, despensas de la canasta b\u00e1sica, ropa, colchones y enseres dom\u00e9sticos a los afectados, sobre todo de las colonias San Jos\u00e9 el Jaral y El Potrero, Calacoaya, Pocitos, El Capul\u00edn, entre otras.<\/p>\n<p>Dicho Consejo C\u00edvico de Atizap\u00e1n entr\u00f3 en operaci\u00f3n al d\u00eda siguiente de los hechos catastr\u00f3ficos que caus\u00f3 la intensa lluvia, en d\u00edas pasados.<\/p>\n<p>Hoy en d\u00eda, no hay descanso alguno para la agrupaci\u00f3n, ya que, al empezar a funcionar la ayuda, en un principio en donde fuera la casa de campa\u00f1a del ex candidato de la Alianza PAN-PRI-PRD, se han ido instalando cuatro centros de acopio de ayuda voluntaria de los mismos Atizapenses, donde se aceptan los donativos en especie, que han sido inmediatamente enviados a los damnificados por la contingencia.<\/p>\n<p>Cabe se\u00f1alar que los centros de acopio de ayuda a damnificados est\u00e1n ubicados en el Centro Comercial de Las Alamedas, en el Chedraui Atizap\u00e1n Centro, en la Zona Esmeralda y en las oficinas centrales de dicho Consejo C\u00edvico.<\/p>\n<p>As\u00ed, ropa, abarrotes, frutas y verduras, al igual que productos de limpieza e higiene personal, son preparados y separados en paquetes, para destinarlos a las familias de comunidades afectadas por el fen\u00f3meno pluvial.<\/p>\n<p>Con esta iniciativa de Pedro Rodr\u00edguez Villegas, presidente municipal electo, quien tomar\u00e1 posesi\u00f3n el pr\u00f3ximo primero de enero de 2022, se demuestra que la generosidad ciudadana, se mantiene en momentos en que la necesidad del mismo pueblo, la cubre tambi\u00e9n el mismo pueblo, y que solo hace falta quien la organice, como fue esta propuesta del pr\u00f3ximo alcalde.<\/p>\n","protected":false},"excerpt":{"rendered":"<p>El alcalde electo de Atizap\u00e1n de Zaragoza, Pedro Rodr\u00edguez Villegas, no pod\u00eda quedarse con los brazos cruzados ante los requerimientos de los damnificados de las recientes inundaciones que afectaron territorio de esta localidad, y dio marcha a una jornada de apoyo a quienes padecieron da\u00f1os en sus hogares.<\/p>\n","protected":false},"author":3,"featured_media":514881,"comment_status":"open","ping_status":"open","sticky":false,"template":"","format":"standard","meta":{"_monsterinsights_skip_tracking":false,"_monsterinsights_sitenote_active":false,"_monsterinsights_sitenote_note":"","_monsterinsights_sitenote_category":0,"footnotes":""},"categories":[5],"tags":[3561,1966,43675],"class_list":["post-514789","post","type-post","status-publish","format-standard","has-post-thumbnail","hentry","category-estado-de-mexico","tag-atizapan-de-zaragoza","tag-damnificados","tag-estado-de-mexico"],"_links":{"self":[{"href":"https:\/\/www.diarioimagen.net\/index.php?rest_route=\/wp\/v2\/posts\/514789","targetHints":{"allow":["GET"]}}],"collection":[{"href":"https:\/\/www.diarioimagen.net\/index.php?rest_route=\/wp\/v2\/posts"}],"about":[{"href":"https:\/\/www.diarioimagen.net\/index.php?rest_route=\/wp\/v2\/types\/post"}],"author":[{"embeddable":true,"href":"https:\/\/www.diarioimagen.net\/index.php?rest_route=\/wp\/v2\/users\/3"}],"replies":[{"embeddable":true,"href":"https:\/\/www.diarioimagen.net\/index.php?rest_route=%2Fwp%2Fv2%2Fcomments&post=514789"}],"version-history":[{"count":0,"href":"https:\/\/www.diarioimagen.net\/index.php?rest_route=\/wp\/v2\/posts\/514789\/revisions"}],"wp:featuredmedia":[{"embeddable":true,"href":"https:\/\/www.diarioimagen.net\/index.php?rest_route=\/wp\/v2\/media\/514881"}],"wp:attachment":[{"href":"https:\/\/www.diarioimagen.net\/index.php?rest_route=%2Fwp%2Fv2%2Fmedia&parent=514789"}],"wp:term":[{"taxonomy":"category","embeddable":true,"href":"https:\/\/www.diarioimagen.net\/index.php?rest_route=%2Fwp%2Fv2%2Fcategories&post=514789"},{"taxonomy":"post_tag","embeddable":true,"href":"https:\/\/www.diarioimagen.net\/index.php?rest_route=%2Fwp%2Fv2%2Ftags&post=514789"}],"curies":[{"name":"wp","href":"https:\/\/api.w.org\/{rel}","templated":true}]}}