{"id":514794,"date":"2021-07-23T00:01:37","date_gmt":"2021-07-23T05:01:37","guid":{"rendered":"https:\/\/www.diarioimagen.net\/?p=514794"},"modified":"2021-07-23T05:20:49","modified_gmt":"2021-07-23T10:20:49","slug":"tlalnepantla-aplicara-segunda-dosis-contra-covid-19-a-personas-de-50-a-59-anos","status":"publish","type":"post","link":"https:\/\/www.diarioimagen.net\/?p=514794","title":{"rendered":"Tlalnepantla aplicar\u00e1 segunda dosis contra Covid-19 a personas de 50 a 59 a\u00f1os"},"content":{"rendered":"<p>&nbsp;<\/p>\n<p><a href=\"https:\/\/www.diarioimagen.net\/?attachment_id=514887\" rel=\"attachment wp-att-514887\"><img loading=\"lazy\" decoding=\"async\" class=\"aligncenter size-full wp-image-514887\" src=\"https:\/\/www.diarioimagen.net\/wp-content\/uploads\/2021\/07\/tlalnepantla-11.jpg\" alt=\"\" width=\"460\" height=\"460\" \/><\/a><\/p>\n<p>&nbsp;<\/p>\n<p><strong>Tlalnepantla, Estado de M\u00e9xico<\/strong><strong>.\u2013<\/strong> La aplicaci\u00f3n de la segunda dosis de la vacuna contra Covid-19 para adultos de 50 a 59 a\u00f1os que residen en el municipio de Tlalnepantla se realizar\u00e1 del lunes 26 al viernes 30 de julio, de acuerdo con el Plan Nacional de Vacunaci\u00f3n del Gobierno Federal.<\/p>\n<p>Las personas cuyo primer apellido comience con las letras A, B, C, D y E recibir\u00e1n la dosis el lunes 26 de julio; las letras F, G, H, I y J el 27 de julio; K, L, M, N y \u00d1 el d\u00eda 28; O, P, Q, R, S y T el jueves 29 y el viernes 30, las letras U, V, W, X, Y y Z. En caso de no poder asistir en la fecha correspondiente, se podr\u00e1 asistir los d\u00edas posteriores.<\/p>\n","protected":false},"excerpt":{"rendered":"<p>La aplicaci\u00f3n de la segunda dosis de la vacuna contra Covid-19 para adultos de 50 a 59 a\u00f1os que residen en el municipio de Tlalnepantla se realizar\u00e1 del lunes 26 al viernes 30 de julio, de acuerdo con el Plan Nacional de Vacunaci\u00f3n del Gobierno Federal.<\/p>\n","protected":false},"author":3,"featured_media":514887,"comment_status":"open","ping_status":"open","sticky":false,"template":"","format":"standard","meta":{"_monsterinsights_skip_tracking":false,"_monsterinsights_sitenote_active":false,"_monsterinsights_sitenote_note":"","_monsterinsights_sitenote_category":0,"footnotes":""},"categories":[5],"tags":[90021,43675,169],"class_list":["post-514794","post","type-post","status-publish","format-standard","has-post-thumbnail","hentry","category-estado-de-mexico","tag-covid-19","tag-estado-de-mexico","tag-tlalnepantla"],"_links":{"self":[{"href":"https:\/\/www.diarioimagen.net\/index.php?rest_route=\/wp\/v2\/posts\/514794","targetHints":{"allow":["GET"]}}],"collection":[{"href":"https:\/\/www.diarioimagen.net\/index.php?rest_route=\/wp\/v2\/posts"}],"about":[{"href":"https:\/\/www.diarioimagen.net\/index.php?rest_route=\/wp\/v2\/types\/post"}],"author":[{"embeddable":true,"href":"https:\/\/www.diarioimagen.net\/index.php?rest_route=\/wp\/v2\/users\/3"}],"replies":[{"embeddable":true,"href":"https:\/\/www.diarioimagen.net\/index.php?rest_route=%2Fwp%2Fv2%2Fcomments&post=514794"}],"version-history":[{"count":0,"href":"https:\/\/www.diarioimagen.net\/index.php?rest_route=\/wp\/v2\/posts\/514794\/revisions"}],"wp:featuredmedia":[{"embeddable":true,"href":"https:\/\/www.diarioimagen.net\/index.php?rest_route=\/wp\/v2\/media\/514887"}],"wp:attachment":[{"href":"https:\/\/www.diarioimagen.net\/index.php?rest_route=%2Fwp%2Fv2%2Fmedia&parent=514794"}],"wp:term":[{"taxonomy":"category","embeddable":true,"href":"https:\/\/www.diarioimagen.net\/index.php?rest_route=%2Fwp%2Fv2%2Fcategories&post=514794"},{"taxonomy":"post_tag","embeddable":true,"href":"https:\/\/www.diarioimagen.net\/index.php?rest_route=%2Fwp%2Fv2%2Ftags&post=514794"}],"curies":[{"name":"wp","href":"https:\/\/api.w.org\/{rel}","templated":true}]}}