{"id":514843,"date":"2021-07-23T00:03:56","date_gmt":"2021-07-23T05:03:56","guid":{"rendered":"https:\/\/www.diarioimagen.net\/?p=514843"},"modified":"2021-07-23T04:19:22","modified_gmt":"2021-07-23T09:19:22","slug":"otro-grupo-priista","status":"publish","type":"post","link":"https:\/\/www.diarioimagen.net\/?p=514843","title":{"rendered":"Otro grupo priista"},"content":{"rendered":"<h2>Espacio Electoral<\/h2>\n<h5>Eleazar Flores<\/h5>\n<p>&nbsp;<\/p>\n<p><strong>GENTE SERIA-.<\/strong> Ahora surge otro grupo priista que, una vez m\u00e1s, busca una famosa REFUNDACI\u00d3N, cuyo punto final es quitar a la actual dirigencia encabezada por el presidente Alejandro Moreno y la secretaria general, Carolina Viggiano.<\/p>\n<p>El motivo es que ambos, diputados federales plurinominales, se dediquen a su labor legislativa y unos nuevos dirigentes de TIEMPO COMPLETO para buscar el resurgimiento del tricolor, algo as\u00ed como un cuarto partido en un mundial de futbol.<\/p>\n<p>Fernando Lerdo de Tejada, ex de muchas \u00e1reas de gobierno, entre ellas vocero presidencial, parece encabezar este tit\u00e1nico esfuerzo y tomando en cuenta el terreno cuesta arriba, hasta deber\u00edan agradecerle este esfuerzo en lugar de verlo como divisionismo como el de Ulises Ruiz.<\/p>\n<p>Entre el movimiento de \u00e9ste -aparentemente apagado-, y el de Fernando Lerdo de Tejada, no se centra en el insulto personal o colectivo contra la dirigencia actual, simplemente inconformarse con las dirigentes, seguramente por los p\u00edrricos resultados electorales del pasado 6 de junio<\/p>\n<p>RECUENTO-. De los m\u00e1s de 2 mil cargos de elecci\u00f3n que se disputaron en las elecciones intermedias con quinientas diputaciones federales adem\u00e1s comicios locales con gubernaturas, diputaciones y alcald\u00edas de por medio, el PRI fue el partido que obtuvo menos cargos, incluyendo a su aliancista PAN y s\u00f3lo arriba del casi extinto PRD.<\/p>\n<p>Con decirle que el PAN s\u00ed gan\u00f3 gubernaturas lo que el PRI no.<\/p>\n<p>Seguramente a lo anterior se debe que priistas preparados y con experiencia pidan a Alejandro Moreno y a Carolina Viggiano dejen sus cargos lo antes posible para que quienes lleguen realmente dediquen tiempo completo a la REFUNDACI\u00d3N de su partido.<\/p>\n<p>No creo que se ponga en la mesa de la exigencia el salario que como legisladores tendr\u00e1n <em>Alito<\/em> y <em>Caro<\/em>, para ellos esto pasa a segundo t\u00e9rmino por jugoso que fuese, igual que el que devengan como dirigentes.<\/p>\n<p>Adem\u00e1s de Fernando Lerdo de Tejada, otros miembros de este grupo de peticionario de cambio tricolor son la regiomontana Rosario Guerra, Margarita S\u00e1nchez, Rogelio Montemayor Marco Antonio Michel, Jos\u00e9 Monroy Zorrivas, Jes\u00fas Toledano, ex dirigente capitalino tricolor, Fernando Pe\u00f1a Garavito y Sadot S\u00e1nchez Carre\u00f1o.<\/p>\n<p>En comparaci\u00f3n con las demandas del oaxaque\u00f1o Ulises Ruiz y dem\u00e1s simpatizantes hay diferencias hasta en el procedimiento pero un prop\u00f3sito com\u00fan, la salida de Alejandro Moreno C\u00e1rdenas y Carolina Viggiano, que para tricolores de hueso colorado, que los hay y muchos, esta dirigencia no tiene argumentos de defensa.<\/p>\n<p>El PRI ocupaba el tercer lugar antes de las acciones del 6 de junio y ahora sigue en el mismo lugar, con un consuelo m\u00ednimo consistente en recuperar algunas alcald\u00edas importantes del pa\u00eds, pero no solo sino en alianza con panistas y perredistas.<\/p>\n<p><em><a href=\"mailto:elefa44@gmail.com\" target=\"_blank\" rel=\"noopener noreferrer\">elefa44@gmail.com<\/a><\/em><\/p>\n","protected":false},"excerpt":{"rendered":"<p><span style=\"color: #005497;\"><strong>Eleazar Flores<\/strong><\/span><\/p>\n","protected":false},"author":3,"featured_media":0,"comment_status":"open","ping_status":"open","sticky":false,"template":"","format":"standard","meta":{"_monsterinsights_skip_tracking":false,"_monsterinsights_sitenote_active":false,"_monsterinsights_sitenote_note":"","_monsterinsights_sitenote_category":0,"footnotes":""},"categories":[81743],"tags":[81744,81776,43674],"class_list":["post-514843","post","type-post","status-publish","format-standard","hentry","category-eleazar-flores","tag-eleazar-flores","tag-espacio-electoral","tag-opinion"],"_links":{"self":[{"href":"https:\/\/www.diarioimagen.net\/index.php?rest_route=\/wp\/v2\/posts\/514843","targetHints":{"allow":["GET"]}}],"collection":[{"href":"https:\/\/www.diarioimagen.net\/index.php?rest_route=\/wp\/v2\/posts"}],"about":[{"href":"https:\/\/www.diarioimagen.net\/index.php?rest_route=\/wp\/v2\/types\/post"}],"author":[{"embeddable":true,"href":"https:\/\/www.diarioimagen.net\/index.php?rest_route=\/wp\/v2\/users\/3"}],"replies":[{"embeddable":true,"href":"https:\/\/www.diarioimagen.net\/index.php?rest_route=%2Fwp%2Fv2%2Fcomments&post=514843"}],"version-history":[{"count":0,"href":"https:\/\/www.diarioimagen.net\/index.php?rest_route=\/wp\/v2\/posts\/514843\/revisions"}],"wp:attachment":[{"href":"https:\/\/www.diarioimagen.net\/index.php?rest_route=%2Fwp%2Fv2%2Fmedia&parent=514843"}],"wp:term":[{"taxonomy":"category","embeddable":true,"href":"https:\/\/www.diarioimagen.net\/index.php?rest_route=%2Fwp%2Fv2%2Fcategories&post=514843"},{"taxonomy":"post_tag","embeddable":true,"href":"https:\/\/www.diarioimagen.net\/index.php?rest_route=%2Fwp%2Fv2%2Ftags&post=514843"}],"curies":[{"name":"wp","href":"https:\/\/api.w.org\/{rel}","templated":true}]}}